{"id":141856,"date":"2021-10-01T08:00:00","date_gmt":"2021-10-01T07:00:00","guid":{"rendered":"http:\/\/www.tucomarca.com\/wordpress\/segunda\/?p=141856"},"modified":"2021-10-02T10:52:09","modified_gmt":"2021-10-02T09:52:09","slug":"el-65-de-lenergia-consumida-a-lhospital-de-manises-prove-de-fonts-renovables","status":"publish","type":"post","link":"https:\/\/tucomarca.whitekongsoftware.com\/ca\/el-65-de-lenergia-consumida-a-lhospital-de-manises-prove-de-fonts-renovables\/","title":{"rendered":"El 65% de l&#8217;energia consumida a l&#8217;Hospital de Manises prov\u00e9 de fonts renovables"},"content":{"rendered":"\n<h4 class=\"wp-block-heading\">Per a aconseguir-lo, el centre sanitari ha substitu\u00eft el subministrament d&#8217;energia el\u00e8ctrica per un provinent de fonts renovables<\/h4>\n\n\n\n<h4 class=\"wp-block-heading\">A m\u00e9s, en 2020 el consum que m\u00e9s s&#8217;ha redu\u00eft ha sigut el del gas natural, principal focus d&#8217;energia no renovable, que ha baixat en un 13% respecte a l&#8217;any anterior<\/h4>\n\n\n\n<h4 class=\"wp-block-heading\">Ricardo Trujillo: \u201cPortem anys realitzant actuacions en totes les nostres \u00e0rees de consum d&#8217;energia per a contribuir a un sistema sanitari sostenible i respectu\u00f3s amb el medi ambient, en l\u00ednia a la salut de les persones\u201d<\/h4>\n\n\n\n<p class=\"wp-block-paragraph\">L&#8217;Hospital de Manises continua apostant per un Programa d&#8217;Efici\u00e8ncia Energ\u00e8tica contribuint no sols a l&#8217;estalvi sin\u00f3 tamb\u00e9 al cuidant del medi ambient en l\u00ednia amb la salut de les persones. Aquesta l\u00ednia d&#8217;actuaci\u00f3 es tradueix, entre altres coses, en una disminuci\u00f3 considerable en el consum d&#8217;energia del centre hospitalari fent que un 65% de les energies consumides siguen renovables. Per a aix\u00f2, el centre sanitari va substituir el subministrament d&#8217;energia el\u00e8ctrica per un provinent de fonts renovables.<\/p>\n\n\n\n<p class=\"wp-block-paragraph\">Prova d&#8217;aix\u00f2 \u00e9s que durant 2020 la despesa que m\u00e9s s&#8217;ha redu\u00eft ha sigut el del gas natural que ha baixat en un 13% respecte a l&#8217;any anterior. \u201cPortem anys realitzant actuacions en totes les nostres \u00e0rees de consum d&#8217;energia per a contribuir a un sistema sanitari sostenible i respectu\u00f3s amb el medi ambient, en l\u00ednia a la salut de les persones\u201d, explica el doctor Ricardo Trujillo, gerent del Departament de Salut de Manises.<\/p>\n\n\n\n<p class=\"wp-block-paragraph\">\u201cLes xifres de reducci\u00f3 de consum energ\u00e8tic i de generaci\u00f3 d&#8217;energies renovables ha sigut possible gr\u00e0cies a una gesti\u00f3 eficient de les instal\u00b7lacions de climatitzaci\u00f3, aigua calenta sanit\u00e0ria i il\u00b7luminaci\u00f3. Consumir menys \u00e9s important, per\u00f2 en el nostre cas, fer-lo de manera eficient \u00e9s clau ja la nostra activitat \u00e9s cont\u00ednua a qualsevol hora, tots els dies de l&#8217;any\u201d, explica Iv\u00e1n Ruiz, responsable d&#8217;Infraestructures del Departament de Salut de Manises. A m\u00e9s, Iv\u00e1n afirma que \u201caquest tipus de mesures suposa no sols afermar el nostre comprom\u00eds amb el medi ambient, sin\u00f3 tamb\u00e9 amb la salut del planeta en l\u00ednia amb la salut de les persones\u201d.<\/p>\n\n\n\n<p class=\"wp-block-paragraph\"><\/p>\n","protected":false},"excerpt":{"rendered":"<div class=\"mh-excerpt\">Per a aconseguir-lo, el centre sanitari ha substitu\u00eft el subministrament d&#8217;energia el\u00e8ctrica per un provinent de fonts renovables A m\u00e9s, en 2020 el consum que m\u00e9s s&#8217;ha redu\u00eft ha sigut el del gas natural, principal <a class=\"mh-excerpt-more\" href=\"https:\/\/tucomarca.whitekongsoftware.com\/ca\/el-65-de-lenergia-consumida-a-lhospital-de-manises-prove-de-fonts-renovables\/\" title=\"El 65% de l&#8217;energia consumida a l&#8217;Hospital de Manises prov\u00e9 de fonts renovables\">[+] <\/a><\/div>\n","protected":false},"author":12,"featured_media":122203,"comment_status":"open","ping_status":"open","sticky":false,"template":"","format":"standard","meta":{"footnotes":""},"categories":[10973,10911,10892,10898,10977,10980,10948,10904,10912,10902,10931,10978,10906,11047,10974,10975],"tags":[12221,11092],"class_list":["post-141856","post","type-post","status-publish","format-standard","has-post-thumbnail","category-alborache-ca","category-bunol-ca","category-camp-de-turia-ca","category-ventana-ca","category-godelleta-ca","category-yatova-ca","category-infraestructuras-ca","category-sin-categorizar-ca","category-la-hoya-ca","category-la-ribera-ca","category-loriguilla-ca","category-macastre-ca","category-riba-roja-ca","category-turis-ca","category-cheste-ca","category-chiva-ca","tag-departamento-de-salud-de-manises-ca","tag-hospital-de-manises-ca"],"_links":{"self":[{"href":"https:\/\/tucomarca.whitekongsoftware.com\/ca\/wp-json\/wp\/v2\/posts\/141856","targetHints":{"allow":["GET"]}}],"collection":[{"href":"https:\/\/tucomarca.whitekongsoftware.com\/ca\/wp-json\/wp\/v2\/posts"}],"about":[{"href":"https:\/\/tucomarca.whitekongsoftware.com\/ca\/wp-json\/wp\/v2\/types\/post"}],"author":[{"embeddable":true,"href":"https:\/\/tucomarca.whitekongsoftware.com\/ca\/wp-json\/wp\/v2\/users\/12"}],"replies":[{"embeddable":true,"href":"https:\/\/tucomarca.whitekongsoftware.com\/ca\/wp-json\/wp\/v2\/comments?post=141856"}],"version-history":[{"count":0,"href":"https:\/\/tucomarca.whitekongsoftware.com\/ca\/wp-json\/wp\/v2\/posts\/141856\/revisions"}],"wp:featuredmedia":[{"embeddable":true,"href":"https:\/\/tucomarca.whitekongsoftware.com\/ca\/wp-json\/wp\/v2\/media\/122203"}],"wp:attachment":[{"href":"https:\/\/tucomarca.whitekongsoftware.com\/ca\/wp-json\/wp\/v2\/media?parent=141856"}],"wp:term":[{"taxonomy":"category","embeddable":true,"href":"https:\/\/tucomarca.whitekongsoftware.com\/ca\/wp-json\/wp\/v2\/categories?post=141856"},{"taxonomy":"post_tag","embeddable":true,"href":"https:\/\/tucomarca.whitekongsoftware.com\/ca\/wp-json\/wp\/v2\/tags?post=141856"}],"curies":[{"name":"wp","href":"https:\/\/api.w.org\/{rel}","templated":true}]}}