{"id":141758,"date":"2021-09-30T10:30:00","date_gmt":"2021-09-30T09:30:00","guid":{"rendered":"http:\/\/www.tucomarca.com\/wordpress\/segunda\/?p=141758"},"modified":"2021-09-30T19:54:06","modified_gmt":"2021-09-30T18:54:06","slug":"dosaigues-celebrara-el-proxim-10-doctubre-la-seua-v-fira-gastronomica-i-artesanal","status":"publish","type":"post","link":"https:\/\/tucomarca.whitekongsoftware.com\/ca\/dosaigues-celebrara-el-proxim-10-doctubre-la-seua-v-fira-gastronomica-i-artesanal\/","title":{"rendered":"Dosaig\u00fces celebrar\u00e0 el pr\u00f2xim 10 d&#8217;octubre la seua V Fira Gastron\u00f2mica i Artesanal"},"content":{"rendered":"\n<p class=\"wp-block-paragraph\">La poblaci\u00f3 de Dosaig\u00fces celebrar\u00e0 dissabte que ve, 10 d&#8217;octubre, la seua V Fira Gastron\u00f2mica i Artesanal, en aquesta jornada festiva es podr\u00e0 gaudir d&#8217;una varietat d&#8217;atraccions tur\u00edstiques, aix\u00ed com l&#8217;estupenda gastronomia i productes de la zona, exhibicions de tir amb arc, passejos a cavall i artesania.<\/p>\n\n\n\n<p class=\"wp-block-paragraph\"><strong>Dos Aguas plantar\u00e1 su Falla de la Diputaci\u00f3n<\/strong><\/p>\n\n\n\n<p class=\"wp-block-paragraph\">La Diputaci\u00f3 de Val\u00e8ncia y el Gremio de Artistas Falleros plantar\u00e1n monumentos en una treintena de municipios de la provincia que no tienen tradici\u00f3n fallera. Se plantar\u00e1n durante la festividad del 9 d\u2019Octubre o los d\u00edas previos a la celebraci\u00f3n del d\u00eda grande de la Comunitat.<\/p>\n\n\n\n<p class=\"wp-block-paragraph\">Los monumentos subvencionados por la Diputaci\u00f3n, creados en 29 talleres valencianos se plantar\u00e1n en 30 municipios de la Comunitat.<\/p>\n\n\n\n<figure class=\"wp-block-image size-large\"><img loading=\"lazy\" decoding=\"async\" width=\"730\" height=\"1024\" src=\"http:\/\/www.tucomarca.com\/wordpress\/segunda\/wp-content\/uploads\/2021\/09\/DosAguasFalla-730x1024.jpg\" alt=\"\" class=\"wp-image-141779\" srcset=\"https:\/\/tucomarca.whitekongsoftware.com\/wp-content\/uploads\/2021\/09\/DosAguasFalla-730x1024.jpg 730w, https:\/\/tucomarca.whitekongsoftware.com\/wp-content\/uploads\/2021\/09\/DosAguasFalla-214x300.jpg 214w, https:\/\/tucomarca.whitekongsoftware.com\/wp-content\/uploads\/2021\/09\/DosAguasFalla-768x1077.jpg 768w, https:\/\/tucomarca.whitekongsoftware.com\/wp-content\/uploads\/2021\/09\/DosAguasFalla.jpg 886w\" sizes=\"auto, (max-width: 730px) 100vw, 730px\" \/><\/figure>\n","protected":false},"excerpt":{"rendered":"<div class=\"mh-excerpt\">La poblaci\u00f3 de Dosaig\u00fces celebrar\u00e0 dissabte que ve, 10 d&#8217;octubre, la seua V Fira Gastron\u00f2mica i Artesanal, en aquesta jornada festiva es podr\u00e0 gaudir d&#8217;una varietat d&#8217;atraccions tur\u00edstiques, aix\u00ed com l&#8217;estupenda gastronomia i productes de <a class=\"mh-excerpt-more\" href=\"https:\/\/tucomarca.whitekongsoftware.com\/ca\/dosaigues-celebrara-el-proxim-10-doctubre-la-seua-v-fira-gastronomica-i-artesanal\/\" title=\"Dosaig\u00fces celebrar\u00e0 el pr\u00f2xim 10 d&#8217;octubre la seua V Fira Gastron\u00f2mica i Artesanal\">[+] <\/a><\/div>\n","protected":false},"author":12,"featured_media":141757,"comment_status":"open","ping_status":"open","sticky":false,"template":"","format":"standard","meta":{"footnotes":""},"categories":[11019,10976,10894,10912,11007,10896],"tags":[14234,10914,15543],"class_list":["post-141758","post","type-post","status-publish","format-standard","has-post-thumbnail","category-agenda-ca","category-dos-aguas-ca","category-la-comarca-ca","category-la-hoya-ca","category-ocio-y-cultura-ca","category-seccion-ca","tag-ayuntamiento-de-dos-aguas-ca","tag-la-hoya-de-bunol-chiva-ca","tag-v-feria-gastronomica-y-artesanal-ca"],"_links":{"self":[{"href":"https:\/\/tucomarca.whitekongsoftware.com\/ca\/wp-json\/wp\/v2\/posts\/141758","targetHints":{"allow":["GET"]}}],"collection":[{"href":"https:\/\/tucomarca.whitekongsoftware.com\/ca\/wp-json\/wp\/v2\/posts"}],"about":[{"href":"https:\/\/tucomarca.whitekongsoftware.com\/ca\/wp-json\/wp\/v2\/types\/post"}],"author":[{"embeddable":true,"href":"https:\/\/tucomarca.whitekongsoftware.com\/ca\/wp-json\/wp\/v2\/users\/12"}],"replies":[{"embeddable":true,"href":"https:\/\/tucomarca.whitekongsoftware.com\/ca\/wp-json\/wp\/v2\/comments?post=141758"}],"version-history":[{"count":0,"href":"https:\/\/tucomarca.whitekongsoftware.com\/ca\/wp-json\/wp\/v2\/posts\/141758\/revisions"}],"wp:featuredmedia":[{"embeddable":true,"href":"https:\/\/tucomarca.whitekongsoftware.com\/ca\/wp-json\/wp\/v2\/media\/141757"}],"wp:attachment":[{"href":"https:\/\/tucomarca.whitekongsoftware.com\/ca\/wp-json\/wp\/v2\/media?parent=141758"}],"wp:term":[{"taxonomy":"category","embeddable":true,"href":"https:\/\/tucomarca.whitekongsoftware.com\/ca\/wp-json\/wp\/v2\/categories?post=141758"},{"taxonomy":"post_tag","embeddable":true,"href":"https:\/\/tucomarca.whitekongsoftware.com\/ca\/wp-json\/wp\/v2\/tags?post=141758"}],"curies":[{"name":"wp","href":"https:\/\/api.w.org\/{rel}","templated":true}]}}