{"id":141640,"date":"2021-09-27T15:00:00","date_gmt":"2021-09-27T14:00:00","guid":{"rendered":"http:\/\/www.tucomarca.com\/wordpress\/segunda\/?p=141640"},"modified":"2021-09-28T10:26:53","modified_gmt":"2021-09-28T09:26:53","slug":"ximo-puig-anuncia-la-fi-de-les-principals-restriccions-per-la-covid-19-per-a-impulsar-la-reactivacio-economica-i-consolidar-un-nou-estat-de-benestar","status":"publish","type":"post","link":"https:\/\/tucomarca.whitekongsoftware.com\/ca\/ximo-puig-anuncia-la-fi-de-les-principals-restriccions-per-la-covid-19-per-a-impulsar-la-reactivacio-economica-i-consolidar-un-nou-estat-de-benestar\/","title":{"rendered":"Ximo Puig anuncia la fi de les principals restriccions per la COVID-19 per a impulsar la reactivaci\u00f3 econ\u00f2mica i consolidar un nou estat de benestar"},"content":{"rendered":"\n<h4 class=\"wp-block-heading\">El president destaca en el debat de pol\u00edtica general l&#8217;aposta per un Green Deal Valenci\u00e0, el desenvolupament del nou estat de benestar, la reactivaci\u00f3 dels sectors productius i l&#8217;Estrat\u00e8gia d&#8217;Innovaci\u00f3 i Digitalitzaci\u00f3&nbsp;<br>Ratifica que el canvi del model de finan\u00e7ament \u00e9s &#8220;inajornable&#8221; i reitera que el transvasament Tajo-Segura \u00e9s &#8220;irrenunciable&#8221;&nbsp;<br>Refor\u00e7a la lluita contra el canvi clim\u00e0tic amb inversions en l&#8217;Albufera, m\u00e9s espais verds o la prevenci\u00f3 d&#8217;inundacions com les de la Vega Baixa&nbsp;<br>Anuncia que abans de final d&#8217;any iniciar\u00e0 el tr\u00e0mit amb el Govern d&#8217;Espanya per a gestionar els trens de rodalia i demana accelerar el Corredor Mediterrani&nbsp;<br>El titular de la Generalitat col\u00b7loca la Innovaci\u00f3 com un dels eixos centrals per a superar la crisi econ\u00f2mica&nbsp;<br>Ximo Puig detalla els projectes presentats a Europa per a la transformaci\u00f3 de la Comunitat Valenciana, amb una injecci\u00f3 de 21.200 milions fins a 2027&nbsp;<\/h4>\n\n\n\n<p class=\"wp-block-paragraph\">El president de la Generalitat, Ximo Puig, ha presentat durant la seua intervenci\u00f3 en el Debat de Pol\u00edtica General de les Corts les l\u00ednies estrat\u00e8giques en les quals se centrar\u00e0 l&#8217;acci\u00f3 del Consell per a consolidar la recuperaci\u00f3 econ\u00f2mica i la creaci\u00f3 d&#8217;ocupaci\u00f3 i enfortir l&#8217;estat de benestar valenci\u00e0.&nbsp;<\/p>\n\n\n\n<p class=\"wp-block-paragraph\">Entre les principals mesures que el Govern valenci\u00e0 posar\u00e0 en marxa per a transformar la Comunitat Valenciana, el president ha destacat l&#8217;aposta per la sostenibilitat a trav\u00e9s d&#8217;un &#8220;Green Deal valenci\u00e0&#8221;, el desenvolupament del nou estat de benestar, la reactivaci\u00f3 dels sectors productius i l&#8217;Estrat\u00e8gia d&#8217;Innovaci\u00f3 i Digitalitzaci\u00f3.&nbsp;<\/p>\n\n\n\n<p class=\"wp-block-paragraph\">Durant la seua intervenci\u00f3, el cap del Consell ha oferit bastir ponts amb un gran pacte d&#8217;unitat obert a tots per a la superaci\u00f3 de la pand\u00e8mia, i ha agra\u00eft a la societat valenciana la seua resposta a la pand\u00e8mia, mostrant el seu convenciment que la &#8220;immensa fortalesa demostrada&#8221; permetr\u00e0 &#8220;obrir un temps de creixement econ\u00f2mic i de prosperitat social sense precedents&#8221;.&nbsp;<\/p>\n\n\n\n<p class=\"wp-block-paragraph\">&#8220;Normalitat millorada&#8221;&nbsp;<\/p>\n\n\n\n<p class=\"wp-block-paragraph\">El cap del Consell ha anunciat la fi de les principals mesures restrictives acordat en la Mesa Interdepartamental per a la Prevenci\u00f3 i Actuaci\u00f3 davant la COVID-19, celebrada aquest mat\u00ed, i que estaran vigents fins al 9 d&#8217;octubre.&nbsp;<\/p>\n\n\n\n<p class=\"wp-block-paragraph\">En concret, ha destacat que, en hostaleria i oci nocturn, s&#8217;amplien els aforaments a l&#8217;interior fins al 75%, aix\u00ed com el nombre m\u00e0xim de persones per taula, que passa a ser de 10, i es permet l&#8217;\u00fas de la barra per a consumicions mentre es romanga assegut.&nbsp;<\/p>\n\n\n\n<p class=\"wp-block-paragraph\">Els establiments hostalers podran tancar segons la llic\u00e8ncia de cada local i els d&#8217;oci nocturn a les 5 del mat\u00ed. A m\u00e9s, en aquests \u00faltims es permet el ball davant del lloc preasignado.&nbsp;<\/p>\n\n\n\n<p class=\"wp-block-paragraph\">Aix\u00ed mateix, s&#8217;elimina el nombre m\u00e0xim de persones en esdeveniments esportius i en partits de lligues professionals de futbol i b\u00e0squet decau el nombre m\u00e0xim de persones espectadores, sent el l\u00edmit el 40% de l&#8217;aforament en pavellons i el 60% en estadis a l&#8217;aire lliure; decauen tamb\u00e9 les restriccions en comer\u00e7, cinemes, teatres, auditoris, museus i biblioteques, aix\u00ed com en seus festeres.&nbsp;<\/p>\n\n\n\n<p class=\"wp-block-paragraph\">Finalment, ha avan\u00e7at que s&#8217;iniciaran els contacte amb el sector de l&#8217;oci i dels festivals per a l&#8217;exig\u00e8ncia del &#8216;passaport COVID&#8217; de vacunaci\u00f3 en actes massius.&nbsp;<\/p>\n\n\n\n<p class=\"wp-block-paragraph\">Recuperaci\u00f3 econ\u00f2mica&nbsp;<\/p>\n\n\n\n<p class=\"wp-block-paragraph\">El president ha recordat en Les Corts a les 7.778 v\u00edctimes valencianes del coronavirus, sobre les que ha assegurat que &#8220;sempre portarem en el record&#8221;, i ha destacat que, &#8220;gr\u00e0cies a l&#8217;acci\u00f3 corresponsable&#8221; de la societat, en la Comunitat Valenciana s&#8217;han salvat m\u00e9s vides i llocs de treball que en altres territoris.&nbsp;<\/p>\n\n\n\n<p class=\"wp-block-paragraph\">El president ha manifestat que, malgrat haver patit &#8220;la pitjor pand\u00e8mia de la hist\u00f2ria&#8221;, actualment hi ha 285.000 afiliats m\u00e9s a la Seguretat Social que en 2015, la qual cosa suposa 3.350 nous llocs de treball cada mes i m\u00e9s de 100 al dia.&nbsp;<\/p>\n\n\n\n<p class=\"wp-block-paragraph\">D&#8217;igual manera, ha assenyalat que, en aquests sis anys de Govern, la Comunitat Valenciana \u00e9s l&#8217;autonomia que m\u00e9s ha crescut en turisme (27%), en producci\u00f3 industrial (9,5%) i en exportacions (38%), i que est\u00e0 recuperant nivells previs a la pand\u00e8mia gr\u00e0cies a &#8220;empresaris, aut\u00f2noms i treballadors&#8221;, aix\u00ed com als ERTO, les ajudes del Pla Resistir i &#8220;la confian\u00e7a generada per una acci\u00f3 institucional que ha prioritzat el di\u00e0leg, el pacte i la gesti\u00f3&#8221;.&nbsp;<\/p>\n\n\n\n<p class=\"wp-block-paragraph\">En l&#8217;aposta per la recuperaci\u00f3, el president ha recordat que el 87% de la poblaci\u00f3 valenciana ja t\u00e9 la pauta completa de dosi contra el coronavirus, la qual cosa converteix a la Comunitat Valenciana en una de les regions amb major percentatge de vacunaci\u00f3 del m\u00f3n. Per aix\u00f2, ha avan\u00e7at que a partir de dem\u00e0 cessar\u00e0 l&#8217;activitat en els centres de vacunaci\u00f3 massiva &#8220;despr\u00e9s d&#8217;haver complit la seua missi\u00f3&#8221;.&nbsp;<\/p>\n\n\n\n<p class=\"wp-block-paragraph\">21.200 milions per a la transformaci\u00f3 de la Comunitat&nbsp;<\/p>\n\n\n\n<p class=\"wp-block-paragraph\">El president ha destacat que la Comunitat Valenciana ja t\u00e9 assignats 21.200 milions d&#8217;euros fins a 2027 per a escometre els projectes que contribuiran a la recuperaci\u00f3 valenciana.&nbsp;<\/p>\n\n\n\n<p class=\"wp-block-paragraph\">En concret, ha explicat que 15.270 milions es rebran del programa europeu Next Generation, 2.754 milions del Marc Financer Pluriennal europeu, 526 dels programes europeus en concurr\u00e8ncia competitiva, i 2.650 milions de fons auton\u00f2mics i de l&#8217;Estat, la qual cosa ha assegurat que suposa rebre cinc vegades m\u00e9s recursos que els rebuts d&#8217;Europea en d\u00e8cada i mitja.&nbsp;<\/p>\n\n\n\n<p class=\"wp-block-paragraph\">&#8216;Green Deal Valenci\u00e0&#8217;&nbsp;<\/p>\n\n\n\n<p class=\"wp-block-paragraph\">Respecte a la consecuci\u00f3 del primer dels objective transformadors, el &#8216;Green Deal Valenci\u00e0&#8217;, el president ha anunciat sis actuacions, entre les quals destaca la recuperaci\u00f3 ambiental de l&#8217;Albufera; la construcci\u00f3 de la gigafactor\u00eda de bateries; la rehabilitaci\u00f3 de la xarxa de s\u00e9quies i azarbes de la Vega Baixa, amb una inversi\u00f3 de 129 milions a partir de 2022; la construcci\u00f3 d&#8217;un corredor verd de 14 quil\u00f2metres en l&#8217;\u00e0rea metropolitana de Val\u00e8ncia que connectar\u00e0 el Parc Natural del Riu T\u00faria amb el Parc Natural de l&#8217;Albufera ; la rehabilitaci\u00f3 de 37 edificis p\u00fablics i l&#8217;aposta per la mobilitat sostenible.&nbsp;<\/p>\n\n\n\n<p class=\"wp-block-paragraph\">En concret, ha anunciat que el Govern d&#8217;Espanya ja ha donat el seu suport al projecte per a la recuperaci\u00f3 ambiental de l&#8217;Albufera, dotat amb 600 milions d&#8217;euros, aix\u00ed com a la Gigafactor\u00eda Element de fabricaci\u00f3 de bateries i emmagatzematge d&#8217;energia impulsada per la Generalitat al costat de Power Electronics, que permetr\u00e0 crear 30.000 llocs de treball i eliminar 4,5 milions de tones de CO\u2082.&nbsp;<\/p>\n\n\n\n<p class=\"wp-block-paragraph\">Transfer\u00e8ncia de la gesti\u00f3 de Rodalia&nbsp;<\/p>\n\n\n\n<p class=\"wp-block-paragraph\">Quant a les actuacions per a reduir les emissions i potenciar el transport p\u00fablic, el president ha anunciat que el Consell sol\u00b7licitar\u00e0 formalment, abans que finalitze 2021, la transfer\u00e8ncia de la gesti\u00f3 del servei de Rodalia a la Generalitat, amb la garantia dels recursos humans, materials i financers, i amb la finalitat de millorar aquest servei.&nbsp;<\/p>\n\n\n\n<p class=\"wp-block-paragraph\">D&#8217;igual manera, el responsable del Consell ha anunciat un nou model de transport a demanda per als ve\u00efns i ve\u00efnes de les comarques en despoblaci\u00f3, que se sol\u00b7licitar\u00e0 amb un dia d&#8217;antelaci\u00f3 per tel\u00e8fon o APP, i es posar\u00e0 en marxa en 2022.&nbsp;<\/p>\n\n\n\n<p class=\"wp-block-paragraph\">D&#8217;altra banda, ha destacat la construcci\u00f3 de tres noves l\u00ednies de tramvia a Val\u00e8ncia, amb una inversi\u00f3 de 65 milions; el projecte de construcci\u00f3 per a la connexi\u00f3 del TRAM amb Sant Joan d&#8217;Alacant i Mutxamel, i l&#8217;estaci\u00f3 intermodal d&#8217;Alacant per 75 milions. Quant a les noves actuacions a Castell\u00f3 contemplen escometre el Bulevard de la Plana i la Ronda de Castell\u00f3 per 40 milions, i el pla de millora de freq\u00fc\u00e8ncies de Metrovalencia, dotat amb 235 milions, que comen\u00e7ar\u00e0 l&#8217;any vinent.&nbsp;<\/p>\n\n\n\n<p class=\"wp-block-paragraph\">Nou estat de benestar&nbsp;<\/p>\n\n\n\n<p class=\"wp-block-paragraph\">El cap del Consell ha assegurat que el nou estat de benestar s&#8217;assentisca sobre els pilars de la sanitat, l&#8217;educaci\u00f3, l&#8217;atenci\u00f3 social, el dret a un habitatge digne i la modernitzaci\u00f3 de la just\u00edcia.&nbsp;<\/p>\n\n\n\n<p class=\"wp-block-paragraph\">Entre les principals novetats en mat\u00e8ria sanit\u00e0ria, ha assenyalat el restabliment de l&#8217;atenci\u00f3 presencial en tots els centres de salut i d&#8217;especialitats a partir del 4 d&#8217;octubre, aix\u00ed com l&#8217;activaci\u00f3 d&#8217;un pla urgent per a l&#8217;atenci\u00f3 en salut mental de la inf\u00e0ncia i la joventut amb la contractaci\u00f3 de 69 professionals i 3 hospitals de dia, que s&#8217;ampliar\u00e0 amb el refor\u00e7 de 270 professionals i 10 hospitals de dia.&nbsp;<\/p>\n\n\n\n<p class=\"wp-block-paragraph\">Aix\u00ed mateix, entre les actuacions per al &#8220;desenvolupament del nou estat de benestar&#8221;, el cap del Consell s&#8217;ha referit als 658 milions d&#8217;euros que entre 2021 i 2023 s&#8217;invertiran per a continuar amb el Pla d&#8217;Infraestructures Sanit\u00e0ries Cr\u00e8ixer+, i ha avan\u00e7at que abans que finalitze l&#8217;any presentar\u00e0 el pr\u00f2xim model organitzatiu del sistema sanitari p\u00fablic articulat a trav\u00e9s del nou Servei Valenci\u00e0 de Salut&nbsp;<\/p>\n\n\n\n<p class=\"wp-block-paragraph\">Nou pla Edificant i pla estrat\u00e8gic d&#8217;impuls a la FP&nbsp;<\/p>\n\n\n\n<p class=\"wp-block-paragraph\">Quant a Educaci\u00f3, ha assenyalat que s&#8217;ampliar\u00e0 amb 700 milions d&#8217;euros el Pla Edificant fins a 2027, la qual cosa permetr\u00e0 que quan acabe la legislatura ja no existisquen &#8220;barracons cronificados&#8221;.&nbsp;<br>Tamb\u00e9 en mat\u00e8ria educativa, ha anunciat la universalitzaci\u00f3 de l&#8217;educaci\u00f3 de 2 a 3 anys abans que acabe la legislatura, la qual cosa suposar\u00e0 que tots els menors d&#8217;aquesta edat tindran una pla\u00e7a escolar gratu\u00efta, i continuar avan\u00e7ant en l&#8217;escolaritzaci\u00f3 dels menors d&#8217;1 i 2 anys mitjan\u00e7ant la concessi\u00f3 de 61 milions d&#8217;euros a trav\u00e9s del bo infantil.&nbsp;<\/p>\n\n\n\n<p class=\"wp-block-paragraph\">Les iniciatives en aquest \u00e0mbit es completaran amb la posada en marxa d&#8217;un Pla Estrat\u00e8gic d&#8217;Impuls a la Formaci\u00f3 Professional, dotat el primer any amb 31 milions d&#8217;euros per a &#8220;garantir ocupaci\u00f3 de qualitat per als joves i refor\u00e7ar la capacitat productiva de les empreses&#8221;.&nbsp;<\/p>\n\n\n\n<p class=\"wp-block-paragraph\">Finalment, el president ha mostrat el seu comprom\u00eds de dotar a les universitats valencianes d&#8217;un &#8220;horitz\u00f3 estable&#8221; per al seu finan\u00e7ament al llarg d&#8217;aquest curs.&nbsp;<\/p>\n\n\n\n<p class=\"wp-block-paragraph\">Pla Convivint d&#8217;Infraestructures Socials&nbsp;<\/p>\n\n\n\n<p class=\"wp-block-paragraph\">En el transcurs de la seua intervenci\u00f3, Puig ha destacat la inversi\u00f3 de 560 milions que es realitzar\u00e0 en els pr\u00f2xim quatre anys a trav\u00e9s del Pla Convivint d&#8217;Infraestructures Socials per a executar 247 noves actuacions en centres socials destinats a persones majors, amb diverses funcional, amb malalties mentals, per a xiquets i adolescents vulnerables i per a dones v\u00edctimes de viol\u00e8ncia masclista, que permetr\u00e0 habilitar 6.600 noves places p\u00fabliques assistencials.&nbsp;<\/p>\n\n\n\n<p class=\"wp-block-paragraph\">De la mateixa manera, ha assenyalat l'&#8221;obligaci\u00f3 primordial&#8221; de corregir les injust\u00edcies per ra\u00f3 de g\u00e8nere i per a aix\u00f2 ha avan\u00e7at la posada en marxa el Programa Alba, d&#8217;atenci\u00f3 a les v\u00edctimes d&#8217;explotaci\u00f3 en \u00e0mbits de prostituci\u00f3 o tracta; el refor\u00e7 dels Centres D\u00f3na 24 Hores; aix\u00ed com l&#8217;activaci\u00f3 de les oficines de den\u00fancia i assist\u00e8ncia a les v\u00edctimes de viol\u00e8ncia de g\u00e8nere a Alacant i Castell\u00f3.&nbsp;<\/p>\n\n\n\n<p class=\"wp-block-paragraph\">En aqueix sentit, el president ha avan\u00e7at el prop\u00f2sit de crear una llei valenciana d&#8217;Igualtat, una llei d&#8217;Accessibilitat Universal i Inclusiva i una tercera sobre Diversitat Familiar, aix\u00ed com posar en marxa una Estrat\u00e8gia d&#8217;Acompanyament enfront de la Soledat No Desitjada, que fomentar\u00e0 el voluntariat de la joventut per a convertir als majors sense companyia en mentors de joves amb problemes emocionals i socials.&nbsp;<\/p>\n\n\n\n<p class=\"wp-block-paragraph\">Sobre el quart pilar del nou estat del benestar, el president ha anunciat que la Generalitat impulsar\u00e0 un pla per a construir 2.457 habitatges p\u00fablics destinades al lloguer assequible, la qual cosa ha qualificat com una &#8220;gran operaci\u00f3 de col\u00b7laboraci\u00f3 p\u00fablic-privada&#8221; que comportar\u00e0 una inversi\u00f3 de 294 milions d&#8217;euros i impulsar\u00e0 el sector de la construcci\u00f3.&nbsp;<\/p>\n\n\n\n<p class=\"wp-block-paragraph\">Modernitzaci\u00f3 de la just\u00edcia&nbsp;<\/p>\n\n\n\n<p class=\"wp-block-paragraph\">Sobre la modernitzaci\u00f3 de la just\u00edcia, Puig ha ressaltat que, fins a l&#8217;any 2023, el Pla d&#8217;Infraestructures Judicials contempla la inversi\u00f3 de 280 milions d&#8217;euros per a la construcci\u00f3 i millora d&#8217;edificis; i s&#8217;ha referit al Pla d&#8217;Efici\u00e8ncia Energ\u00e8tica, aix\u00ed com al Pla de digitalitzaci\u00f3 de la Just\u00edcia Valenciana que avan\u00e7ar\u00e0 l&#8217;arribada de l&#8217;expedient electr\u00f2nic.&nbsp;<\/p>\n\n\n\n<p class=\"wp-block-paragraph\">Finalment ha anunciat la creaci\u00f3 de les Oficines d&#8217;Ajuda per a la Segona Oportunitat, que estaran situades en les principals seus judicials i que atendran les persones, aut\u00f2noms i pimes perqu\u00e8 puguen superar una situaci\u00f3 d&#8217;insolv\u00e8ncia i comen\u00e7ar un nou projecte.&nbsp;<\/p>\n\n\n\n<p class=\"wp-block-paragraph\">Al llarg de la seua compareixen\u00e7a, el president ha demanat a la Cambra el reconeixement als funcionaris i funcion\u00e0ries p\u00fablics, com ara personal sanitari, docent i de l&#8217;Administraci\u00f3, pel seu esfor\u00e7 realitzat durant la pand\u00e8mia, i ha mostrat el prop\u00f2sit del nou estat de benestar de millorar el servei p\u00fablic i augmentar la seua efici\u00e8ncia.&nbsp;<br>Finalment, ha anunciat el Pla Gen Digital 2025 dotat amb 1.000 milions d&#8217;euros per a accelerar la digitalitzaci\u00f3 de l&#8217;Administraci\u00f3, i la qualificaci\u00f3 a partir del pr\u00f2xim 1 de gener com a projectes d&#8217;inter\u00e9s prioritari en la Comunitat Valenciana les iniciatives finan\u00e7ades pel Mecanisme de Recuperaci\u00f3 i Resili\u00e8ncia, per a agilitar els tr\u00e0mits administratius i cooperar amb les entitats locals.&nbsp;<\/p>\n\n\n\n<p class=\"wp-block-paragraph\">Reactivaci\u00f3 dels sectors productius&nbsp;<\/p>\n\n\n\n<p class=\"wp-block-paragraph\">Respecte de la reactivaci\u00f3 dels sectors productius, el president s&#8217;ha referit al desplegament del Pla Estrat\u00e8gic de la Ind\u00fastria Valenciana, amb 140 milions en ajudes a pimes industrials en 4 anys, l&#8217;impuls dels centres tecnol\u00f2gics, que han passat d&#8217;arrossegar un deute de 40 milions en 2014, a estar sanejats i rebre 50 milions a l&#8217;any; i a la reconstrucci\u00f3 de la Xarxa Exterior per a la Internacionalitzaci\u00f3 de les empreses.<\/p>\n\n\n\n<p class=\"wp-block-paragraph\">A m\u00e9s ha destacat l&#8217;estrat\u00e8gia de suport al sector industrial de la m\u00e0 de Brussel\u00b7les en mat\u00e8ries com la negociaci\u00f3 per a reduir els aranzels dels EUA al cal\u00e7at, aconseguir una producci\u00f3 m\u00e9s sostenible del sector cer\u00e0mic que no repercutisca en la seua competitivitat, i la col\u00b7laboraci\u00f3 amb el sector t\u00e8xtil per a la seua adaptaci\u00f3 a la nova legislaci\u00f3 europea.&nbsp;<\/p>\n\n\n\n<p class=\"wp-block-paragraph\">Sobre el sector del turisme, el president ha anunciat que es duplicar\u00e0 el suport de la Generalitat a aquest sector amb mesures com l&#8217;ampliaci\u00f3 del Bo Tur\u00edstic, per al que s&#8217;ha previst destinar altres 15 milions d&#8217;euros a partir de gener de 2022.&nbsp;<\/p>\n\n\n\n<p class=\"wp-block-paragraph\">Quant a l&#8217;agricultura, Ximo Puig ha mostrat l&#8217;aposta del Consell per la reutilitzaci\u00f3 d&#8217;aig\u00fces, amb projectes com el Pla Integral per a Alacant que permetr\u00e0 aprofitar 18 hect\u00f2metres c\u00fabics per als regants; la creaci\u00f3 d&#8217;un Front Citr\u00edcola Valenci\u00e0 a Brussel\u00b7les, per a protegir aquest sector de la compet\u00e8ncia deslleial d&#8217;alguns acords comercials; i la lluita contra plagues com la Xylella i el &#8216;cotonet&#8217;, amb una inversi\u00f3 r\u00e8cord a Espanya de 26 milions en sanitat vegetal i l&#8217;impuls de la bioplanta de Caudete per a convertir-la en un Centre refront en Lluita Biol\u00f2gica.&nbsp;<\/p>\n\n\n\n<p class=\"wp-block-paragraph\">Transvasament Tajo-Segura &#8220;irrenunciable&#8221;&nbsp;<\/p>\n\n\n\n<p class=\"wp-block-paragraph\">El president tamb\u00e9 ha reiterat la irrenunciabilitat del transvasament Tajo-Segura , insistint en la necessitat que els regants &#8220;tinguen garantida en el futur la mateixa aigua i al mateix preu&#8221; per a poder disposar de &#8220;aigua per sempre&#8221;.&nbsp;<\/p>\n\n\n\n<p class=\"wp-block-paragraph\">Sobre la lluita contra la despoblaci\u00f3, el president ha destacat que continua sent &#8220;focus de reequilibri i cohesi\u00f3 territorial&#8221;, i ha anunciat que el Consell promour\u00e0 enguany una Llei Integral de Lluita contra la Despoblaci\u00f3 en la CV amb mesures de discriminaci\u00f3 positiva per als municipis en despoblaci\u00f3.&nbsp;<\/p>\n\n\n\n<p class=\"wp-block-paragraph\">Ximo Puig tamb\u00e9 s&#8217;ha referit al suport al comer\u00e7 a trav\u00e9s del Bo Comer\u00e7, dotat amb 5 milions en ajudes complementades amb altres 5 milions que seran aportats pels ajuntaments, i que en 2022 es duplicaran perqu\u00e8 el xicotet comer\u00e7 reba un total de 20 milions d&#8217;euros de les administracions p\u00fabliques.&nbsp;<\/p>\n\n\n\n<p class=\"wp-block-paragraph\">D&#8217;altra banda, ha assenyalat que el nou Pla cultural estrat\u00e8gic valenci\u00e0 per a 2021-2023 contractar\u00e0 un miler de professionals de la Cultura durant un any, a trav\u00e9s d&#8217;ajuntaments i mancomunitats, per a la creaci\u00f3, la did\u00e0ctica i la mediaci\u00f3 cultural, la qual cosa suposar\u00e0 entre altres aspectes obrir una oportunitat per al sector audiovisual.&nbsp;<\/p>\n\n\n\n<p class=\"wp-block-paragraph\">Plans d&#8217;ocupaci\u00f3 Avalem Dons i Patrimoni i Pla Ariadna&nbsp;<\/p>\n\n\n\n<p class=\"wp-block-paragraph\">Durant el debat de pol\u00edtica general, el president ha presentat dos nous plans per al foment de l&#8217;ocupaci\u00f3 dirigits als sectors m\u00e9s febles davant la recuperaci\u00f3. En concret, &#8216;Avalem Dons&#8217; rebr\u00e0 una inversi\u00f3 de 40 milions i beneficiar\u00e0 a 32.000 dones valencianes per a fomentar la contractaci\u00f3 de dones en treballs en els quals la poblaci\u00f3 femenina est\u00e0 infrarepresentada, o per a desenvolupar plans d&#8217;ocupaci\u00f3 en municipis en despoblaci\u00f3, formaci\u00f3 en compet\u00e8ncies digitals en l&#8217;\u00e0mbit rural, o donar suport a la inserci\u00f3 de v\u00edctimes de viol\u00e8ncia masclista, entre altres actuacions.&nbsp;<\/p>\n\n\n\n<p class=\"wp-block-paragraph\">A m\u00e9s, Avalem Patrimoni estar\u00e0 dotat amb 5 milions d&#8217;euros i permetr\u00e0 que els ajuntaments contracten, durant un any, a personal destinat a la conservaci\u00f3 dels B\u00e9ns d&#8217;Inter\u00e9s Cultural de titularitat p\u00fablica.&nbsp;<\/p>\n\n\n\n<p class=\"wp-block-paragraph\">Aix\u00ed mateix, el president ha anunciat una inversi\u00f3 de 1.786 milions d&#8217;euros finan\u00e7ats amb fons europeus i recursos de la Generalitat, entre 2021 i 2027 per al Pla Ariadna per a programes d&#8217;ocupaci\u00f3 juvenil, acc\u00e9s al lloguer, pla de xoc en salut mental i promoci\u00f3 de l&#8217;esport, i per a Formaci\u00f3 Professional, entre altres q\u00fcestions.&nbsp;<\/p>\n\n\n\n<p class=\"wp-block-paragraph\">Corredor Mediterraneo i Parc Sagunt&nbsp;<\/p>\n\n\n\n<p class=\"wp-block-paragraph\">Durant la seua compareixen\u00e7a, Puig s&#8217;ha referit a l&#8217;objectiu crucial d&#8217;accelerar els terminis del Corredor Mediterrani, i ha destacat l&#8217;avan\u00e7 que ha experimentat aquesta infraestructura des de l&#8217;arribada de l&#8217;actual Govern central en 2018, encara que &#8220;insuficient per al Consell&#8221; que espera el seu impuls definitiu mitjan\u00e7ant els fons europeus.&nbsp;<\/p>\n\n\n\n<p class=\"wp-block-paragraph\">A m\u00e9s ha al\u00b7ludit a altres dues grans infraestructures que generen &#8220;ocupaci\u00f3 i prosperitat industrial&#8221;, com Parc Sagunt, recentment reconvertit en Espais Econ\u00f2mics Empresarials, per a traslladar aquest model reeixit de gesti\u00f3 a altres parcs empresarials; i l&#8217;aeroport de Castell\u00f3, on l&#8217;any vinent donar\u00e0 principi la fase d&#8217;execuci\u00f3 en 2,2 milions de metres quadrats de s\u00f2l industrial i log\u00edstic.&nbsp;<\/p>\n\n\n\n<p class=\"wp-block-paragraph\">Projectes Estrat\u00e8gics per a la Recuperaci\u00f3&nbsp;<\/p>\n\n\n\n<p class=\"wp-block-paragraph\">D&#8217;altra banda, s&#8217;ha referit als Projectes Estrat\u00e8gics per a la Recuperaci\u00f3 i Transformaci\u00f3 Econ\u00f2mica (PERTE) que impulsa el Govern, com a acceleradors de la ind\u00fastria valenciana, at\u00e9s que permetran la diversificaci\u00f3 i enfortiran els sectors tradicionals amb processos m\u00e9s sostenibles i digitalitzats.&nbsp;<\/p>\n\n\n\n<p class=\"wp-block-paragraph\">I ha esmentat els 5 iniciatives de col\u00b7laboraci\u00f3 p\u00fablic-privada amb les quals es pret\u00e9n accedir a aquests projectes estrat\u00e8gics, com ara la posada en marxa en el port d&#8217;Alacant i a Elx de dos centres de proves dins del PERTE de Vehicles Connectats i Aut\u00f2noms; el desenvolupament de grans consorcis per a accelerar la transformaci\u00f3 de la cadena de valor i impulsar la competitivitat del sector agroindustrial; l&#8217;impuls a un projecte de desenvolupament i producci\u00f3 de xicotets sat\u00e8l\u00b7lits i 2 cl\u00fasters a Castell\u00f3 i Val\u00e8ncia; la creaci\u00f3 de laboratoris sectorials i plans de formaci\u00f3 en ciberseguretat.&nbsp;<\/p>\n\n\n\n<p class=\"wp-block-paragraph\">De la mateixa manera ha destacat la instal\u00b7laci\u00f3 a Val\u00e8ncia, de la m\u00e0 del CSIC i la Universitat Polit\u00e8cnica a Val\u00e8ncia, del primer HUB d&#8217;investigaci\u00f3 sobre Hidrogen Verd, amb una inversi\u00f3 inicial ja aprovada de 9 milions.&nbsp;<\/p>\n\n\n\n<p class=\"wp-block-paragraph\">Finalment, el president ha destacat que el Govern ha at\u00e9s la petici\u00f3 valenciana per a proposar PERTE auton\u00f2mics, i ha avan\u00e7at que el sector cer\u00e0mic, fonamental per a Castell\u00f3, ser\u00e0 un dels projectors tractors que la Comunitat Valenciana presentar\u00e0 al Govern.<\/p>\n\n\n\n<p class=\"wp-block-paragraph\"><\/p>\n","protected":false},"excerpt":{"rendered":"<div class=\"mh-excerpt\">El president destaca en el debat de pol\u00edtica general l&#8217;aposta per un Green Deal Valenci\u00e0, el desenvolupament del nou estat de benestar, la reactivaci\u00f3 dels sectors productius i l&#8217;Estrat\u00e8gia d&#8217;Innovaci\u00f3 i Digitalitzaci\u00f3&nbsp;Ratifica que el canvi <a class=\"mh-excerpt-more\" href=\"https:\/\/tucomarca.whitekongsoftware.com\/ca\/ximo-puig-anuncia-la-fi-de-les-principals-restriccions-per-la-covid-19-per-a-impulsar-la-reactivacio-economica-i-consolidar-un-nou-estat-de-benestar\/\" title=\"Ximo Puig anuncia la fi de les principals restriccions per la COVID-19 per a impulsar la reactivaci\u00f3 econ\u00f2mica i consolidar un nou estat de benestar\">[+] <\/a><\/div>\n","protected":false},"author":12,"featured_media":141638,"comment_status":"open","ping_status":"open","sticky":false,"template":"","format":"standard","meta":{"footnotes":""},"categories":[12202,10898,10948,10894,10904,10947,10896,10897],"tags":[11939,11940,11498,15526,11073],"class_list":["post-141640","post","type-post","status-publish","format-standard","has-post-thumbnail","category-covid-19-ca","category-ventana-ca","category-infraestructuras-ca","category-la-comarca-ca","category-sin-categorizar-ca","category-politica","category-seccion-ca","category-sucesos-la-comarca-ca","tag-coronavirus-ca","tag-covid-19-ca","tag-generalitat-valenciana-ca","tag-reactivacion-economica-ca","tag-ximo-puig-ca"],"_links":{"self":[{"href":"https:\/\/tucomarca.whitekongsoftware.com\/ca\/wp-json\/wp\/v2\/posts\/141640","targetHints":{"allow":["GET"]}}],"collection":[{"href":"https:\/\/tucomarca.whitekongsoftware.com\/ca\/wp-json\/wp\/v2\/posts"}],"about":[{"href":"https:\/\/tucomarca.whitekongsoftware.com\/ca\/wp-json\/wp\/v2\/types\/post"}],"author":[{"embeddable":true,"href":"https:\/\/tucomarca.whitekongsoftware.com\/ca\/wp-json\/wp\/v2\/users\/12"}],"replies":[{"embeddable":true,"href":"https:\/\/tucomarca.whitekongsoftware.com\/ca\/wp-json\/wp\/v2\/comments?post=141640"}],"version-history":[{"count":0,"href":"https:\/\/tucomarca.whitekongsoftware.com\/ca\/wp-json\/wp\/v2\/posts\/141640\/revisions"}],"wp:featuredmedia":[{"embeddable":true,"href":"https:\/\/tucomarca.whitekongsoftware.com\/ca\/wp-json\/wp\/v2\/media\/141638"}],"wp:attachment":[{"href":"https:\/\/tucomarca.whitekongsoftware.com\/ca\/wp-json\/wp\/v2\/media?parent=141640"}],"wp:term":[{"taxonomy":"category","embeddable":true,"href":"https:\/\/tucomarca.whitekongsoftware.com\/ca\/wp-json\/wp\/v2\/categories?post=141640"},{"taxonomy":"post_tag","embeddable":true,"href":"https:\/\/tucomarca.whitekongsoftware.com\/ca\/wp-json\/wp\/v2\/tags?post=141640"}],"curies":[{"name":"wp","href":"https:\/\/api.w.org\/{rel}","templated":true}]}}