{"id":141489,"date":"2021-09-24T07:08:00","date_gmt":"2021-09-24T06:08:00","guid":{"rendered":"http:\/\/www.tucomarca.com\/wordpress\/segunda\/?p=141489"},"modified":"2021-09-24T09:08:49","modified_gmt":"2021-09-24T08:08:49","slug":"ximo-puig-avanca-lobertura-duna-nova-etapa-dobertura-progressiva-a-partir-del-proxim-dilluns-amb-la-vacunacio-del-90-de-la-poblacio","status":"publish","type":"post","link":"https:\/\/tucomarca.whitekongsoftware.com\/ca\/ximo-puig-avanca-lobertura-duna-nova-etapa-dobertura-progressiva-a-partir-del-proxim-dilluns-amb-la-vacunacio-del-90-de-la-poblacio\/","title":{"rendered":"Ximo Puig avan\u00e7a l&#8217;obertura d&#8217;una &#8220;nova etapa d&#8217;obertura progressiva&#8221; a partir del pr\u00f2xim dilluns amb la vacunaci\u00f3 del 90% de la poblaci\u00f3"},"content":{"rendered":"\n<p class=\"wp-block-paragraph\"><strong>El president de la Generalitat ha participat en la clausura de la junta directiva de CEV<\/strong><\/p>\n\n\n\n<p class=\"wp-block-paragraph\"><strong>Valora la corresponsabilidad de la caiudadan\u00eda que ha contribuido a situar la Comunitat Valenciana como una de las regiones con mayor \u00edndice de vacunaci\u00f3n del mundo<\/strong><\/p>\n\n\n\n<p class=\"wp-block-paragraph\"><strong>Avanza la flexibilizaci\u00f3n de horarios y aforos, y apuesta por el uso del certificado de vacunaci\u00f3n para &#8220;dar seguridad y garantizar derechos&#8221;<\/strong><\/p>\n\n\n\n<p class=\"wp-block-paragraph\"><strong>Se\u00f1ala la necesidad de ajustar el mercado laboral y apostar por la Formaci\u00f3n Profesional dual<\/strong><\/p>\n\n\n\n<p class=\"wp-block-paragraph\">El president de la Generalitat, Ximo Puig, ha avanzado la apertura de una &#8220;nueva etapa de apertura progresiva&#8221; a partir del lunes, puesto que en los pr\u00f3ximos d\u00edas se habr\u00e1 alcanzado la vacunaci\u00f3n del 90% de la poblaci\u00f3n con pauta completa.&nbsp;<\/p>\n\n\n\n<p class=\"wp-block-paragraph\">As\u00ed lo ha manifestado durante la clausura de la reuni\u00f3n conjunta del Comit\u00e9 Ejecutivo y la Junta Directiva de la Confederaci\u00f3n Empresarial Valenciana en la que ha participado junto al presidente de CEV, Salvador Navarro.<\/p>\n\n\n\n<p class=\"wp-block-paragraph\">El president ha valorado la cohesi\u00f3n de la sociedad valenciana y la corresponsabilidad de los ciudadanos que ha contribuido a que la Comunitat Valenciana se sit\u00fae como una de las regiones con mayor \u00edndice de vacunaci\u00f3n del mundo.<\/p>\n\n\n\n<p class=\"wp-block-paragraph\">Adem\u00e1s, ha se\u00f1alado que actualmente la incidencia acumulada se sit\u00faa alrededor de 50 contagios por cada 100.000 habitantes, y que la cifra de personas hospitalizadas se sit\u00faa por debajo de 200. Con estos datos, el president ha mostrado su esperanza de llegar al 9 de octubre con la &#8220;m\u00e1xima normalidad posible&#8221;.<\/p>\n\n\n\n<p class=\"wp-block-paragraph\">Acerca de la flexibilizaci\u00f3n de las medidas para frenar la pandemia a partir de la pr\u00f3xima semana, el president ha indicado que se modificar\u00e1n horarios de apertura, aforos, y se abrir\u00e1 un di\u00e1logo con los sectores afectados para tratar de que &#8220;la normalizaci\u00f3n sea lo m\u00e1s efectiva&#8221;. Asimismo, se ha referido al uso del certificado de vacunaci\u00f3n para acceder a determinados espacios, sobre el que ha dicho &#8220;dar\u00e1 seguridad a los ciudadanos&#8221; y &#8220;garantizar\u00e1 derechos&#8221;.<\/p>\n\n\n\n<p class=\"wp-block-paragraph\"><strong>Di\u00e1logo social<\/strong><\/p>\n\n\n\n<p class=\"wp-block-paragraph\">Durante su intervenci\u00f3n, el president ha destacado la pandemia ha permitido testar el valor del di\u00e1logo social en la Comunitat Valenciana y el apoyo de los empresarios valencianos, y por ello ha agradecido la interlocuci\u00f3n de CEV.<\/p>\n\n\n\n<p class=\"wp-block-paragraph\">Asimismo ha abogado por mantener alianzas pol\u00edticas y empresariales, poniendo como ejemplo las negociaciones sobre el nuevo modelo de financiaci\u00f3n que ha mantenido esta misma semana con Andaluc\u00eda, o la reuni\u00f3n entre patronales de la Comunitat Valenciana, Arag\u00f3n, Catalu\u00f1a y Baleares que se celebrar\u00e1 el pr\u00f3ximo mes de octubre.<\/p>\n\n\n\n<p class=\"wp-block-paragraph\">A este respecto Puig ha explicado que la voluntad no es hacer &#8220;frentismo&#8221; entre territorios sino defender el inter\u00e9s general de los valencianos y de los andaluces, y acabar con el statu quo para articular &#8220;otra manera de ver Espa\u00f1a&#8221; y evitar situaciones de privilegio.<\/p>\n\n\n\n<p class=\"wp-block-paragraph\"><strong>Recuperaci\u00f3n econ\u00f3mica<\/strong><\/p>\n\n\n\n<p class=\"wp-block-paragraph\">Para el jefe del Consell la colaboraci\u00f3n social y empresarial ha posibilitado generar la estabilidad que permite sentar las bases de la recuperaci\u00f3n, y como muestra de ello se ha referido a las previsiones econ\u00f3micas que prev\u00e9n un crecimiento de la econom\u00eda valenciana del 6,7% en 2021 y de m\u00e1s de un 7% en 2022.<\/p>\n\n\n\n<p class=\"wp-block-paragraph\">En este sentido ha asegurado que la actividad econ\u00f3mica &#8220;se ha despertado&#8221; y se est\u00e1 adaptando al nuevo escenario, en el que ha destacado las exportaciones y el turismo como &#8220;dos sectores fundamentales para la recuperaci\u00f3n&#8221;.&nbsp;<\/p>\n\n\n\n<p class=\"wp-block-paragraph\"><strong>Fondos europeos y ajuste del mercado laboral<\/strong><\/p>\n\n\n\n<p class=\"wp-block-paragraph\">Durante su intervenci\u00f3n, el president se ha referido a la necesidad de ajustar el mercado laboral y apostar por la Formaci\u00f3n Profesional dual vinculada a la empresa para poder romper las actuales brechas existentes entre oferta y demanda de trabajo.&nbsp;<\/p>\n\n\n\n<p class=\"wp-block-paragraph\">En concreto, ha destacado que actualmente existen 400.000 personas que no tienen empleo en la Comunitat Valenciana, pero tambi\u00e9n hay &#8220;grandes bolsas de empleo que no se cubren&#8221; en sectores como el turismo o la industria. Por ello, se ha mostrado partidario de &#8220;buscar una f\u00f3rmula que permita solucionar el desajuste&#8221;.<\/p>\n\n\n\n<p class=\"wp-block-paragraph\">Por \u00faltimo, ha incidido en la oportunidad que van a suponer los fondos europeos para &#8220;salir de la situaci\u00f3n coyuntural&#8221; y acelerar la digitalizaci\u00f3n y la transici\u00f3n energ\u00e9tica&#8221;, y ha animado al empresariado a aprovechar el impulso que van a suponer estos recursos.<\/p>\n","protected":false},"excerpt":{"rendered":"<div class=\"mh-excerpt\">El president de la Generalitat ha participat en la clausura de la junta directiva de CEV Valora la corresponsabilidad de la caiudadan\u00eda que ha contribuido a situar la Comunitat Valenciana como una de las regiones <a class=\"mh-excerpt-more\" href=\"https:\/\/tucomarca.whitekongsoftware.com\/ca\/ximo-puig-avanca-lobertura-duna-nova-etapa-dobertura-progressiva-a-partir-del-proxim-dilluns-amb-la-vacunacio-del-90-de-la-poblacio\/\" title=\"Ximo Puig avan\u00e7a l&#8217;obertura d&#8217;una &#8220;nova etapa d&#8217;obertura progressiva&#8221; a partir del pr\u00f2xim dilluns amb la vacunaci\u00f3 del 90% de la poblaci\u00f3\">[+] <\/a><\/div>\n","protected":false},"author":1,"featured_media":141487,"comment_status":"open","ping_status":"open","sticky":false,"template":"","format":"standard","meta":{"footnotes":""},"categories":[12202,10898,10948,10894,10904,10947,10896,10897],"tags":[11939,11940,11199,13963,13932],"class_list":["post-141489","post","type-post","status-publish","format-standard","has-post-thumbnail","category-covid-19-ca","category-ventana-ca","category-infraestructuras-ca","category-la-comarca-ca","category-sin-categorizar-ca","category-politica","category-seccion-ca","category-sucesos-la-comarca-ca","tag-coronavirus-ca","tag-covid-19-ca","tag-la-comunitat-ca","tag-vacunacion-ca","tag-vacunas-ca"],"_links":{"self":[{"href":"https:\/\/tucomarca.whitekongsoftware.com\/ca\/wp-json\/wp\/v2\/posts\/141489","targetHints":{"allow":["GET"]}}],"collection":[{"href":"https:\/\/tucomarca.whitekongsoftware.com\/ca\/wp-json\/wp\/v2\/posts"}],"about":[{"href":"https:\/\/tucomarca.whitekongsoftware.com\/ca\/wp-json\/wp\/v2\/types\/post"}],"author":[{"embeddable":true,"href":"https:\/\/tucomarca.whitekongsoftware.com\/ca\/wp-json\/wp\/v2\/users\/1"}],"replies":[{"embeddable":true,"href":"https:\/\/tucomarca.whitekongsoftware.com\/ca\/wp-json\/wp\/v2\/comments?post=141489"}],"version-history":[{"count":0,"href":"https:\/\/tucomarca.whitekongsoftware.com\/ca\/wp-json\/wp\/v2\/posts\/141489\/revisions"}],"wp:featuredmedia":[{"embeddable":true,"href":"https:\/\/tucomarca.whitekongsoftware.com\/ca\/wp-json\/wp\/v2\/media\/141487"}],"wp:attachment":[{"href":"https:\/\/tucomarca.whitekongsoftware.com\/ca\/wp-json\/wp\/v2\/media?parent=141489"}],"wp:term":[{"taxonomy":"category","embeddable":true,"href":"https:\/\/tucomarca.whitekongsoftware.com\/ca\/wp-json\/wp\/v2\/categories?post=141489"},{"taxonomy":"post_tag","embeddable":true,"href":"https:\/\/tucomarca.whitekongsoftware.com\/ca\/wp-json\/wp\/v2\/tags?post=141489"}],"curies":[{"name":"wp","href":"https:\/\/api.w.org\/{rel}","templated":true}]}}