{"id":141446,"date":"2021-09-22T09:32:00","date_gmt":"2021-09-22T08:32:00","guid":{"rendered":"http:\/\/www.tucomarca.com\/wordpress\/segunda\/?p=141446"},"modified":"2021-09-24T00:07:05","modified_gmt":"2021-09-23T23:07:05","slug":"robert-raga-anuncia-la-seua-intencio-de-presentar-se-a-les-proximes-eleccions-municipals","status":"publish","type":"post","link":"https:\/\/tucomarca.whitekongsoftware.com\/ca\/robert-raga-anuncia-la-seua-intencio-de-presentar-se-a-les-proximes-eleccions-municipals\/","title":{"rendered":"Robert Raga anuncia la seua intenci\u00f3 de presentar-se a les pr\u00f2ximes eleccions municipals"},"content":{"rendered":"\n<h4 class=\"wp-block-heading\">L&#8217;alcalde de Riba-roja subratlla el seu comprom\u00eds amb la ciutadania<\/h4>\n\n\n\n<p class=\"wp-block-paragraph\">L&#8217;alcalde de Riba-roja de T\u00faria, Robert Raga ha anunciat aquest dimarts 21 de setembre durant el ple extraordinari sobre l&#8217;estat del municipi, la seua intenci\u00f3 de tornar a presentar-se a la pr\u00f2ximes eleccions municipals que tindran lloc al maig del 2023.<br>L&#8217;alcalde estava concloent la seua intervenci\u00f3 sobre la gesti\u00f3 realitzada per l&#8217;equip de govern socialista, quan \u201camb perm\u00eds del partit que \u00e9s el que m&#8217;ha perm\u00e9s arribar fins ac\u00ed\u201d ha afirmat que el seu desig \u00e9s acabar el seu comprom\u00eds amb els ve\u00efns i ve\u00efnes de tindre \u201del municipi de futur que es mereixen\u201d.<br>Aix\u00ed, ha explicat que la pand\u00e8mia ha soscavat l&#8217;agenda i els plans, retardant els objectius de transformaci\u00f3 i que \u201caqueix fet \u00e9s suficient de per si\u201d com per a plantejar una morat\u00f2ria en la seua continu\u00eftat com a alcalde.<br>\u201cMoltes persones m&#8217;han preguntat aquestes \u00faltimes setmanes sobre les meues intencions de futur i crec que \u00e9s honest traslladar que amb el suport del meu partit i el de la ciutadania, el meu desig real \u00e9s poder completar el meu comprom\u00eds personal\u201d ha explicat Raga alhora que ha confessat el suport i el desig que li va traslladar el president de la seua agrupaci\u00f3 previ a la seua defunci\u00f3 per culpa del COVID, que continuara \u201cliderant aqueix projecte de futur de Riba-roja\u201d.<br>L&#8217;alcalde ha tingut paraules d&#8217;afecte i record cap al president de l&#8217;agrupaci\u00f3, aix\u00ed com cap a les v\u00edctimes i familiars de la pand\u00e8mia, i ha rebut l&#8217;enhorabona del seu equip de govern despr\u00e9s de l&#8217;anunci.<br>Robert Raga \u00e9s alcalde des del 2015, quan aconseguisc coalici\u00f3 de govern amb Esquerra, Comprom\u00eds i Podemos. En 2019 la ciutadania va recolzar amb m\u00e9s vots la seua gesti\u00f3 i va obtindre majoria absoluta, passant de 6 regidors a 11 en l&#8217;actualitat. El socialista est\u00e0 actualment bolcat a transformar el seu municipi a nivell d&#8217;infraestructures i serveis per a bolcar-los completament cap a la ciutadania de manera pr\u00f2xima i moderna, a m\u00e9s de sostenible.<\/p>\n\n\n\n<p class=\"wp-block-paragraph\"><\/p>\n","protected":false},"excerpt":{"rendered":"<div class=\"mh-excerpt\">L&#8217;alcalde de Riba-roja subratlla el seu comprom\u00eds amb la ciutadania L&#8217;alcalde de Riba-roja de T\u00faria, Robert Raga ha anunciat aquest dimarts 21 de setembre durant el ple extraordinari sobre l&#8217;estat del municipi, la seua intenci\u00f3 <a class=\"mh-excerpt-more\" href=\"https:\/\/tucomarca.whitekongsoftware.com\/ca\/robert-raga-anuncia-la-seua-intencio-de-presentar-se-a-les-proximes-eleccions-municipals\/\" title=\"Robert Raga anuncia la seua intenci\u00f3 de presentar-se a les pr\u00f2ximes eleccions municipals\">[+] <\/a><\/div>\n","protected":false},"author":12,"featured_media":86321,"comment_status":"open","ping_status":"open","sticky":false,"template":"","format":"standard","meta":{"footnotes":""},"categories":[10892,10894,10947,10906,10896],"tags":[10899,11610,13181,15515],"class_list":["post-141446","post","type-post","status-publish","format-standard","has-post-thumbnail","category-camp-de-turia-ca","category-la-comarca-ca","category-politica","category-riba-roja-ca","category-seccion-ca","tag-camp-de-turia-ca","tag-pspv-psoe-riba-roja-ca","tag-robert-raga-ca","tag-socialistes-camp-de-turia-ca"],"_links":{"self":[{"href":"https:\/\/tucomarca.whitekongsoftware.com\/ca\/wp-json\/wp\/v2\/posts\/141446","targetHints":{"allow":["GET"]}}],"collection":[{"href":"https:\/\/tucomarca.whitekongsoftware.com\/ca\/wp-json\/wp\/v2\/posts"}],"about":[{"href":"https:\/\/tucomarca.whitekongsoftware.com\/ca\/wp-json\/wp\/v2\/types\/post"}],"author":[{"embeddable":true,"href":"https:\/\/tucomarca.whitekongsoftware.com\/ca\/wp-json\/wp\/v2\/users\/12"}],"replies":[{"embeddable":true,"href":"https:\/\/tucomarca.whitekongsoftware.com\/ca\/wp-json\/wp\/v2\/comments?post=141446"}],"version-history":[{"count":0,"href":"https:\/\/tucomarca.whitekongsoftware.com\/ca\/wp-json\/wp\/v2\/posts\/141446\/revisions"}],"wp:featuredmedia":[{"embeddable":true,"href":"https:\/\/tucomarca.whitekongsoftware.com\/ca\/wp-json\/wp\/v2\/media\/86321"}],"wp:attachment":[{"href":"https:\/\/tucomarca.whitekongsoftware.com\/ca\/wp-json\/wp\/v2\/media?parent=141446"}],"wp:term":[{"taxonomy":"category","embeddable":true,"href":"https:\/\/tucomarca.whitekongsoftware.com\/ca\/wp-json\/wp\/v2\/categories?post=141446"},{"taxonomy":"post_tag","embeddable":true,"href":"https:\/\/tucomarca.whitekongsoftware.com\/ca\/wp-json\/wp\/v2\/tags?post=141446"}],"curies":[{"name":"wp","href":"https:\/\/api.w.org\/{rel}","templated":true}]}}