{"id":141389,"date":"2021-09-21T13:01:00","date_gmt":"2021-09-21T12:01:00","guid":{"rendered":"http:\/\/www.tucomarca.com\/wordpress\/segunda\/?p=141389"},"modified":"2021-09-22T02:10:26","modified_gmt":"2021-09-22T01:10:26","slug":"fotogaleria-prop-de-500-gimnastes-i-mes-de-50-clubs-de-tota-espanya-participa-en-el-trofeu-nacional-de-gimnastica-ritmica-a-bunyol","status":"publish","type":"post","link":"https:\/\/tucomarca.whitekongsoftware.com\/ca\/fotogaleria-prop-de-500-gimnastes-i-mes-de-50-clubs-de-tota-espanya-participa-en-el-trofeu-nacional-de-gimnastica-ritmica-a-bunyol\/","title":{"rendered":"Fotogaleria: prop de 500 gimnastes i m\u00e9s de 50 clubs de tota Espanya participa en el Trofeu Nacional de Gimn\u00e0stica R\u00edtmica a Bunyol"},"content":{"rendered":"\n<p class=\"wp-block-paragraph\">Dissabte passat 18 de setembre el pavell\u00f3 poliesportiu del Planell Pablo Cus\u00ed Sierra de Bu\u00f1ol va albergar el Trofeu Nacional de Gimn\u00e0stica R\u00edtmica, amb la participaci\u00f3 de m\u00e9s de 50 clubs i prop de 500 gimnastes, que van competir de manera individual per a la Copa Base, i en conjunts tant Base com Absolut.<\/p>\n\n\n\n<p class=\"wp-block-paragraph\">M\u00f3nica Garc\u00eda, entrenadora del Club Gimn\u00e0stica R\u00edtmica Bu\u00f1ol-Tur\u00eds- Vall dels Alcalans, va confirmar la participaci\u00f3 de clubs de Madrid, Guadalajar, M\u00farcia, Val\u00e8ncia, Castell\u00f3 i Alacant. Tots ells aporten representaci\u00f3 en les competicions nacionals, per la qual cosa el nivell del Trofeu d&#8217;aquesta finalitat de setmana a Bu\u00f1ol ser\u00e0 molt alt.&nbsp;<\/p>\n\n\n\n<p class=\"wp-block-paragraph\">Respecte a la classificaci\u00f3 de les gimnastes locals, del Club Gimn\u00e0stica R\u00edtmica Bu\u00f1ol-Tur\u00eds-Vall dels Alcalans, va ser, en juvenil base, van quedar en tercer i quart lloc; en alev\u00ed base, segones; en s\u00e8nior absolut, segones; i en Subsiete b\u00e0sic, segones; finalment, en alev\u00ed copa individual es va quedar en sisena posici\u00f3.&nbsp;<\/p>\n\n\n\n<p class=\"wp-block-paragraph\">Els protocols d&#8217;entrada i eixida al recinte esportiu van estar completament controlats de manera que no es produ\u00efa contacte entre altres gimnastes ni pares d&#8217;esportistes que no van estar competint en aqueix moment. \u201cVam poder complir-ho en tot moment, a pesar que en alguns moments era dif\u00edcil dur-ho a terme, mai va haver-hi aglomeracions\u201d, destaca l&#8217;entrenadora d&#8217;aquest club esportiu bu\u00f1olense, que assegura sentir-se molt orgullosa per l&#8217;organitzaci\u00f3 de l&#8217;esdeveniment, per\u00f2 tamb\u00e9 esgotada per la complexitat del mateix en temps de pand\u00e8mia.<\/p>\n\n\n\n<p class=\"wp-block-paragraph\">L&#8217;entrenadora d&#8217;aquest club confirma que des de principis de setembre i fins a finals d&#8217;octubre, que ser\u00e0 el classificatori per al Nacional, no pararan de presentar-se les gimnastes locals a tornejos amistosos, alguna cosa que acullen amb moltes ganes i il\u00b7lusi\u00f3.<\/p>\n\n\n\n<figure class=\"wp-block-gallery columns-3 is-cropped wp-block-gallery-1 is-layout-flex wp-block-gallery-is-layout-flex\"><ul class=\"blocks-gallery-grid\"><li class=\"blocks-gallery-item\"><figure><img loading=\"lazy\" decoding=\"async\" width=\"1024\" height=\"768\" src=\"http:\/\/www.tucomarca.com\/wordpress\/segunda\/wp-content\/uploads\/2021\/09\/TrofeoGimnasia_01-1024x768.jpeg\" alt=\"\" data-id=\"141374\" data-full-url=\"https:\/\/www.tucomarca.com\/wordpress\/segunda\/wp-content\/uploads\/2021\/09\/TrofeoGimnasia_01.jpeg\" data-link=\"https:\/\/www.tucomarca.com\/wordpress\/segunda\/?attachment_id=141374\" class=\"wp-image-141374\" srcset=\"https:\/\/tucomarca.whitekongsoftware.com\/wp-content\/uploads\/2021\/09\/TrofeoGimnasia_01-1024x768.jpeg 1024w, https:\/\/tucomarca.whitekongsoftware.com\/wp-content\/uploads\/2021\/09\/TrofeoGimnasia_01-300x225.jpeg 300w, https:\/\/tucomarca.whitekongsoftware.com\/wp-content\/uploads\/2021\/09\/TrofeoGimnasia_01-768x576.jpeg 768w, https:\/\/tucomarca.whitekongsoftware.com\/wp-content\/uploads\/2021\/09\/TrofeoGimnasia_01-678x509.jpeg 678w, https:\/\/tucomarca.whitekongsoftware.com\/wp-content\/uploads\/2021\/09\/TrofeoGimnasia_01-326x245.jpeg 326w, https:\/\/tucomarca.whitekongsoftware.com\/wp-content\/uploads\/2021\/09\/TrofeoGimnasia_01-80x60.jpeg 80w, https:\/\/tucomarca.whitekongsoftware.com\/wp-content\/uploads\/2021\/09\/TrofeoGimnasia_01.jpeg 1280w\" sizes=\"auto, (max-width: 1024px) 100vw, 1024px\" \/><\/figure><\/li><li class=\"blocks-gallery-item\"><figure><img loading=\"lazy\" decoding=\"async\" width=\"1024\" height=\"768\" src=\"http:\/\/www.tucomarca.com\/wordpress\/segunda\/wp-content\/uploads\/2021\/09\/TrofeoGimnasia_02-1024x768.jpeg\" alt=\"\" data-id=\"141376\" data-full-url=\"https:\/\/www.tucomarca.com\/wordpress\/segunda\/wp-content\/uploads\/2021\/09\/TrofeoGimnasia_02.jpeg\" data-link=\"https:\/\/www.tucomarca.com\/wordpress\/segunda\/?attachment_id=141376\" class=\"wp-image-141376\" srcset=\"https:\/\/tucomarca.whitekongsoftware.com\/wp-content\/uploads\/2021\/09\/TrofeoGimnasia_02-1024x768.jpeg 1024w, https:\/\/tucomarca.whitekongsoftware.com\/wp-content\/uploads\/2021\/09\/TrofeoGimnasia_02-300x225.jpeg 300w, https:\/\/tucomarca.whitekongsoftware.com\/wp-content\/uploads\/2021\/09\/TrofeoGimnasia_02-768x576.jpeg 768w, https:\/\/tucomarca.whitekongsoftware.com\/wp-content\/uploads\/2021\/09\/TrofeoGimnasia_02-678x509.jpeg 678w, https:\/\/tucomarca.whitekongsoftware.com\/wp-content\/uploads\/2021\/09\/TrofeoGimnasia_02-326x245.jpeg 326w, https:\/\/tucomarca.whitekongsoftware.com\/wp-content\/uploads\/2021\/09\/TrofeoGimnasia_02-80x60.jpeg 80w, https:\/\/tucomarca.whitekongsoftware.com\/wp-content\/uploads\/2021\/09\/TrofeoGimnasia_02.jpeg 1280w\" sizes=\"auto, (max-width: 1024px) 100vw, 1024px\" \/><\/figure><\/li><li class=\"blocks-gallery-item\"><figure><img loading=\"lazy\" decoding=\"async\" width=\"1024\" height=\"460\" src=\"http:\/\/www.tucomarca.com\/wordpress\/segunda\/wp-content\/uploads\/2021\/09\/TrofeoGimnasia_03-1024x460.jpeg\" alt=\"\" data-id=\"141378\" data-full-url=\"https:\/\/www.tucomarca.com\/wordpress\/segunda\/wp-content\/uploads\/2021\/09\/TrofeoGimnasia_03.jpeg\" data-link=\"https:\/\/www.tucomarca.com\/wordpress\/segunda\/?attachment_id=141378\" class=\"wp-image-141378\" srcset=\"https:\/\/tucomarca.whitekongsoftware.com\/wp-content\/uploads\/2021\/09\/TrofeoGimnasia_03-1024x460.jpeg 1024w, https:\/\/tucomarca.whitekongsoftware.com\/wp-content\/uploads\/2021\/09\/TrofeoGimnasia_03-300x135.jpeg 300w, https:\/\/tucomarca.whitekongsoftware.com\/wp-content\/uploads\/2021\/09\/TrofeoGimnasia_03-768x345.jpeg 768w, https:\/\/tucomarca.whitekongsoftware.com\/wp-content\/uploads\/2021\/09\/TrofeoGimnasia_03.jpeg 1280w\" sizes=\"auto, (max-width: 1024px) 100vw, 1024px\" \/><\/figure><\/li><li class=\"blocks-gallery-item\"><figure><img loading=\"lazy\" decoding=\"async\" width=\"1024\" height=\"460\" src=\"http:\/\/www.tucomarca.com\/wordpress\/segunda\/wp-content\/uploads\/2021\/09\/TrofeoGimnasia_04-1024x460.jpeg\" alt=\"\" data-id=\"141380\" data-full-url=\"https:\/\/www.tucomarca.com\/wordpress\/segunda\/wp-content\/uploads\/2021\/09\/TrofeoGimnasia_04.jpeg\" data-link=\"https:\/\/www.tucomarca.com\/wordpress\/segunda\/?attachment_id=141380\" class=\"wp-image-141380\" srcset=\"https:\/\/tucomarca.whitekongsoftware.com\/wp-content\/uploads\/2021\/09\/TrofeoGimnasia_04-1024x460.jpeg 1024w, https:\/\/tucomarca.whitekongsoftware.com\/wp-content\/uploads\/2021\/09\/TrofeoGimnasia_04-300x135.jpeg 300w, https:\/\/tucomarca.whitekongsoftware.com\/wp-content\/uploads\/2021\/09\/TrofeoGimnasia_04-768x345.jpeg 768w, https:\/\/tucomarca.whitekongsoftware.com\/wp-content\/uploads\/2021\/09\/TrofeoGimnasia_04.jpeg 1280w\" sizes=\"auto, (max-width: 1024px) 100vw, 1024px\" \/><\/figure><\/li><li class=\"blocks-gallery-item\"><figure><img loading=\"lazy\" decoding=\"async\" width=\"1024\" height=\"768\" src=\"http:\/\/www.tucomarca.com\/wordpress\/segunda\/wp-content\/uploads\/2021\/09\/TrofeoGimnasia_05.jpg\" alt=\"\" data-id=\"141382\" data-full-url=\"http:\/\/www.tucomarca.com\/wordpress\/segunda\/wp-content\/uploads\/2021\/09\/TrofeoGimnasia_05.jpg\" data-link=\"https:\/\/www.tucomarca.com\/wordpress\/segunda\/?attachment_id=141382\" class=\"wp-image-141382\" srcset=\"https:\/\/tucomarca.whitekongsoftware.com\/wp-content\/uploads\/2021\/09\/TrofeoGimnasia_05.jpg 1024w, https:\/\/tucomarca.whitekongsoftware.com\/wp-content\/uploads\/2021\/09\/TrofeoGimnasia_05-300x225.jpg 300w, https:\/\/tucomarca.whitekongsoftware.com\/wp-content\/uploads\/2021\/09\/TrofeoGimnasia_05-768x576.jpg 768w, https:\/\/tucomarca.whitekongsoftware.com\/wp-content\/uploads\/2021\/09\/TrofeoGimnasia_05-678x509.jpg 678w, https:\/\/tucomarca.whitekongsoftware.com\/wp-content\/uploads\/2021\/09\/TrofeoGimnasia_05-326x245.jpg 326w, https:\/\/tucomarca.whitekongsoftware.com\/wp-content\/uploads\/2021\/09\/TrofeoGimnasia_05-80x60.jpg 80w\" sizes=\"auto, (max-width: 1024px) 100vw, 1024px\" \/><\/figure><\/li><li class=\"blocks-gallery-item\"><figure><img loading=\"lazy\" decoding=\"async\" width=\"768\" height=\"1024\" src=\"http:\/\/www.tucomarca.com\/wordpress\/segunda\/wp-content\/uploads\/2021\/09\/TrofeoGimnasia_06-768x1024.jpeg\" alt=\"\" data-id=\"141384\" data-full-url=\"https:\/\/www.tucomarca.com\/wordpress\/segunda\/wp-content\/uploads\/2021\/09\/TrofeoGimnasia_06.jpeg\" data-link=\"https:\/\/www.tucomarca.com\/wordpress\/segunda\/?attachment_id=141384\" class=\"wp-image-141384\" srcset=\"https:\/\/tucomarca.whitekongsoftware.com\/wp-content\/uploads\/2021\/09\/TrofeoGimnasia_06-768x1024.jpeg 768w, https:\/\/tucomarca.whitekongsoftware.com\/wp-content\/uploads\/2021\/09\/TrofeoGimnasia_06-225x300.jpeg 225w, https:\/\/tucomarca.whitekongsoftware.com\/wp-content\/uploads\/2021\/09\/TrofeoGimnasia_06.jpeg 960w\" sizes=\"auto, (max-width: 768px) 100vw, 768px\" \/><\/figure><\/li><li class=\"blocks-gallery-item\"><figure><img loading=\"lazy\" decoding=\"async\" width=\"1024\" height=\"768\" src=\"http:\/\/www.tucomarca.com\/wordpress\/segunda\/wp-content\/uploads\/2021\/09\/TrofeoGimnasia_07-1024x768.jpeg\" alt=\"\" data-id=\"141386\" data-full-url=\"https:\/\/www.tucomarca.com\/wordpress\/segunda\/wp-content\/uploads\/2021\/09\/TrofeoGimnasia_07.jpeg\" data-link=\"https:\/\/www.tucomarca.com\/wordpress\/segunda\/?attachment_id=141386\" class=\"wp-image-141386\" srcset=\"https:\/\/tucomarca.whitekongsoftware.com\/wp-content\/uploads\/2021\/09\/TrofeoGimnasia_07-1024x768.jpeg 1024w, https:\/\/tucomarca.whitekongsoftware.com\/wp-content\/uploads\/2021\/09\/TrofeoGimnasia_07-300x225.jpeg 300w, https:\/\/tucomarca.whitekongsoftware.com\/wp-content\/uploads\/2021\/09\/TrofeoGimnasia_07-768x576.jpeg 768w, https:\/\/tucomarca.whitekongsoftware.com\/wp-content\/uploads\/2021\/09\/TrofeoGimnasia_07-678x509.jpeg 678w, https:\/\/tucomarca.whitekongsoftware.com\/wp-content\/uploads\/2021\/09\/TrofeoGimnasia_07-326x245.jpeg 326w, https:\/\/tucomarca.whitekongsoftware.com\/wp-content\/uploads\/2021\/09\/TrofeoGimnasia_07-80x60.jpeg 80w, https:\/\/tucomarca.whitekongsoftware.com\/wp-content\/uploads\/2021\/09\/TrofeoGimnasia_07.jpeg 1280w\" sizes=\"auto, (max-width: 1024px) 100vw, 1024px\" \/><\/figure><\/li><\/ul><\/figure>\n","protected":false},"excerpt":{"rendered":"<div class=\"mh-excerpt\">Dissabte passat 18 de setembre el pavell\u00f3 poliesportiu del Planell Pablo Cus\u00ed Sierra de Bu\u00f1ol va albergar el Trofeu Nacional de Gimn\u00e0stica R\u00edtmica, amb la participaci\u00f3 de m\u00e9s de 50 clubs i prop de 500 <a class=\"mh-excerpt-more\" href=\"https:\/\/tucomarca.whitekongsoftware.com\/ca\/fotogaleria-prop-de-500-gimnastes-i-mes-de-50-clubs-de-tota-espanya-participa-en-el-trofeu-nacional-de-gimnastica-ritmica-a-bunyol\/\" title=\"Fotogaleria: prop de 500 gimnastes i m\u00e9s de 50 clubs de tota Espanya participa en el Trofeu Nacional de Gimn\u00e0stica R\u00edtmica a Bunyol\">[+] <\/a><\/div>\n","protected":false},"author":1,"featured_media":141369,"comment_status":"open","ping_status":"open","sticky":false,"template":"","format":"gallery","meta":{"footnotes":""},"categories":[10911,11003,10894,10904,10912,11009,10896],"tags":[10913,15476,10914],"class_list":["post-141389","post","type-post","status-publish","format-gallery","has-post-thumbnail","category-bunol-ca","category-sports","category-la-comarca-ca","category-sin-categorizar-ca","category-la-hoya-ca","category-polideportivo-ca","category-seccion-ca","tag-bunol-ca","tag-gimnasia-ritmica-ca","tag-la-hoya-de-bunol-chiva-ca","post_format-post-format-gallery"],"_links":{"self":[{"href":"https:\/\/tucomarca.whitekongsoftware.com\/ca\/wp-json\/wp\/v2\/posts\/141389","targetHints":{"allow":["GET"]}}],"collection":[{"href":"https:\/\/tucomarca.whitekongsoftware.com\/ca\/wp-json\/wp\/v2\/posts"}],"about":[{"href":"https:\/\/tucomarca.whitekongsoftware.com\/ca\/wp-json\/wp\/v2\/types\/post"}],"author":[{"embeddable":true,"href":"https:\/\/tucomarca.whitekongsoftware.com\/ca\/wp-json\/wp\/v2\/users\/1"}],"replies":[{"embeddable":true,"href":"https:\/\/tucomarca.whitekongsoftware.com\/ca\/wp-json\/wp\/v2\/comments?post=141389"}],"version-history":[{"count":0,"href":"https:\/\/tucomarca.whitekongsoftware.com\/ca\/wp-json\/wp\/v2\/posts\/141389\/revisions"}],"wp:featuredmedia":[{"embeddable":true,"href":"https:\/\/tucomarca.whitekongsoftware.com\/ca\/wp-json\/wp\/v2\/media\/141369"}],"wp:attachment":[{"href":"https:\/\/tucomarca.whitekongsoftware.com\/ca\/wp-json\/wp\/v2\/media?parent=141389"}],"wp:term":[{"taxonomy":"category","embeddable":true,"href":"https:\/\/tucomarca.whitekongsoftware.com\/ca\/wp-json\/wp\/v2\/categories?post=141389"},{"taxonomy":"post_tag","embeddable":true,"href":"https:\/\/tucomarca.whitekongsoftware.com\/ca\/wp-json\/wp\/v2\/tags?post=141389"}],"curies":[{"name":"wp","href":"https:\/\/api.w.org\/{rel}","templated":true}]}}