{"id":141365,"date":"2021-09-21T10:00:00","date_gmt":"2021-09-21T09:00:00","guid":{"rendered":"http:\/\/www.tucomarca.com\/wordpress\/segunda\/?p=141365"},"modified":"2021-09-22T02:07:42","modified_gmt":"2021-09-22T01:07:42","slug":"el-diputat-desports-andres-campos-es-reuneix-amb-el-president-de-la-mancomunitat-de-la-foia-de-bunyol-chiva","status":"publish","type":"post","link":"https:\/\/tucomarca.whitekongsoftware.com\/ca\/el-diputat-desports-andres-campos-es-reuneix-amb-el-president-de-la-mancomunitat-de-la-foia-de-bunyol-chiva\/","title":{"rendered":"El diputat d&#8217;Esports, Andr\u00e9s Campos, es reuneix amb el president de la Mancomunitat de la Foia de Bunyol-Chiva"},"content":{"rendered":"\n<p class=\"wp-block-paragraph\">El diputat de Joventut i Esports de la Diputaci\u00f3 de Val\u00e8ncia, Andr\u00e9s Campos, ha rebut aquest dimarts en la seu central de la corporaci\u00f3 provincial al president de la Mancomunitat de la Foia de Bu\u00f1ol-Chiva, Miguel T\u00f3rtola. Al llarg de la trobada, el diputat provincial i el tamb\u00e9 alcalde de Y\u00e1tova han abordat les diferents l\u00ednies de col\u00b7laboraci\u00f3 entre totes dues entitats en mat\u00e8ria de projectes esportius per als municipis pertanyents a la mancomunitat.<\/p>\n","protected":false},"excerpt":{"rendered":"<div class=\"mh-excerpt\">El diputat de Joventut i Esports de la Diputaci\u00f3 de Val\u00e8ncia, Andr\u00e9s Campos, ha rebut aquest dimarts en la seu central de la corporaci\u00f3 provincial al president de la Mancomunitat de la Foia de Bu\u00f1ol-Chiva, <a class=\"mh-excerpt-more\" href=\"https:\/\/tucomarca.whitekongsoftware.com\/ca\/el-diputat-desports-andres-campos-es-reuneix-amb-el-president-de-la-mancomunitat-de-la-foia-de-bunyol-chiva\/\" title=\"El diputat d&#8217;Esports, Andr\u00e9s Campos, es reuneix amb el president de la Mancomunitat de la Foia de Bunyol-Chiva\">[+] <\/a><\/div>\n","protected":false},"author":1,"featured_media":141363,"comment_status":"open","ping_status":"open","sticky":false,"template":"","format":"image","meta":{"footnotes":""},"categories":[10980,10948,10904,10912,10947,10896],"tags":[11074,11246,10914],"class_list":["post-141365","post","type-post","status-publish","format-image","has-post-thumbnail","category-yatova-ca","category-infraestructuras-ca","category-sin-categorizar-ca","category-la-hoya-ca","category-politica","category-seccion-ca","tag-deportes-ca","tag-diputacio-de-valencia-ca","tag-la-hoya-de-bunol-chiva-ca","post_format-post-format-image"],"_links":{"self":[{"href":"https:\/\/tucomarca.whitekongsoftware.com\/ca\/wp-json\/wp\/v2\/posts\/141365","targetHints":{"allow":["GET"]}}],"collection":[{"href":"https:\/\/tucomarca.whitekongsoftware.com\/ca\/wp-json\/wp\/v2\/posts"}],"about":[{"href":"https:\/\/tucomarca.whitekongsoftware.com\/ca\/wp-json\/wp\/v2\/types\/post"}],"author":[{"embeddable":true,"href":"https:\/\/tucomarca.whitekongsoftware.com\/ca\/wp-json\/wp\/v2\/users\/1"}],"replies":[{"embeddable":true,"href":"https:\/\/tucomarca.whitekongsoftware.com\/ca\/wp-json\/wp\/v2\/comments?post=141365"}],"version-history":[{"count":0,"href":"https:\/\/tucomarca.whitekongsoftware.com\/ca\/wp-json\/wp\/v2\/posts\/141365\/revisions"}],"wp:featuredmedia":[{"embeddable":true,"href":"https:\/\/tucomarca.whitekongsoftware.com\/ca\/wp-json\/wp\/v2\/media\/141363"}],"wp:attachment":[{"href":"https:\/\/tucomarca.whitekongsoftware.com\/ca\/wp-json\/wp\/v2\/media?parent=141365"}],"wp:term":[{"taxonomy":"category","embeddable":true,"href":"https:\/\/tucomarca.whitekongsoftware.com\/ca\/wp-json\/wp\/v2\/categories?post=141365"},{"taxonomy":"post_tag","embeddable":true,"href":"https:\/\/tucomarca.whitekongsoftware.com\/ca\/wp-json\/wp\/v2\/tags?post=141365"}],"curies":[{"name":"wp","href":"https:\/\/api.w.org\/{rel}","templated":true}]}}