{"id":141338,"date":"2021-09-20T13:28:00","date_gmt":"2021-09-20T12:28:00","guid":{"rendered":"http:\/\/www.tucomarca.com\/wordpress\/segunda\/?p=141338"},"modified":"2021-09-21T02:29:43","modified_gmt":"2021-09-21T01:29:43","slug":"el-cd-bunyol-disputa-la-fase-previa-de-copa-del-rei-aquest-dimecres-en-el-beltran-baguena-enfront-del-cfi-alacant","status":"publish","type":"post","link":"https:\/\/tucomarca.whitekongsoftware.com\/ca\/el-cd-bunyol-disputa-la-fase-previa-de-copa-del-rei-aquest-dimecres-en-el-beltran-baguena-enfront-del-cfi-alacant\/","title":{"rendered":"El CD Bunyol disputa la Fase Pr\u00e8via de Copa del Rei aquest dimecres en el Beltr\u00e1n B\u00e1guena enfront del CFI Alacant"},"content":{"rendered":"\n<p class=\"wp-block-paragraph\">El CD Bunyol va arrancar la lliga fa ja tres jornades, i ho fa sent l\u00edder de la seua categoria. Ha guanyat dos dels tres partits disputats fins ara, sent dos ells derbis regionals, com el que es va enfrontar a l&#8217;Utiel, en la primera jornada de lliga, i al Requena, en aquesta \u00faltima jornada, traient vict\u00f2ries dels dos partits.<\/p>\n\n\n\n<p class=\"wp-block-paragraph\">Esta semana tiene dos grandes encuentros. Arranca este mi\u00e9rcoles 22 de septiembre en el Beltr\u00e1n B\u00e1guena, a las 20,00 h con un partido de Fase previa de Copa del Rey frente al CFI Alicante. Su presidente, Francisco Zan\u00f3n, se muestra &#8220;muy esperanzado por el equipo, por las buenas sensaciones que est\u00e1 demostrando en cada encuentro, y por ello con el calor del p\u00fablico, se espera un partido emocionante y dif\u00edcil&#8221;. Por \u00faltimo, el domingo 26 de septiembre se disputar\u00e1 otro partido de liga, tambi\u00e9n en el campo bu\u00f1olense, frente al San Antonio de Benag\u00e9ber CF.<\/p>\n\n\n\n<p class=\"wp-block-paragraph\">Francisco Zan\u00f3n tambi\u00e9n ha confirmado que el pr\u00f3ixmo 17 de octubre tendr\u00e1 lugar en el teatro Montecarlo el acto homenaje del Centenario del CD Bu\u00f1ol, donde se presentar\u00e1 el libro y DVD creado para la ocasi\u00f3n, donde se resume la amplia historia que cuenta este gran club deportivo bu\u00f1olense y su enorme arraigo entre la poblaci\u00f3n.&nbsp;<\/p>\n","protected":false},"excerpt":{"rendered":"<div class=\"mh-excerpt\">El CD Bunyol va arrancar la lliga fa ja tres jornades, i ho fa sent l\u00edder de la seua categoria. Ha guanyat dos dels tres partits disputats fins ara, sent dos ells derbis regionals, com <a class=\"mh-excerpt-more\" href=\"https:\/\/tucomarca.whitekongsoftware.com\/ca\/el-cd-bunyol-disputa-la-fase-previa-de-copa-del-rei-aquest-dimecres-en-el-beltran-baguena-enfront-del-cfi-alacant\/\" title=\"El CD Bunyol disputa la Fase Pr\u00e8via de Copa del Rei aquest dimecres en el Beltr\u00e1n B\u00e1guena enfront del CFI Alacant\">[+] <\/a><\/div>\n","protected":false},"author":1,"featured_media":116058,"comment_status":"open","ping_status":"open","sticky":false,"template":"","format":"standard","meta":{"footnotes":""},"categories":[10911,11015,11003,10912,10896],"tags":[11126,11074,11547,10914],"class_list":["post-141338","post","type-post","status-publish","format-standard","has-post-thumbnail","category-bunol-ca","category-canal-futbol","category-sports","category-la-hoya-ca","category-seccion-ca","tag-cd-bunol-ca","tag-deportes-ca","tag-esport-ca","tag-la-hoya-de-bunol-chiva-ca"],"_links":{"self":[{"href":"https:\/\/tucomarca.whitekongsoftware.com\/ca\/wp-json\/wp\/v2\/posts\/141338","targetHints":{"allow":["GET"]}}],"collection":[{"href":"https:\/\/tucomarca.whitekongsoftware.com\/ca\/wp-json\/wp\/v2\/posts"}],"about":[{"href":"https:\/\/tucomarca.whitekongsoftware.com\/ca\/wp-json\/wp\/v2\/types\/post"}],"author":[{"embeddable":true,"href":"https:\/\/tucomarca.whitekongsoftware.com\/ca\/wp-json\/wp\/v2\/users\/1"}],"replies":[{"embeddable":true,"href":"https:\/\/tucomarca.whitekongsoftware.com\/ca\/wp-json\/wp\/v2\/comments?post=141338"}],"version-history":[{"count":0,"href":"https:\/\/tucomarca.whitekongsoftware.com\/ca\/wp-json\/wp\/v2\/posts\/141338\/revisions"}],"wp:featuredmedia":[{"embeddable":true,"href":"https:\/\/tucomarca.whitekongsoftware.com\/ca\/wp-json\/wp\/v2\/media\/116058"}],"wp:attachment":[{"href":"https:\/\/tucomarca.whitekongsoftware.com\/ca\/wp-json\/wp\/v2\/media?parent=141338"}],"wp:term":[{"taxonomy":"category","embeddable":true,"href":"https:\/\/tucomarca.whitekongsoftware.com\/ca\/wp-json\/wp\/v2\/categories?post=141338"},{"taxonomy":"post_tag","embeddable":true,"href":"https:\/\/tucomarca.whitekongsoftware.com\/ca\/wp-json\/wp\/v2\/tags?post=141338"}],"curies":[{"name":"wp","href":"https:\/\/api.w.org\/{rel}","templated":true}]}}