{"id":141312,"date":"2021-09-20T12:00:00","date_gmt":"2021-09-20T11:00:00","guid":{"rendered":"http:\/\/www.tucomarca.com\/wordpress\/segunda\/?p=141312"},"modified":"2021-09-21T02:24:38","modified_gmt":"2021-09-21T01:24:38","slug":"la-regidoria-de-cultura-i-lassociacio-de-veins-del-barri-sant-rafael-de-bunyol-convoquen-una-nova-edicio-del-seu-concurs-fotografic","status":"publish","type":"post","link":"https:\/\/tucomarca.whitekongsoftware.com\/ca\/la-regidoria-de-cultura-i-lassociacio-de-veins-del-barri-sant-rafael-de-bunyol-convoquen-una-nova-edicio-del-seu-concurs-fotografic\/","title":{"rendered":"La Regidoria de Cultura i l&#8217;Associaci\u00f3 de Ve\u00efns del Barri Sant Rafael de Bunyol convoquen una nova edici\u00f3 del seu Concurs Fotogr\u00e0fic"},"content":{"rendered":"\n<p class=\"wp-block-paragraph\"><strong>En aquesta edici\u00f3 les obres guanyadores seran exposades dins de la programaci\u00f3 d&#8217;una Tardor molt Art\u00edstica<\/strong><\/p>\n\n\n\n<p class=\"wp-block-paragraph\">La Regidoria de Cultura de l&#8217;Ajuntament de Bunyol i l&#8217;Associaci\u00f3 de Ve\u00efns del Barri Sant Rafael de la localitat organitzen una nova edici\u00f3 del seu tradicional Concurs Fotogr\u00e0fic un any m\u00e9s. A causa del creixent augment en el nombre de participants en les \u00faltimes edicions, aquest concurs s&#8217;ha convertit en tot un referent en l&#8217;agenda dels aficionats al m\u00f3n de la fotografia de tota la comarca.<\/p>\n\n\n\n<p class=\"wp-block-paragraph\">La tem\u00e0tica per a presentar les obres in\u00e8dites de cada autor \u00e9s la naturalesa i el medi ambient, destacant la riquesa paisatg\u00edstica i l&#8217;entorn natural de qualsevol punt de la Foia de Bunyol-Xiva. Les imatges es presentaran en format digital gravades en suport USB, el qual s&#8217;introduir\u00e0 en un sobre tancat per a la seua presentaci\u00f3. Han de presentar-se les fotografies per Registre d&#8217;Entrada del Consistori bu\u00f1olense. Poden presentar-se qualsevol persona f\u00edsica, professional o aficionat, sense l\u00edmit d&#8217;edat podent presentar-se fins a un m\u00e0xim de tres fotografies per autor.\u00a0<\/p>\n\n\n\n<p class=\"wp-block-paragraph\">El termini per a presentar fotografies \u00e9s fins al pr\u00f2xim 15 d&#8217;octubre. Els premis a atorgar s\u00f3n un Primer Premi, amb 250 euros i placa; un Segon Premi, amb 150 euros i placa; un Tercer Premi, amb 100 euros i placa; i el Premi del P\u00fablico, amb 100 euros i placa.<\/p>\n\n\n\n<p class=\"wp-block-paragraph\">L&#8217;anunci dels premis es realitzar\u00e0 en acte p\u00fablic dins dels actes de l&#8217;anomenada Tardor Art\u00edstica 2021, amb motiu de la inauguraci\u00f3 de l&#8217;exposici\u00f3 de les fotografies a concurs. De fet, la totalitat de les obres que entren a concurs podr\u00e0 ser objecte d&#8217;exposici\u00f3 durant els mesos d&#8217;octubre a desembre, dins de la programaci\u00f3 cultural d&#8217;una Tardor molt Art\u00edstica.&nbsp;<\/p>\n\n\n\n<p class=\"wp-block-paragraph\">Juan Luis Pall\u00e1s, regidor de Cultura bunyolense, agraeix la implicaci\u00f3 que l&#8217;Associaci\u00f3 de Ve\u00efns del Barri Sant Rafael de Bu\u00f1ol t\u00e9 en aquest concurs, que sempre ha format part de les seues tradicionals festes, \u201ci que encara que porten dos anys sense organitzar-les, aquest concurs est\u00e0 completament consolidat i esperat, i tot aix\u00f2 gr\u00e0cies a l&#8217;esfor\u00e7 i dedicaci\u00f3 de tot un barri\u201d, sent\u00e8ncia l&#8217;edil.<\/p>\n\n\n\n<p class=\"wp-block-paragraph\">El responsable de l&#8217;\u00e0rea de Cultura anima a la participaci\u00f3 de tots els bu\u00f1olenses i ve\u00efns de la comarca, ja que la passi\u00f3 per la fotografia est\u00e0 sent cada vegada m\u00e9s extensible. \u201cSegur que tots comptem amb paratges incre\u00efbles immortalitzats i que sense adonar-nos pot ser una imatge guanyadora, aix\u00ed que no ho dubten, que participen\u201d, anima Juan Luis Pall\u00e1s.<\/p>\n\n\n\n<figure class=\"wp-block-gallery columns-3 is-cropped wp-block-gallery-1 is-layout-flex wp-block-gallery-is-layout-flex\"><ul class=\"blocks-gallery-grid\"><li class=\"blocks-gallery-item\"><figure><img loading=\"lazy\" decoding=\"async\" width=\"1024\" height=\"712\" src=\"http:\/\/www.tucomarca.com\/wordpress\/segunda\/wp-content\/uploads\/2021\/09\/Tercer-premio-2020-1024x712.jpeg\" alt=\"\" data-id=\"141299\" data-link=\"https:\/\/www.tucomarca.com\/wordpress\/segunda\/?attachment_id=141299\" class=\"wp-image-141299\" srcset=\"https:\/\/tucomarca.whitekongsoftware.com\/wp-content\/uploads\/2021\/09\/Tercer-premio-2020-1024x712.jpeg 1024w, https:\/\/tucomarca.whitekongsoftware.com\/wp-content\/uploads\/2021\/09\/Tercer-premio-2020-300x209.jpeg 300w, https:\/\/tucomarca.whitekongsoftware.com\/wp-content\/uploads\/2021\/09\/Tercer-premio-2020-768x534.jpeg 768w, https:\/\/tucomarca.whitekongsoftware.com\/wp-content\/uploads\/2021\/09\/Tercer-premio-2020.jpeg 1280w\" sizes=\"auto, (max-width: 1024px) 100vw, 1024px\" \/><\/figure><\/li><li class=\"blocks-gallery-item\"><figure><img loading=\"lazy\" decoding=\"async\" width=\"1024\" height=\"875\" src=\"http:\/\/www.tucomarca.com\/wordpress\/segunda\/wp-content\/uploads\/2021\/09\/Primer-premio-2020-1024x875.jpeg\" alt=\"\" data-id=\"141303\" data-link=\"https:\/\/www.tucomarca.com\/wordpress\/segunda\/?attachment_id=141303\" class=\"wp-image-141303\" srcset=\"https:\/\/tucomarca.whitekongsoftware.com\/wp-content\/uploads\/2021\/09\/Primer-premio-2020-1024x875.jpeg 1024w, https:\/\/tucomarca.whitekongsoftware.com\/wp-content\/uploads\/2021\/09\/Primer-premio-2020-300x256.jpeg 300w, https:\/\/tucomarca.whitekongsoftware.com\/wp-content\/uploads\/2021\/09\/Primer-premio-2020-768x657.jpeg 768w, https:\/\/tucomarca.whitekongsoftware.com\/wp-content\/uploads\/2021\/09\/Primer-premio-2020.jpeg 1123w\" sizes=\"auto, (max-width: 1024px) 100vw, 1024px\" \/><\/figure><\/li><li class=\"blocks-gallery-item\"><figure><img loading=\"lazy\" decoding=\"async\" width=\"1024\" height=\"738\" src=\"http:\/\/www.tucomarca.com\/wordpress\/segunda\/wp-content\/uploads\/2021\/09\/Premio-del-Publico-2020-1024x738.jpeg\" alt=\"\" data-id=\"141307\" data-full-url=\"https:\/\/www.tucomarca.com\/wordpress\/segunda\/wp-content\/uploads\/2021\/09\/Premio-del-Publico-2020.jpeg\" data-link=\"https:\/\/www.tucomarca.com\/wordpress\/segunda\/?attachment_id=141307\" class=\"wp-image-141307\" srcset=\"https:\/\/tucomarca.whitekongsoftware.com\/wp-content\/uploads\/2021\/09\/Premio-del-Publico-2020-1024x738.jpeg 1024w, https:\/\/tucomarca.whitekongsoftware.com\/wp-content\/uploads\/2021\/09\/Premio-del-Publico-2020-300x216.jpeg 300w, https:\/\/tucomarca.whitekongsoftware.com\/wp-content\/uploads\/2021\/09\/Premio-del-Publico-2020-768x554.jpeg 768w, https:\/\/tucomarca.whitekongsoftware.com\/wp-content\/uploads\/2021\/09\/Premio-del-Publico-2020.jpeg 1280w\" sizes=\"auto, (max-width: 1024px) 100vw, 1024px\" \/><\/figure><\/li><\/ul><\/figure>\n","protected":false},"excerpt":{"rendered":"<div class=\"mh-excerpt\">En aquesta edici\u00f3 les obres guanyadores seran exposades dins de la programaci\u00f3 d&#8217;una Tardor molt Art\u00edstica La Regidoria de Cultura de l&#8217;Ajuntament de Bunyol i l&#8217;Associaci\u00f3 de Ve\u00efns del Barri Sant Rafael de la localitat <a class=\"mh-excerpt-more\" href=\"https:\/\/tucomarca.whitekongsoftware.com\/ca\/la-regidoria-de-cultura-i-lassociacio-de-veins-del-barri-sant-rafael-de-bunyol-convoquen-una-nova-edicio-del-seu-concurs-fotografic\/\" title=\"La Regidoria de Cultura i l&#8217;Associaci\u00f3 de Ve\u00efns del Barri Sant Rafael de Bunyol convoquen una nova edici\u00f3 del seu Concurs Fotogr\u00e0fic\">[+] <\/a><\/div>\n","protected":false},"author":1,"featured_media":141310,"comment_status":"open","ping_status":"open","sticky":false,"template":"","format":"gallery","meta":{"footnotes":""},"categories":[10911,10948,10894,10912,11007,10896],"tags":[10913,10914],"class_list":["post-141312","post","type-post","status-publish","format-gallery","has-post-thumbnail","category-bunol-ca","category-infraestructuras-ca","category-la-comarca-ca","category-la-hoya-ca","category-ocio-y-cultura-ca","category-seccion-ca","tag-bunol-ca","tag-la-hoya-de-bunol-chiva-ca","post_format-post-format-gallery"],"_links":{"self":[{"href":"https:\/\/tucomarca.whitekongsoftware.com\/ca\/wp-json\/wp\/v2\/posts\/141312","targetHints":{"allow":["GET"]}}],"collection":[{"href":"https:\/\/tucomarca.whitekongsoftware.com\/ca\/wp-json\/wp\/v2\/posts"}],"about":[{"href":"https:\/\/tucomarca.whitekongsoftware.com\/ca\/wp-json\/wp\/v2\/types\/post"}],"author":[{"embeddable":true,"href":"https:\/\/tucomarca.whitekongsoftware.com\/ca\/wp-json\/wp\/v2\/users\/1"}],"replies":[{"embeddable":true,"href":"https:\/\/tucomarca.whitekongsoftware.com\/ca\/wp-json\/wp\/v2\/comments?post=141312"}],"version-history":[{"count":0,"href":"https:\/\/tucomarca.whitekongsoftware.com\/ca\/wp-json\/wp\/v2\/posts\/141312\/revisions"}],"wp:featuredmedia":[{"embeddable":true,"href":"https:\/\/tucomarca.whitekongsoftware.com\/ca\/wp-json\/wp\/v2\/media\/141310"}],"wp:attachment":[{"href":"https:\/\/tucomarca.whitekongsoftware.com\/ca\/wp-json\/wp\/v2\/media?parent=141312"}],"wp:term":[{"taxonomy":"category","embeddable":true,"href":"https:\/\/tucomarca.whitekongsoftware.com\/ca\/wp-json\/wp\/v2\/categories?post=141312"},{"taxonomy":"post_tag","embeddable":true,"href":"https:\/\/tucomarca.whitekongsoftware.com\/ca\/wp-json\/wp\/v2\/tags?post=141312"}],"curies":[{"name":"wp","href":"https:\/\/api.w.org\/{rel}","templated":true}]}}