{"id":141266,"date":"2021-09-18T08:11:00","date_gmt":"2021-09-18T07:11:00","guid":{"rendered":"http:\/\/www.tucomarca.com\/wordpress\/segunda\/?p=141266"},"modified":"2021-09-18T18:48:59","modified_gmt":"2021-09-18T17:48:59","slug":"benaguasil-posa-en-marxa-el-programa-aula-mentor-per-a-la-formacio-dels-seus-veins","status":"publish","type":"post","link":"https:\/\/tucomarca.whitekongsoftware.com\/ca\/benaguasil-posa-en-marxa-el-programa-aula-mentor-per-a-la-formacio-dels-seus-veins\/","title":{"rendered":"Benaguasil posa en marxa el programa Aula Mentor per a la formaci\u00f3 dels seus ve\u00efns"},"content":{"rendered":"\n<h4 class=\"wp-block-heading\">El projecte permetr\u00e0 als ve\u00efns majors de 18 anys ampliar la seua formaci\u00f3 o reciclar-se.<\/h4>\n\n\n\n<h4 class=\"wp-block-heading\">La ciutadania tindr\u00e0 l&#8217;oportunitat d&#8217;accedir a una extensa oferta de cursos en l\u00ednia, classificats per \u00e0rees formatives.<\/h4>\n\n\n\n<p class=\"wp-block-paragraph\">L&#8217;Ajuntament de Benaguasil posar\u00e0 en marxa el programa en l\u00ednia \u201cAula mentor\u201d que permetr\u00e0 ampliar l&#8217;oferta de formaci\u00f3 als ve\u00efns de la localitat majors de 18 anys.<br>La iniciativa es posar\u00e0 en marxa en la planta baixa de la Biblioteca Municipal, despr\u00e9s d&#8217;aprovar el Ministeri d&#8217;Educaci\u00f3 la sol\u00b7licitud de l&#8217;Ajuntament per a formar part d&#8217;aquest programa basat en un sistema de formaci\u00f3 oberta, de f\u00e0cil aprenentatge, amb tutoritzaci\u00f3 personalitzada i amb un ampli cat\u00e0leg de cursos amb els quals poder ampliar els seus coneixements, que van des dels usuals de l&#8217;\u00e0mbit inform\u00e0tic com poden ser inform\u00e0tica i internet, passant per cursos d&#8217;idiomes, fins de car\u00e0cter m\u00e9s espec\u00edfics com a educaci\u00f3, cultura,&nbsp;sanitat, etc.<br>Per a aix\u00f2, l&#8217;Ajuntament de Benaguasil posar\u00e0 a disposici\u00f3 l&#8217;aula d&#8217;Inform\u00e0tica de la Biblioteca que podr\u00e0 ser utilitzada per tots els que estiguen interessats a realitzar aquest tipus de cursos, destinats tant a joves com adults interessats a actualitzar-se des del punt de vista laboral i personal, amb independ\u00e8ncia de la seua titulaci\u00f3 i nivell d&#8217;estudis. En aquest sentit la regidor d&#8217;Atenci\u00f3 a la Ciutadania, Ana Aleixandre, ha assenyalat que \u201cla creaci\u00f3 d&#8217;aquest Aula Mentor facilitara l&#8217;aprenentatge continu als ve\u00efns de la nostra localitat que desitgen ampliar la seua formaci\u00f3 o reciclar els seus coneixements, en incorporar una extensa oferta de cursos en l\u00ednia en els quals l&#8217;alumne planifica el seu itinerari formatiu i determina el seu ritme de treball i l&#8217;horari de desenvolupament del curs\u201d. A m\u00e9s \u201cpodran realitzar-ho d&#8217;una forma c\u00f2moda, senzilla,&nbsp;assequible i accessible des de la seua pr\u00f2pia casa&nbsp;a trav\u00e9s d&#8217;internet o b\u00e9 des de la pr\u00f2pia \u201cAula Mentor\u201d situada a la Biblioteca.<br>Les persones interessades a inscriure&#8217;s en el projecte l&#8217;Aula Mentor poden cridar a l&#8217;Ajuntament per a rebre informaci\u00f3 sobre aquest tema.<\/p>\n\n\n\n<p class=\"wp-block-paragraph\"><\/p>\n","protected":false},"excerpt":{"rendered":"<div class=\"mh-excerpt\">El projecte permetr\u00e0 als ve\u00efns majors de 18 anys ampliar la seua formaci\u00f3 o reciclar-se. La ciutadania tindr\u00e0 l&#8217;oportunitat d&#8217;accedir a una extensa oferta de cursos en l\u00ednia, classificats per \u00e0rees formatives. L&#8217;Ajuntament de Benaguasil <a class=\"mh-excerpt-more\" href=\"https:\/\/tucomarca.whitekongsoftware.com\/ca\/benaguasil-posa-en-marxa-el-programa-aula-mentor-per-a-la-formacio-dels-seus-veins\/\" title=\"Benaguasil posa en marxa el programa Aula Mentor per a la formaci\u00f3 dels seus ve\u00efns\">[+] <\/a><\/div>\n","protected":false},"author":12,"featured_media":141265,"comment_status":"open","ping_status":"open","sticky":false,"template":"","format":"standard","meta":{"footnotes":""},"categories":[10952,10892,10948,10894,10947,10896],"tags":[15508,11136,12001,10899],"class_list":["post-141266","post","type-post","status-publish","format-standard","has-post-thumbnail","category-benaguasil-ca","category-camp-de-turia-ca","category-infraestructuras-ca","category-la-comarca-ca","category-politica","category-seccion-ca","tag-aula-mentor-ca","tag-benaguasil-ca","tag-biblioteca-municipal-ca","tag-camp-de-turia-ca"],"_links":{"self":[{"href":"https:\/\/tucomarca.whitekongsoftware.com\/ca\/wp-json\/wp\/v2\/posts\/141266","targetHints":{"allow":["GET"]}}],"collection":[{"href":"https:\/\/tucomarca.whitekongsoftware.com\/ca\/wp-json\/wp\/v2\/posts"}],"about":[{"href":"https:\/\/tucomarca.whitekongsoftware.com\/ca\/wp-json\/wp\/v2\/types\/post"}],"author":[{"embeddable":true,"href":"https:\/\/tucomarca.whitekongsoftware.com\/ca\/wp-json\/wp\/v2\/users\/12"}],"replies":[{"embeddable":true,"href":"https:\/\/tucomarca.whitekongsoftware.com\/ca\/wp-json\/wp\/v2\/comments?post=141266"}],"version-history":[{"count":0,"href":"https:\/\/tucomarca.whitekongsoftware.com\/ca\/wp-json\/wp\/v2\/posts\/141266\/revisions"}],"wp:featuredmedia":[{"embeddable":true,"href":"https:\/\/tucomarca.whitekongsoftware.com\/ca\/wp-json\/wp\/v2\/media\/141265"}],"wp:attachment":[{"href":"https:\/\/tucomarca.whitekongsoftware.com\/ca\/wp-json\/wp\/v2\/media?parent=141266"}],"wp:term":[{"taxonomy":"category","embeddable":true,"href":"https:\/\/tucomarca.whitekongsoftware.com\/ca\/wp-json\/wp\/v2\/categories?post=141266"},{"taxonomy":"post_tag","embeddable":true,"href":"https:\/\/tucomarca.whitekongsoftware.com\/ca\/wp-json\/wp\/v2\/tags?post=141266"}],"curies":[{"name":"wp","href":"https:\/\/api.w.org\/{rel}","templated":true}]}}