{"id":141225,"date":"2021-09-17T18:00:00","date_gmt":"2021-09-17T17:00:00","guid":{"rendered":"http:\/\/www.tucomarca.com\/wordpress\/segunda\/?p=141225"},"modified":"2021-09-18T10:42:48","modified_gmt":"2021-09-18T09:42:48","slug":"la-bolcada-dun-camio-provoca-el-tall-durant-hora-i-mitja-de-la-a-3-a-laltura-de-lestacio-de-lave-de-requena-utiel-en-sentit-valencia","status":"publish","type":"post","link":"https:\/\/tucomarca.whitekongsoftware.com\/ca\/la-bolcada-dun-camio-provoca-el-tall-durant-hora-i-mitja-de-la-a-3-a-laltura-de-lestacio-de-lave-de-requena-utiel-en-sentit-valencia\/","title":{"rendered":"La bolcada d&#8217;un cami\u00f3 provoca el tall durant hora i mitja de la A-3 a l&#8217;altura de l&#8217;estaci\u00f3 de l&#8217;AVE de Requena-Utiel en sentit Val\u00e8ncia"},"content":{"rendered":"\n<figure class=\"wp-block-image size-large\"><img loading=\"lazy\" decoding=\"async\" width=\"787\" height=\"442\" src=\"http:\/\/www.tucomarca.com\/wordpress\/segunda\/wp-content\/uploads\/2021\/09\/A3accidenteCamion1.jpg\" alt=\"\" class=\"wp-image-141171\" srcset=\"https:\/\/tucomarca.whitekongsoftware.com\/wp-content\/uploads\/2021\/09\/A3accidenteCamion1.jpg 787w, https:\/\/tucomarca.whitekongsoftware.com\/wp-content\/uploads\/2021\/09\/A3accidenteCamion1-300x168.jpg 300w, https:\/\/tucomarca.whitekongsoftware.com\/wp-content\/uploads\/2021\/09\/A3accidenteCamion1-768x431.jpg 768w, https:\/\/tucomarca.whitekongsoftware.com\/wp-content\/uploads\/2021\/09\/A3accidenteCamion1-678x381.jpg 678w\" sizes=\"auto, (max-width: 787px) 100vw, 787px\" \/><\/figure>\n\n\n\n<figure class=\"wp-block-image size-large\"><img loading=\"lazy\" decoding=\"async\" width=\"1024\" height=\"768\" src=\"http:\/\/www.tucomarca.com\/wordpress\/segunda\/wp-content\/uploads\/2021\/09\/A\u00b7Accidentecamion-1024x768.jpeg\" alt=\"\" class=\"wp-image-141227\" srcset=\"https:\/\/tucomarca.whitekongsoftware.com\/wp-content\/uploads\/2021\/09\/A\u00b7Accidentecamion-1024x768.jpeg 1024w, https:\/\/tucomarca.whitekongsoftware.com\/wp-content\/uploads\/2021\/09\/A\u00b7Accidentecamion-300x225.jpeg 300w, https:\/\/tucomarca.whitekongsoftware.com\/wp-content\/uploads\/2021\/09\/A\u00b7Accidentecamion-768x576.jpeg 768w, https:\/\/tucomarca.whitekongsoftware.com\/wp-content\/uploads\/2021\/09\/A\u00b7Accidentecamion-1536x1152.jpeg 1536w, https:\/\/tucomarca.whitekongsoftware.com\/wp-content\/uploads\/2021\/09\/A\u00b7Accidentecamion-678x509.jpeg 678w, https:\/\/tucomarca.whitekongsoftware.com\/wp-content\/uploads\/2021\/09\/A\u00b7Accidentecamion-326x245.jpeg 326w, https:\/\/tucomarca.whitekongsoftware.com\/wp-content\/uploads\/2021\/09\/A\u00b7Accidentecamion-80x60.jpeg 80w, https:\/\/tucomarca.whitekongsoftware.com\/wp-content\/uploads\/2021\/09\/A\u00b7Accidentecamion.jpeg 2048w\" sizes=\"auto, (max-width: 1024px) 100vw, 1024px\" \/><\/figure>\n\n\n\n<figure class=\"wp-block-gallery columns-1 is-cropped wp-block-gallery-1 is-layout-flex wp-block-gallery-is-layout-flex\"><ul class=\"blocks-gallery-grid\"><li class=\"blocks-gallery-item\"><figure><img loading=\"lazy\" decoding=\"async\" width=\"787\" height=\"590\" src=\"http:\/\/www.tucomarca.com\/wordpress\/segunda\/wp-content\/uploads\/2021\/09\/A3accidenteCamion3.jpg\" alt=\"\" data-id=\"141175\" data-full-url=\"http:\/\/www.tucomarca.com\/wordpress\/segunda\/wp-content\/uploads\/2021\/09\/A3accidenteCamion3.jpg\" data-link=\"http:\/\/www.tucomarca.com\/wordpress\/segunda\/?attachment_id=141175\" class=\"wp-image-141175\" srcset=\"https:\/\/tucomarca.whitekongsoftware.com\/wp-content\/uploads\/2021\/09\/A3accidenteCamion3.jpg 787w, https:\/\/tucomarca.whitekongsoftware.com\/wp-content\/uploads\/2021\/09\/A3accidenteCamion3-300x225.jpg 300w, https:\/\/tucomarca.whitekongsoftware.com\/wp-content\/uploads\/2021\/09\/A3accidenteCamion3-768x576.jpg 768w, https:\/\/tucomarca.whitekongsoftware.com\/wp-content\/uploads\/2021\/09\/A3accidenteCamion3-678x509.jpg 678w, https:\/\/tucomarca.whitekongsoftware.com\/wp-content\/uploads\/2021\/09\/A3accidenteCamion3-326x245.jpg 326w, https:\/\/tucomarca.whitekongsoftware.com\/wp-content\/uploads\/2021\/09\/A3accidenteCamion3-80x60.jpg 80w\" sizes=\"auto, (max-width: 787px) 100vw, 787px\" \/><\/figure><\/li><\/ul><\/figure>\n\n\n\n<p class=\"wp-block-paragraph\">Un cami\u00f3 de gran cilindrada que transportava fruita ha bolcat aquest divendres despr\u00e9s de patir un accident en l&#8217;Autovia de l&#8217;Est A-3 en direcci\u00f3 cap a Val\u00e8ncia, concretament a 500 metres de l&#8217;eixida 268 a l&#8217;altura de l&#8217;estaci\u00f3 de l&#8217;AVE Requena-Utiel<\/p>\n\n\n\n<p class=\"wp-block-paragraph\">L&#8217;accident s&#8217;ha produ\u00eft passades les dues del migdia i ha provocat tant el tall de la carretera en aquest sentit com el del carril esquerre en sentit cap a Madrid.<\/p>\n\n\n\n<p class=\"wp-block-paragraph\">En el sinistre ha resultat ferit el conductor del vehicle, que ha sigut traslladat amb urg\u00e8ncia a un centre hospitalari.<\/p>\n\n\n\n<p class=\"wp-block-paragraph\">Fins al lloc de l&#8217;accident, a m\u00e9s d&#8217;una unitat del SAMU, s&#8217;han despla\u00e7at diversos vehicles de la Gu\u00e0rdia Civil i una dotaci\u00f3 del Consorci de Bombers de Val\u00e8ncia.<\/p>\n\n\n\n<p class=\"wp-block-paragraph\">Aquesta bolcada ha generat una cua de diversos quil\u00f2metres des de la incorporaci\u00f3 a l&#8217;A3 d&#8217;Utiel en direcci\u00f3 cap a Val\u00e8ncia; un tr\u00e0nsit que no s&#8217;ha obert per un sol carril i \u00fanicament per als turismes fins a les 15,25 hores. El tr\u00e0nsit per a camions i vehicles pesants no ha pogut restablir-se fins que no s&#8217;ha retirat el cami\u00f3 accidentat de la via ja que aquest ocupava els dos carrils i a m\u00e9s s&#8217;havia vessat el combustible per tota la superf\u00edcie de la cal\u00e7ada.<\/p>\n\n\n\n<p class=\"wp-block-paragraph\">Per a l&#8217;al\u00e7ament del vehicle s&#8217;ha fet necessari la utilitzaci\u00f3 d&#8217;una grua de grans dimensions.<\/p>\n","protected":false},"excerpt":{"rendered":"<div class=\"mh-excerpt\">Un cami\u00f3 de gran cilindrada que transportava fruita ha bolcat aquest divendres despr\u00e9s de patir un accident en l&#8217;Autovia de l&#8217;Est A-3 en direcci\u00f3 cap a Val\u00e8ncia, concretament a 500 metres de l&#8217;eixida 268 a <a class=\"mh-excerpt-more\" href=\"https:\/\/tucomarca.whitekongsoftware.com\/ca\/la-bolcada-dun-camio-provoca-el-tall-durant-hora-i-mitja-de-la-a-3-a-laltura-de-lestacio-de-lave-de-requena-utiel-en-sentit-valencia\/\" title=\"La bolcada d&#8217;un cami\u00f3 provoca el tall durant hora i mitja de la A-3 a l&#8217;altura de l&#8217;estaci\u00f3 de l&#8217;AVE de Requena-Utiel en sentit Val\u00e8ncia\">[+] <\/a><\/div>\n","protected":false},"author":12,"featured_media":141174,"comment_status":"open","ping_status":"open","sticky":false,"template":"","format":"gallery","meta":{"footnotes":""},"categories":[10898,10894,10908,10909,10896,10897,11059],"tags":[15504,12993,15505,15506,11099,11174,11459],"class_list":["post-141225","post","type-post","status-publish","format-gallery","has-post-thumbnail","category-ventana-ca","category-la-comarca-ca","category-requena-ca","category-requena-utiel-ca","category-seccion-ca","category-sucesos-la-comarca-ca","category-utiel-ca","tag-accidentes-de-trafico-ca","tag-autovia-a-3-ca","tag-camion-ca","tag-estacion-del-ave-ca","tag-requena-ca","tag-utiel-ca","tag-utiel-requena-ca","post_format-post-format-gallery"],"_links":{"self":[{"href":"https:\/\/tucomarca.whitekongsoftware.com\/ca\/wp-json\/wp\/v2\/posts\/141225","targetHints":{"allow":["GET"]}}],"collection":[{"href":"https:\/\/tucomarca.whitekongsoftware.com\/ca\/wp-json\/wp\/v2\/posts"}],"about":[{"href":"https:\/\/tucomarca.whitekongsoftware.com\/ca\/wp-json\/wp\/v2\/types\/post"}],"author":[{"embeddable":true,"href":"https:\/\/tucomarca.whitekongsoftware.com\/ca\/wp-json\/wp\/v2\/users\/12"}],"replies":[{"embeddable":true,"href":"https:\/\/tucomarca.whitekongsoftware.com\/ca\/wp-json\/wp\/v2\/comments?post=141225"}],"version-history":[{"count":0,"href":"https:\/\/tucomarca.whitekongsoftware.com\/ca\/wp-json\/wp\/v2\/posts\/141225\/revisions"}],"wp:featuredmedia":[{"embeddable":true,"href":"https:\/\/tucomarca.whitekongsoftware.com\/ca\/wp-json\/wp\/v2\/media\/141174"}],"wp:attachment":[{"href":"https:\/\/tucomarca.whitekongsoftware.com\/ca\/wp-json\/wp\/v2\/media?parent=141225"}],"wp:term":[{"taxonomy":"category","embeddable":true,"href":"https:\/\/tucomarca.whitekongsoftware.com\/ca\/wp-json\/wp\/v2\/categories?post=141225"},{"taxonomy":"post_tag","embeddable":true,"href":"https:\/\/tucomarca.whitekongsoftware.com\/ca\/wp-json\/wp\/v2\/tags?post=141225"}],"curies":[{"name":"wp","href":"https:\/\/api.w.org\/{rel}","templated":true}]}}