{"id":141189,"date":"2021-09-17T14:32:00","date_gmt":"2021-09-17T13:32:00","guid":{"rendered":"http:\/\/www.tucomarca.com\/wordpress\/segunda\/?p=141189"},"modified":"2021-09-17T18:34:34","modified_gmt":"2021-09-17T17:34:34","slug":"lauditori-municipal-de-sant-lluis-de-bunyol-alberga-aquesta-vesprada-una-conferencia-motivacional-a-carrec-del-reconegut-victor-kuppers","status":"publish","type":"post","link":"https:\/\/tucomarca.whitekongsoftware.com\/ca\/lauditori-municipal-de-sant-lluis-de-bunyol-alberga-aquesta-vesprada-una-conferencia-motivacional-a-carrec-del-reconegut-victor-kuppers\/","title":{"rendered":"L&#8217;Auditori Municipal de Sant Llu\u00eds de Bunyol alberga aquesta vesprada una confer\u00e8ncia motivacional a c\u00e0rrec del reconegut Victor K\u00fcppers"},"content":{"rendered":"\n<p class=\"wp-block-paragraph\">L&#8217;Associaci\u00f3 d&#8217;Empresaris i Aut\u00f2noms de Bu\u00f1ol organitza per a aquesta vesprada a partir de les 19h una confer\u00e8ncia motivacional a c\u00e0rrec del reconegut internacionalment V\u00edctor K\u00fcppers a l&#8217;Auditori Municipal de Sant Llu\u00eds anomenada \u201cEnfocar el futur amb actitud optimista\u201d.<br>L&#8217;aforament ja est\u00e0 completat, preparat per a 1.500 assistents. L&#8217;\u00e8xit est\u00e0 garantit. I \u00e9s que despr\u00e9s de diversos intents per a aconseguir que donara una de les seues xarrades, aquesta associaci\u00f3 ho ha aconseguit. Aquesta vesprada a partir de les 19h V\u00edctor K\u00fcppers, reconegut conferenciant motivacional ve a Bu\u00f1ol. Oferir\u00e0 diverses claus sobre com afrontar el futur, i enfocat als empresaris i aut\u00f2noms de la localitat.&nbsp;<br>Pedro Rubio, president d&#8217;aquesta associaci\u00f3 bu\u00f1olense, ha confirmat que a causa de la pand\u00e8mia i la crisi econ\u00f2mica generada d&#8217;ella, s\u00f3n molts els aut\u00f2noms i empresaris del municipi que ens sol\u00b7licitaven organitzar aquest tipus d&#8217;esdeveniment per a poder animar a la poblaci\u00f3 en el futur que ens espera, i fer-lo amb il\u00b7lusi\u00f3 i esperan\u00e7a.&nbsp;<br>Aquest acte est\u00e0 organitzat per l&#8217;Associaci\u00f3 d&#8217;Empresaris i Aut\u00f2noms de Bu\u00f1ol i la Regidoria d&#8217;Ocupaci\u00f3 i Comer\u00e7 de l&#8217;Ajuntament.<\/p>\n\n\n\n<p class=\"wp-block-paragraph\"><\/p>\n","protected":false},"excerpt":{"rendered":"<div class=\"mh-excerpt\">L&#8217;Associaci\u00f3 d&#8217;Empresaris i Aut\u00f2noms de Bu\u00f1ol organitza per a aquesta vesprada a partir de les 19h una confer\u00e8ncia motivacional a c\u00e0rrec del reconegut internacionalment V\u00edctor K\u00fcppers a l&#8217;Auditori Municipal de Sant Llu\u00eds anomenada \u201cEnfocar el <a class=\"mh-excerpt-more\" href=\"https:\/\/tucomarca.whitekongsoftware.com\/ca\/lauditori-municipal-de-sant-lluis-de-bunyol-alberga-aquesta-vesprada-una-conferencia-motivacional-a-carrec-del-reconegut-victor-kuppers\/\" title=\"L&#8217;Auditori Municipal de Sant Llu\u00eds de Bunyol alberga aquesta vesprada una confer\u00e8ncia motivacional a c\u00e0rrec del reconegut Victor K\u00fcppers\">[+] <\/a><\/div>\n","protected":false},"author":12,"featured_media":141188,"comment_status":"open","ping_status":"open","sticky":false,"template":"","format":"standard","meta":{"footnotes":""},"categories":[10911,10894,10912,11007,10896],"tags":[12189,10913,15495,10914,15496],"class_list":["post-141189","post","type-post","status-publish","format-standard","has-post-thumbnail","category-bunol-ca","category-la-comarca-ca","category-la-hoya-ca","category-ocio-y-cultura-ca","category-seccion-ca","tag-asociacion-de-comerciantes-de-bunol-ca","tag-bunol-ca","tag-conferencia-victor-kuppers-ca","tag-la-hoya-de-bunol-chiva-ca","tag-victor-kuppers-2-ca"],"_links":{"self":[{"href":"https:\/\/tucomarca.whitekongsoftware.com\/ca\/wp-json\/wp\/v2\/posts\/141189","targetHints":{"allow":["GET"]}}],"collection":[{"href":"https:\/\/tucomarca.whitekongsoftware.com\/ca\/wp-json\/wp\/v2\/posts"}],"about":[{"href":"https:\/\/tucomarca.whitekongsoftware.com\/ca\/wp-json\/wp\/v2\/types\/post"}],"author":[{"embeddable":true,"href":"https:\/\/tucomarca.whitekongsoftware.com\/ca\/wp-json\/wp\/v2\/users\/12"}],"replies":[{"embeddable":true,"href":"https:\/\/tucomarca.whitekongsoftware.com\/ca\/wp-json\/wp\/v2\/comments?post=141189"}],"version-history":[{"count":0,"href":"https:\/\/tucomarca.whitekongsoftware.com\/ca\/wp-json\/wp\/v2\/posts\/141189\/revisions"}],"wp:featuredmedia":[{"embeddable":true,"href":"https:\/\/tucomarca.whitekongsoftware.com\/ca\/wp-json\/wp\/v2\/media\/141188"}],"wp:attachment":[{"href":"https:\/\/tucomarca.whitekongsoftware.com\/ca\/wp-json\/wp\/v2\/media?parent=141189"}],"wp:term":[{"taxonomy":"category","embeddable":true,"href":"https:\/\/tucomarca.whitekongsoftware.com\/ca\/wp-json\/wp\/v2\/categories?post=141189"},{"taxonomy":"post_tag","embeddable":true,"href":"https:\/\/tucomarca.whitekongsoftware.com\/ca\/wp-json\/wp\/v2\/tags?post=141189"}],"curies":[{"name":"wp","href":"https:\/\/api.w.org\/{rel}","templated":true}]}}