{"id":141090,"date":"2021-09-16T12:00:00","date_gmt":"2021-09-16T11:00:00","guid":{"rendered":"http:\/\/www.tucomarca.com\/wordpress\/segunda\/?p=141090"},"modified":"2021-09-16T21:31:27","modified_gmt":"2021-09-16T20:31:27","slug":"la-comarca-acull-la-jornada-formativa-de-avalem-territori-dedicada-a-la-innovacio-territorial-en-lagricultura-i-el-mercat-laboral","status":"publish","type":"post","link":"https:\/\/tucomarca.whitekongsoftware.com\/ca\/la-comarca-acull-la-jornada-formativa-de-avalem-territori-dedicada-a-la-innovacio-territorial-en-lagricultura-i-el-mercat-laboral\/","title":{"rendered":"La comarca acull la jornada formativa de Avalem Territori dedicada a la Innovaci\u00f3 Territorial en l&#8217;Agricultura i el Mercat Laboral"},"content":{"rendered":"\n<p class=\"wp-block-paragraph\"><strong>El Projecte Experimental d&#8217;Ocupaci\u00f3 ADAPT@+T 21 va presentar el \u201cProjecte pilot d&#8217;Aproximaci\u00f3 al Sector Agrari i Ramader\u201d, que est\u00e0 desenvolupant en el marc de l&#8217;Acord Territorial per l&#8217;Ocupaci\u00f3 i Desenvolupament Local impulsat des de la Mancomunitat de l&#8217;Interior Terra del Vi i els municipis de la comarca, per a contribuir al desenvolupament sostenible del territori<\/strong><\/p>\n\n\n\n<p class=\"wp-block-paragraph\">Dimarts passat 14 de setembre es va celebrar a la Casa de la Cultura d&#8217;Utiel la presentaci\u00f3 del \u201cProjecte pilot d&#8217;Aproximaci\u00f3 al Sector Agrari i Ramader\u201d de la comarca, com a part de les accions formatives del programa Avalem Territori que v\u00e9nen desenvolupant-se des de LABORA en col\u00b7laboraci\u00f3 amb tres universitats de la Comunitat Valenciana: Universitat d&#8217;Alacant, Universitat Jaume I de Castell\u00f3 i Universitat de Val\u00e8ncia.&nbsp;<\/p>\n\n\n\n<p class=\"wp-block-paragraph\">La Jornada es va obrir amb la benvinguda de l&#8217;alcalde d&#8217;Utiel, Fernando Benlliure, i del president de la Mancomunitat de l&#8217;Interior de Terra del Vi (MITV), Gabriel Mata, a m\u00e9s de les paraules del coordinador del programa Avalem Territori, Jorge Hermosilla, i el Director Territorial de LABORA, Santiago Garc\u00eda.<\/p>\n\n\n\n<p class=\"wp-block-paragraph\">Al llarg de la jornada, a m\u00e9s de la presentaci\u00f3 del \u201cProjecte pilot d&#8217;Aproximaci\u00f3 al Sector Agrari i Ramader\u201d de la comarca que est\u00e0 desenvolupant el Projecte Experimental d&#8217;Ocupaci\u00f3 ADAPT@+T 21 dins de l&#8217;Acord Territorial per l&#8217;Ocupaci\u00f3 i Desenvolupament Local (ATEDL) impulsat des de la MITV i els municipis de la comarca, es van presentar els resultats de les investigacions realitzades pels professors de les diferents universitats, a trav\u00e9s dels pactes territorials per l&#8217;ocupaci\u00f3 existents a la Comunitat Valenciana que tenen relaci\u00f3 a la viticultura, citricultura i ole\u00efcultura.<\/p>\n\n\n\n<p class=\"wp-block-paragraph\">El Projecte Experimental d&#8217;Ocupaci\u00f3 ADAPT@+T 21 \u00e9s fruit de les actuacions que s&#8217;estan duent a terme per a contribuir al desenvolupament sostenible de la comarca i els seus municipis -Camporrobles, Caudete de las Fuentes, Chera, Fuenterrobles, Requena, Sinarcas, Utiel, Venta del Moro i Villargordo del Cabriel- en el marc del ATEDL de la MITV.<\/p>\n","protected":false},"excerpt":{"rendered":"<div class=\"mh-excerpt\">El Projecte Experimental d&#8217;Ocupaci\u00f3 ADAPT@+T 21 va presentar el \u201cProjecte pilot d&#8217;Aproximaci\u00f3 al Sector Agrari i Ramader\u201d, que est\u00e0 desenvolupant en el marc de l&#8217;Acord Territorial per l&#8217;Ocupaci\u00f3 i Desenvolupament Local impulsat des de la <a class=\"mh-excerpt-more\" href=\"https:\/\/tucomarca.whitekongsoftware.com\/ca\/la-comarca-acull-la-jornada-formativa-de-avalem-territori-dedicada-a-la-innovacio-territorial-en-lagricultura-i-el-mercat-laboral\/\" title=\"La comarca acull la jornada formativa de Avalem Territori dedicada a la Innovaci\u00f3 Territorial en l&#8217;Agricultura i el Mercat Laboral\">[+] <\/a><\/div>\n","protected":false},"author":1,"featured_media":141087,"comment_status":"open","ping_status":"open","sticky":false,"template":"","format":"standard","meta":{"footnotes":""},"categories":[10905,11006,10898,10948,10894,11007,10947,10909,10896],"tags":[11309,10910,12673],"class_list":["post-141090","post","type-post","status-publish","format-standard","has-post-thumbnail","category-agricultura-la-comarca-ca","category-canal-vinos","category-ventana-ca","category-infraestructuras-ca","category-la-comarca-ca","category-ocio-y-cultura-ca","category-politica","category-requena-utiel-ca","category-seccion-ca","tag-agricultura-ca","tag-requena-utiel-ca","tag-vinos-2-ca"],"_links":{"self":[{"href":"https:\/\/tucomarca.whitekongsoftware.com\/ca\/wp-json\/wp\/v2\/posts\/141090","targetHints":{"allow":["GET"]}}],"collection":[{"href":"https:\/\/tucomarca.whitekongsoftware.com\/ca\/wp-json\/wp\/v2\/posts"}],"about":[{"href":"https:\/\/tucomarca.whitekongsoftware.com\/ca\/wp-json\/wp\/v2\/types\/post"}],"author":[{"embeddable":true,"href":"https:\/\/tucomarca.whitekongsoftware.com\/ca\/wp-json\/wp\/v2\/users\/1"}],"replies":[{"embeddable":true,"href":"https:\/\/tucomarca.whitekongsoftware.com\/ca\/wp-json\/wp\/v2\/comments?post=141090"}],"version-history":[{"count":0,"href":"https:\/\/tucomarca.whitekongsoftware.com\/ca\/wp-json\/wp\/v2\/posts\/141090\/revisions"}],"wp:featuredmedia":[{"embeddable":true,"href":"https:\/\/tucomarca.whitekongsoftware.com\/ca\/wp-json\/wp\/v2\/media\/141087"}],"wp:attachment":[{"href":"https:\/\/tucomarca.whitekongsoftware.com\/ca\/wp-json\/wp\/v2\/media?parent=141090"}],"wp:term":[{"taxonomy":"category","embeddable":true,"href":"https:\/\/tucomarca.whitekongsoftware.com\/ca\/wp-json\/wp\/v2\/categories?post=141090"},{"taxonomy":"post_tag","embeddable":true,"href":"https:\/\/tucomarca.whitekongsoftware.com\/ca\/wp-json\/wp\/v2\/tags?post=141090"}],"curies":[{"name":"wp","href":"https:\/\/api.w.org\/{rel}","templated":true}]}}