{"id":141078,"date":"2021-09-16T18:00:00","date_gmt":"2021-09-16T17:00:00","guid":{"rendered":"http:\/\/www.tucomarca.com\/wordpress\/segunda\/?p=141078"},"modified":"2021-09-16T19:21:19","modified_gmt":"2021-09-16T18:21:19","slug":"sanitat-notifica-345-nous-casos-de-coronavirus-7-morts-i-623-altes-en-la-comunitat-valenciana","status":"publish","type":"post","link":"https:\/\/tucomarca.whitekongsoftware.com\/ca\/sanitat-notifica-345-nous-casos-de-coronavirus-7-morts-i-623-altes-en-la-comunitat-valenciana\/","title":{"rendered":"Sanitat notifica 345 nous casos de coronavirus, 7 morts i 623 altes en la Comunitat Valenciana"},"content":{"rendered":"\n<p class=\"wp-block-paragraph\"><strong>&#8211; Nous casos per prov\u00edncies: 35 a Castell\u00f3, 171 a Alacant i 139 a Val\u00e8ncia<\/strong><\/p>\n\n\n\n<p class=\"wp-block-paragraph\"><strong>&#8211; El 86,13% de la poblaci\u00f3 major de 12 anys en la Comunitat Valenciana ja ha completat la pauta<\/strong><\/p>\n\n\n\n<p class=\"wp-block-paragraph\">Un total de 4.027.118 persones, han rebut ja una dosi de la vacuna contra el coronavirus en la Comunitat Valenciana. A m\u00e9s, en aquests moments, compten amb la pauta completa d&#8217;immunitzaci\u00f3 (dues dosis per a Pfizer, Moderna i AstraZeneca; la monodosis de Janssen i una dosi de qualsevol vacuna en les persones amb antecedents d&#8217;haver passat la COVID-19) 3.853.306 persones, xifra que representa el 86,13% de la poblaci\u00f3 vacunable, \u00e9s a dir, major de 12 anys.&nbsp;<\/p>\n\n\n\n<p class=\"wp-block-paragraph\">D&#8217;altra banda, la Conselleria de Sanitat Universal i Salut P\u00fablica ha notificat, des de l&#8217;\u00faltima actualitzaci\u00f3, 345 casos nous de coronavirus confirmats per prova PCR o a trav\u00e9s de test d&#8217;ant\u00edgens. Amb aquests nous casos, la xifra total de positius se situa en 507.276 persones. Nous casos per prov\u00edncies, 35 a Castell\u00f3 (52.602 en total); 171 a Alacant (185.767 en total) i 139 a Val\u00e8ncia (268.905 en total). Continua havent-hi un total de 2 casos no assignats.&nbsp;<\/p>\n\n\n\n<p class=\"wp-block-paragraph\">A m\u00e9s, s&#8217;han registrat 623 altes a pacients amb coronavirus. D&#8217;aquesta manera, el nombre de persones que han superat la malaltia des que va comen\u00e7ar la pand\u00e8mia en la Comunitat Valenciana ascendeix a 507.605 persones. Per prov\u00edncies, les altes es distribueixen aix\u00ed: 52.900 a Castell\u00f3, 185.100 a Alacant i 269.548 a Val\u00e8ncia. El total d&#8217;altes no assignades es mant\u00e9 en 57.&nbsp;<\/p>\n\n\n\n<p class=\"wp-block-paragraph\">Els hospitals valencians tenen, actualment, 222 persones ingressades, 54 d&#8217;elles en l&#8217;UCI: 38 a la prov\u00edncia de Castell\u00f3, 6 en UCI; 98 a la prov\u00edncia d&#8217;Alacant, 27 d&#8217;elles en l&#8217;UCI; i 86 a la prov\u00edncia de Val\u00e8ncia, 21 d&#8217;elles en UCI.&nbsp;<\/p>\n\n\n\n<p class=\"wp-block-paragraph\">A m\u00e9s, s&#8217;han registrat 7 defuncions (sis amb data de defunci\u00f3 en els \u00faltims 7 dies i una persona morta al juny), per la qual cosa el total de decessos des de l&#8217;inici de la pand\u00e8mia se situa en 7.752: 841 a la prov\u00edncia de Castell\u00f3, 2.966 en la d&#8217;Alacant i 3.945 en la de Val\u00e8ncia.&nbsp;<\/p>\n\n\n\n<p class=\"wp-block-paragraph\">D&#8217;acord amb les dades registrades, en aquests moments hi ha 3.371 casos actius, la qual cosa suposa un 0,65% del total de positius.&nbsp;<\/p>\n\n\n\n<p class=\"wp-block-paragraph\">Des de l&#8217;\u00faltima actualitzaci\u00f3, no s&#8217;han registrat brots amb 10 o m\u00e9s casos associats.<\/p>\n","protected":false},"excerpt":{"rendered":"<div class=\"mh-excerpt\">&#8211; Nous casos per prov\u00edncies: 35 a Castell\u00f3, 171 a Alacant i 139 a Val\u00e8ncia &#8211; El 86,13% de la poblaci\u00f3 major de 12 anys en la Comunitat Valenciana ja ha completat la pauta Un <a class=\"mh-excerpt-more\" href=\"https:\/\/tucomarca.whitekongsoftware.com\/ca\/sanitat-notifica-345-nous-casos-de-coronavirus-7-morts-i-623-altes-en-la-comunitat-valenciana\/\" title=\"Sanitat notifica 345 nous casos de coronavirus, 7 morts i 623 altes en la Comunitat Valenciana\">[+] <\/a><\/div>\n","protected":false},"author":1,"featured_media":138664,"comment_status":"open","ping_status":"open","sticky":false,"template":"","format":"standard","meta":{"footnotes":""},"categories":[11010,12202,10898,10948,10894,10904,10903,10947,10896,10897],"tags":[11497,11939,11940,11207,13932],"class_list":["post-141078","post","type-post","status-publish","format-standard","has-post-thumbnail","category-canal-salud","category-covid-19-ca","category-ventana-ca","category-infraestructuras-ca","category-la-comarca-ca","category-sin-categorizar-ca","category-medio-ambiente-la-comarca-ca","category-politica","category-seccion-ca","category-sucesos-la-comarca-ca","tag-comunitat-valenciana-ca","tag-coronavirus-ca","tag-covid-19-ca","tag-salud-ca","tag-vacunas-ca"],"_links":{"self":[{"href":"https:\/\/tucomarca.whitekongsoftware.com\/ca\/wp-json\/wp\/v2\/posts\/141078","targetHints":{"allow":["GET"]}}],"collection":[{"href":"https:\/\/tucomarca.whitekongsoftware.com\/ca\/wp-json\/wp\/v2\/posts"}],"about":[{"href":"https:\/\/tucomarca.whitekongsoftware.com\/ca\/wp-json\/wp\/v2\/types\/post"}],"author":[{"embeddable":true,"href":"https:\/\/tucomarca.whitekongsoftware.com\/ca\/wp-json\/wp\/v2\/users\/1"}],"replies":[{"embeddable":true,"href":"https:\/\/tucomarca.whitekongsoftware.com\/ca\/wp-json\/wp\/v2\/comments?post=141078"}],"version-history":[{"count":0,"href":"https:\/\/tucomarca.whitekongsoftware.com\/ca\/wp-json\/wp\/v2\/posts\/141078\/revisions"}],"wp:featuredmedia":[{"embeddable":true,"href":"https:\/\/tucomarca.whitekongsoftware.com\/ca\/wp-json\/wp\/v2\/media\/138664"}],"wp:attachment":[{"href":"https:\/\/tucomarca.whitekongsoftware.com\/ca\/wp-json\/wp\/v2\/media?parent=141078"}],"wp:term":[{"taxonomy":"category","embeddable":true,"href":"https:\/\/tucomarca.whitekongsoftware.com\/ca\/wp-json\/wp\/v2\/categories?post=141078"},{"taxonomy":"post_tag","embeddable":true,"href":"https:\/\/tucomarca.whitekongsoftware.com\/ca\/wp-json\/wp\/v2\/tags?post=141078"}],"curies":[{"name":"wp","href":"https:\/\/api.w.org\/{rel}","templated":true}]}}