{"id":140998,"date":"2021-09-14T17:04:00","date_gmt":"2021-09-14T16:04:00","guid":{"rendered":"http:\/\/www.tucomarca.com\/wordpress\/segunda\/?p=140998"},"modified":"2021-09-16T19:26:06","modified_gmt":"2021-09-16T18:26:06","slug":"riba-roja-regula-ladjudicacio-dels-quatre-habitatges-socials-destinades-a-les-families-i-persones-mes-vulnerables-per-un-periode-maxim-de-18-mesos","status":"publish","type":"post","link":"https:\/\/tucomarca.whitekongsoftware.com\/ca\/riba-roja-regula-ladjudicacio-dels-quatre-habitatges-socials-destinades-a-les-families-i-persones-mes-vulnerables-per-un-periode-maxim-de-18-mesos\/","title":{"rendered":"Riba-roja regula l&#8217;adjudicaci\u00f3 dels quatre habitatges socials destinades a les fam\u00edlies i persones m\u00e9s vulnerables per un per\u00edode m\u00e0xim de 18 mesos"},"content":{"rendered":"\n<h4 class=\"wp-block-heading\">El ple aprova el reglament sobre l&#8217;adjudicaci\u00f3 d&#8217;aquests habitatges<\/h4>\n\n\n\n<p class=\"wp-block-paragraph\">El ple de l&#8217;Ajuntament de Riba-roja de T\u00faria ha aprovat l&#8217;ordenan\u00e7a municipal que regular\u00e0 l&#8217;adjudicaci\u00f3 dels quatre habitatges socials existents actualment en la localitat i que es destinaran a les fam\u00edlies m\u00e9s vulnerables. Aquesta proposta de l&#8217;equip de govern del PSPV ha comptat amb el suport del Partit Popular, Ciutadans, Comprom\u00eds, Esquerra Unida i l&#8217;abstenci\u00f3 de Podemos Riba-roja Pot i de Vox.&nbsp;<\/p>\n\n\n\n<p class=\"wp-block-paragraph\">L&#8217;articulat confirmat pel ple municipal constata la necessitat de donar resposta a les demandes d&#8217;aquelles persones o unitats familiars que, per diverses circumst\u00e0ncies, han perdut el seu domicili habitual. Per aix\u00f2, l&#8217;Ajuntament de Riba-roja de T\u00faria ha posat en marxa aquest programa amb els quatre habitatges que ha cedit la Sareb (Societat de Gesti\u00f3 d&#8217;Actius Procedents de la Reestructuraci\u00f3 Banc\u00e0ria).<\/p>\n\n\n\n<p class=\"wp-block-paragraph\">Els habitatges suposen una soluci\u00f3 \u201cimmediata\u201d per a afrontar determinades situacions dif\u00edcils per \u201cemerg\u00e8ncia social\u201d d&#8217;indefensi\u00f3 i desemparament, de manera que constitueixen un allotjament alternatiu. Existeixen dos perfils de possibles usuaris, aquells per emerg\u00e8ncia social sobrevinguda o urgent i aquells per emerg\u00e8ncia social permanent, a causa dels recursos dels quals dispose la unitat familiar.&nbsp;<\/p>\n\n\n\n<p class=\"wp-block-paragraph\">L&#8217;ordenan\u00e7a regula els criteris d&#8217;adjudicaci\u00f3 dels quatre habitatges socials de Riba-roja de T\u00faria i que se sustentaran en raons familiars com el nombre de membres de la unitat familiar \u2013monoparental o nombroses, entre altres-, els arguments socials com a familiars a c\u00e0rrec amb discapacitat, depend\u00e8ncia o desnonament, els criteris econ\u00f2mics per l&#8217;indicador p\u00fablic de renda d&#8217;efectes m\u00faltiples (Iprem) o els criteris per ajust d&#8217;idone\u00eftat, sobre les caracter\u00edstiques dels habitatges, el nombre d&#8217;habitacions o els metres quadrats d&#8217;aquesta.&nbsp;<\/p>\n\n\n\n<p class=\"wp-block-paragraph\">A m\u00e9s, una comissi\u00f3 de valoraci\u00f3 s&#8217;encarregar\u00e0 de valorar totes les sol\u00b7licituds dels habitatges rebuts i que estar\u00e0 composta per diversos c\u00e0rrecs t\u00e8cnics de l&#8217;\u00e0rea de Pol\u00edtiques Inclusives. Aquest equip plural i transversal valorar\u00e0 les diverses situacions de les persones i les unitats familiars per a adequar els recursos residencials a la sol\u00b7licituds i demandes rebudes a aquest efecte.&nbsp;<\/p>\n\n\n\n<p class=\"wp-block-paragraph\">Cal destacar que l&#8217;adjudicaci\u00f3 dels habitatges socials de Riba-roja de T\u00faria tindr\u00e0 un car\u00e0cter temporal i rotatori per als usuaris que resulten adjudicataris. Per aquest motiu, el dret de l&#8217;ocupaci\u00f3 dels habitatges assignats a cada usuari o unitat familiar tindr\u00e0 una vig\u00e8ncia inicial de sis mesos, que es podran prorrogar per per\u00edodes de sis mesos fins a aconseguir un m\u00e0xim de 18 mesos.&nbsp;<\/p>\n\n\n\n<p class=\"wp-block-paragraph\">El departament de Serveis Socials realitzar\u00e0 un seguiment de l&#8217;estada de cada unitat familiar o usuari en l&#8217;habitatge concedit amb l&#8217;objectiu de dotar-la dels mitjans i els recursos necessaris per a canalitzar la situaci\u00f3 que els ha portat a aquesta situaci\u00f3. A m\u00e9s, s&#8217;apostar\u00e0 per un programa transversal de contraprestaci\u00f3, amb ajudes per a trobar un treball o assessorar-los en cas de necessitat per recursos formatius, com a cursos o plans de formaci\u00f3.&nbsp;<\/p>\n\n\n\n<p class=\"wp-block-paragraph\">Per aix\u00f2, l&#8217;objectiu final i primordial d&#8217;aquest pla dels habitatges socials de Riba-roja de T\u00faria passa per revertir la situaci\u00f3 adversa per la qual travessen les unitats familiars o les persones adjudicat\u00e0ries i, d&#8217;aquesta manera, troben una alternativa residencial pro els seus propis mitjans. L&#8217;adjudicaci\u00f3 dels habitatges tindr\u00e0 el car\u00e0cter temporal mentre troben un habitatge.&nbsp;<\/p>\n\n\n\n<p class=\"wp-block-paragraph\">L&#8217;alcalde de Riba-roja de T\u00faria, Robert Raga, ha afirmat que aquests habitatges \u201cs\u00f3n una eina essencial per a dotar de recursos residencials a aquelles persones o fam\u00edlies que m\u00e9s el necessiten, per les circumst\u00e0ncies personals de cadascun d&#8217;ells; per aquesta ra\u00f3, aquest nou reglament ajudar\u00e0 a donar una cobertura legal a l&#8217;hora d&#8217;adjudicar aquests habitatges des de l&#8217;\u00e0rea de Serveis Socials\u201d.<\/p>\n\n\n\n<p class=\"wp-block-paragraph\"><\/p>\n","protected":false},"excerpt":{"rendered":"<div class=\"mh-excerpt\">El ple aprova el reglament sobre l&#8217;adjudicaci\u00f3 d&#8217;aquests habitatges El ple de l&#8217;Ajuntament de Riba-roja de T\u00faria ha aprovat l&#8217;ordenan\u00e7a municipal que regular\u00e0 l&#8217;adjudicaci\u00f3 dels quatre habitatges socials existents actualment en la localitat i que <a class=\"mh-excerpt-more\" href=\"https:\/\/tucomarca.whitekongsoftware.com\/ca\/riba-roja-regula-ladjudicacio-dels-quatre-habitatges-socials-destinades-a-les-families-i-persones-mes-vulnerables-per-un-periode-maxim-de-18-mesos\/\" title=\"Riba-roja regula l&#8217;adjudicaci\u00f3 dels quatre habitatges socials destinades a les fam\u00edlies i persones m\u00e9s vulnerables per un per\u00edode m\u00e0xim de 18 mesos\">[+] <\/a><\/div>\n","protected":false},"author":12,"featured_media":113330,"comment_status":"open","ping_status":"open","sticky":false,"template":"","format":"standard","meta":{"footnotes":""},"categories":[10892,10948,10894,10947,10906,10896],"tags":[10899,15024,15479],"class_list":["post-140998","post","type-post","status-publish","format-standard","has-post-thumbnail","category-camp-de-turia-ca","category-infraestructuras-ca","category-la-comarca-ca","category-politica","category-riba-roja-ca","category-seccion-ca","tag-camp-de-turia-ca","tag-riba-roja-de-turia-ca","tag-viviendas-sociales-ca"],"_links":{"self":[{"href":"https:\/\/tucomarca.whitekongsoftware.com\/ca\/wp-json\/wp\/v2\/posts\/140998","targetHints":{"allow":["GET"]}}],"collection":[{"href":"https:\/\/tucomarca.whitekongsoftware.com\/ca\/wp-json\/wp\/v2\/posts"}],"about":[{"href":"https:\/\/tucomarca.whitekongsoftware.com\/ca\/wp-json\/wp\/v2\/types\/post"}],"author":[{"embeddable":true,"href":"https:\/\/tucomarca.whitekongsoftware.com\/ca\/wp-json\/wp\/v2\/users\/12"}],"replies":[{"embeddable":true,"href":"https:\/\/tucomarca.whitekongsoftware.com\/ca\/wp-json\/wp\/v2\/comments?post=140998"}],"version-history":[{"count":0,"href":"https:\/\/tucomarca.whitekongsoftware.com\/ca\/wp-json\/wp\/v2\/posts\/140998\/revisions"}],"wp:featuredmedia":[{"embeddable":true,"href":"https:\/\/tucomarca.whitekongsoftware.com\/ca\/wp-json\/wp\/v2\/media\/113330"}],"wp:attachment":[{"href":"https:\/\/tucomarca.whitekongsoftware.com\/ca\/wp-json\/wp\/v2\/media?parent=140998"}],"wp:term":[{"taxonomy":"category","embeddable":true,"href":"https:\/\/tucomarca.whitekongsoftware.com\/ca\/wp-json\/wp\/v2\/categories?post=140998"},{"taxonomy":"post_tag","embeddable":true,"href":"https:\/\/tucomarca.whitekongsoftware.com\/ca\/wp-json\/wp\/v2\/tags?post=140998"}],"curies":[{"name":"wp","href":"https:\/\/api.w.org\/{rel}","templated":true}]}}