{"id":140972,"date":"2021-09-14T12:30:00","date_gmt":"2021-09-14T11:30:00","guid":{"rendered":"http:\/\/www.tucomarca.com\/wordpress\/segunda\/?p=140972"},"modified":"2021-09-14T13:40:27","modified_gmt":"2021-09-14T12:40:27","slug":"video-bunyol-obri-la-sala-destudi-ana-lluch-amb-zones-comunes-i-individuals-dedicada-a-dones-referents-en-la-cultura-i-la-investigacio","status":"publish","type":"post","link":"https:\/\/tucomarca.whitekongsoftware.com\/ca\/video-bunyol-obri-la-sala-destudi-ana-lluch-amb-zones-comunes-i-individuals-dedicada-a-dones-referents-en-la-cultura-i-la-investigacio\/","title":{"rendered":"Video: Bunyol obri la Sala d&#8217;Estudi Ana Lluch amb zones comunes i individuals dedicada a dones referents en la cultura i la investigaci\u00f3"},"content":{"rendered":"\n<h4 class=\"wp-block-heading\">Per a accedir cal descarregar-se l&#8217;APP Bu\u00f1ol Pres\u00e8ncia. Est\u00e0 oberta de 7 a 23h de dilluns a diumenge i les 24h en temps d&#8217;ex\u00e0mens. Compta amb connexi\u00f3 WIFI, \u00e9s accessible i est\u00e0 v\u00eddeo vigilada les 24 hores.<\/h4>\n\n\n\n<figure class=\"wp-block-embed is-type-video is-provider-youtube wp-block-embed-youtube wp-embed-aspect-16-9 wp-has-aspect-ratio\"><div class=\"wp-block-embed__wrapper\">\n<iframe loading=\"lazy\" title=\"Sala de Estudio Municipal Ana Lluch de Bu\u00f1ol.\" width=\"500\" height=\"281\" src=\"https:\/\/www.youtube.com\/embed\/D_cd1P6sCzE?feature=oembed\" frameborder=\"0\" allow=\"accelerometer; autoplay; clipboard-write; encrypted-media; gyroscope; picture-in-picture; web-share\" referrerpolicy=\"strict-origin-when-cross-origin\" allowfullscreen><\/iframe>\n<\/div><\/figure>\n\n\n\n<figure class=\"wp-block-image size-large\"><img decoding=\"async\" src=\"http:\/\/www.tucomarca.com\/wordpress\/segunda\/wp-content\/uploads\/2021\/09\/SalaEstudioAna-Lluch2.jpg\" alt=\"\" class=\"wp-image-140969\"\/><\/figure>\n\n\n\n<p class=\"wp-block-paragraph\">Rafa P\u00e9rez, regidor d&#8217;Urbanisme, Obres i Serveis Municipals i Primer Tinent d&#8217;Alcalde de l&#8217;Ajuntament de Bu\u00f1ol, ha confirmat l&#8217;obertura dem\u00e0 dimecres 15 de setembre de la Sala d&#8217;Estudi Ana Lluch en la localitat, situada al Carrer Vall d&#8217;Andorra, n\u00fam. 8.&nbsp;<\/p>\n\n\n\n<p class=\"wp-block-paragraph\">Per a accedir a ella cal descarregar-se l&#8217;APP Bu\u00f1ol Pres\u00e8ncia i registrar-se. Pot accedir-se de dilluns a diumenge de 7 a 23h lliurement, i les 24h en temps d&#8217;ex\u00e0mens. Pot triar-se entre dos espais diferents disponibles: de manera individual o en grup. Tots ells dedicats a dones referents en el m\u00f3n de la cultura i la investigaci\u00f3. Les sales individuals reben el nom de: Mar\u00eda Callas (cantant d&#8217;\u00f2pera), Mar\u00eda Moliner (fil\u00f2loga i lexic\u00f2grafa), Margarita Salas (cient\u00edfica), Rigoberta Menchu (activista ind\u00edgena i Premi Nobel de la Pau), Rosal\u00eda de Castro (poeta i escriptora); i la sala comuna est\u00e0 dedicada a Gloria Fuertes (poeta i escriptora). La Sala d&#8217;Estudi rep el nom d&#8217;Ana Lluch (m\u00e8dica i investigadora en oncologia, especialitzada en c\u00e0ncer de mama).<\/p>\n\n\n\n<p class=\"wp-block-paragraph\">La Sala Municipal d&#8217;Estudi, Ana Lluch, \u00e9s un espai totalment accessible, climatitzat, amb connexi\u00f3 WIFI o per cable i v\u00eddeo vigilat les 24 hores. S&#8217;ha creat perqu\u00e8 totes les persones que estiguen estudiant tinguen un lloc c\u00f2mode, tranquil, funcional i modern. \u201cApostem pel futur dels nostres estudiants\u201d, diu l&#8217;edil Rafa P\u00e9rez. A m\u00e9s recorda que l&#8217;actual zona d&#8217;estudi de la Biblioteca Municipal de Bu\u00f1ol deixar\u00e0 d&#8217;habilitar-se per a aix\u00f2, per tant tots han d&#8217;acudir a aquesta sala renovada i perfecta per a l&#8217;estudi i xicotetes reunions d&#8217;estudiants i d&#8217;associacions que el necessiten.<\/p>\n","protected":false},"excerpt":{"rendered":"<div class=\"mh-excerpt\">Per a accedir cal descarregar-se l&#8217;APP Bu\u00f1ol Pres\u00e8ncia. Est\u00e0 oberta de 7 a 23h de dilluns a diumenge i les 24h en temps d&#8217;ex\u00e0mens. Compta amb connexi\u00f3 WIFI, \u00e9s accessible i est\u00e0 v\u00eddeo vigilada les <a class=\"mh-excerpt-more\" href=\"https:\/\/tucomarca.whitekongsoftware.com\/ca\/video-bunyol-obri-la-sala-destudi-ana-lluch-amb-zones-comunes-i-individuals-dedicada-a-dones-referents-en-la-cultura-i-la-investigacio\/\" title=\"Video: Bunyol obri la Sala d&#8217;Estudi Ana Lluch amb zones comunes i individuals dedicada a dones referents en la cultura i la investigaci\u00f3\">[+] <\/a><\/div>\n","protected":false},"author":12,"featured_media":140968,"comment_status":"open","ping_status":"open","sticky":false,"template":"","format":"video","meta":{"footnotes":""},"categories":[11019,10911,10898,10948,10894,10912,11007,10947,10896,11062],"tags":[10913,10914,15478],"class_list":["post-140972","post","type-post","status-publish","format-video","has-post-thumbnail","category-agenda-ca","category-bunol-ca","category-ventana-ca","category-infraestructuras-ca","category-la-comarca-ca","category-la-hoya-ca","category-ocio-y-cultura-ca","category-politica","category-seccion-ca","category-videos","tag-bunol-ca","tag-la-hoya-de-bunol-chiva-ca","tag-sala-de-estudios-ana-lluch-ca","post_format-post-format-video"],"_links":{"self":[{"href":"https:\/\/tucomarca.whitekongsoftware.com\/ca\/wp-json\/wp\/v2\/posts\/140972","targetHints":{"allow":["GET"]}}],"collection":[{"href":"https:\/\/tucomarca.whitekongsoftware.com\/ca\/wp-json\/wp\/v2\/posts"}],"about":[{"href":"https:\/\/tucomarca.whitekongsoftware.com\/ca\/wp-json\/wp\/v2\/types\/post"}],"author":[{"embeddable":true,"href":"https:\/\/tucomarca.whitekongsoftware.com\/ca\/wp-json\/wp\/v2\/users\/12"}],"replies":[{"embeddable":true,"href":"https:\/\/tucomarca.whitekongsoftware.com\/ca\/wp-json\/wp\/v2\/comments?post=140972"}],"version-history":[{"count":0,"href":"https:\/\/tucomarca.whitekongsoftware.com\/ca\/wp-json\/wp\/v2\/posts\/140972\/revisions"}],"wp:featuredmedia":[{"embeddable":true,"href":"https:\/\/tucomarca.whitekongsoftware.com\/ca\/wp-json\/wp\/v2\/media\/140968"}],"wp:attachment":[{"href":"https:\/\/tucomarca.whitekongsoftware.com\/ca\/wp-json\/wp\/v2\/media?parent=140972"}],"wp:term":[{"taxonomy":"category","embeddable":true,"href":"https:\/\/tucomarca.whitekongsoftware.com\/ca\/wp-json\/wp\/v2\/categories?post=140972"},{"taxonomy":"post_tag","embeddable":true,"href":"https:\/\/tucomarca.whitekongsoftware.com\/ca\/wp-json\/wp\/v2\/tags?post=140972"}],"curies":[{"name":"wp","href":"https:\/\/api.w.org\/{rel}","templated":true}]}}