{"id":140945,"date":"2021-09-14T10:00:00","date_gmt":"2021-09-14T09:00:00","guid":{"rendered":"http:\/\/www.tucomarca.com\/wordpress\/segunda\/?p=140945"},"modified":"2021-09-14T11:51:25","modified_gmt":"2021-09-14T10:51:25","slug":"el-club-frontenis-esportiu-bunyol-comptara-amb-un-equip-en-divisio-dhonor-un-altre-en-primera-i-un-altre-en-segona-divisio","status":"publish","type":"post","link":"https:\/\/tucomarca.whitekongsoftware.com\/ca\/el-club-frontenis-esportiu-bunyol-comptara-amb-un-equip-en-divisio-dhonor-un-altre-en-primera-i-un-altre-en-segona-divisio\/","title":{"rendered":"El Club Frontenis Esportiu Bunyol comptar\u00e0 amb un equip en Divisi\u00f3 d&#8217;Honor, un altre en Primera i un altre en Segona Divisi\u00f3"},"content":{"rendered":"\n<p class=\"wp-block-paragraph\">El Club Frontenis Esportiu Bunyol comptar\u00e0 amb un equip en Divisi\u00f3 d&#8217;Honor aquesta temporada. A m\u00e9s tamb\u00e9 tindr\u00e0 un altre en Primera i un altre en Segona Divisi\u00f3. Aix\u00ed ho confirma Toni Cus\u00ed, president d&#8217;aquest club bu\u00f1olense.<\/p>\n\n\n\n<p class=\"wp-block-paragraph\">Cus\u00ed informa que despr\u00e9s que un equip que estava en Divisi\u00f3 d&#8217;Honor anunciara la seua ren\u00fancia, \u201cel nostre equip va poder ascendir a aquesta categoria; una categoria en la qual el nostre equip femen\u00ed es troba ja diversos anys i collint molts \u00e8xits, en comptar amb la Subcampiona d&#8217;Espanya de Frontenis, In\u00e9s Gim\u00e9nez.&nbsp;<\/p>\n\n\n\n<p class=\"wp-block-paragraph\">El president d&#8217;aquest club confirmava doncs que en aquesta temporada 2021-2022 el Club Frontenis Esportiu Bu\u00f1ol comptar\u00e0 amb un equip en DH, un altre en Primera i un altre en Segona. Tamb\u00e9 recordava que aquest club, en creixement constant, voldria que m\u00e9s esportistes joves o de mitjana edat s&#8217;inscrigueren i aix\u00ed descobrir aquest magn\u00edfic esport.&nbsp;<\/p>\n\n\n\n<p class=\"wp-block-paragraph\">Els esports de raqueta compleixen les normes de dist\u00e0ncia i seguretat marcades pel Covid19, per aix\u00f2 les competicions i tornejos previstos per a aquesta temporada arranquen amb normalitat. Compten amb unes excel\u00b7lents instal\u00b7lacions en les pistes del Planell.<\/p>\n\n\n\n<p class=\"wp-block-paragraph\">Manuel Sierra, Regidor d&#8217;Esports de l&#8217;Ajuntament de Bu\u00f1ol, felicita aquest gran club i als seus jugadors per l&#8217;ascens i, \u201cestem completament conven\u00e7uts que faran un bon paper, i que la perman\u00e8ncia est\u00e0 assegurada\u201d.<\/p>\n","protected":false},"excerpt":{"rendered":"<div class=\"mh-excerpt\">El Club Frontenis Esportiu Bunyol comptar\u00e0 amb un equip en Divisi\u00f3 d&#8217;Honor aquesta temporada. A m\u00e9s tamb\u00e9 tindr\u00e0 un altre en Primera i un altre en Segona Divisi\u00f3. Aix\u00ed ho confirma Toni Cus\u00ed, president d&#8217;aquest <a class=\"mh-excerpt-more\" href=\"https:\/\/tucomarca.whitekongsoftware.com\/ca\/el-club-frontenis-esportiu-bunyol-comptara-amb-un-equip-en-divisio-dhonor-un-altre-en-primera-i-un-altre-en-segona-divisio\/\" title=\"El Club Frontenis Esportiu Bunyol comptar\u00e0 amb un equip en Divisi\u00f3 d&#8217;Honor, un altre en Primera i un altre en Segona Divisi\u00f3\">[+] <\/a><\/div>\n","protected":false},"author":1,"featured_media":140943,"comment_status":"open","ping_status":"open","sticky":false,"template":"","format":"standard","meta":{"footnotes":""},"categories":[10911,11003,10912,11009,10896],"tags":[10913,14442,10914],"class_list":["post-140945","post","type-post","status-publish","format-standard","has-post-thumbnail","category-bunol-ca","category-sports","category-la-hoya-ca","category-polideportivo-ca","category-seccion-ca","tag-bunol-ca","tag-frontenis-ca","tag-la-hoya-de-bunol-chiva-ca"],"_links":{"self":[{"href":"https:\/\/tucomarca.whitekongsoftware.com\/ca\/wp-json\/wp\/v2\/posts\/140945","targetHints":{"allow":["GET"]}}],"collection":[{"href":"https:\/\/tucomarca.whitekongsoftware.com\/ca\/wp-json\/wp\/v2\/posts"}],"about":[{"href":"https:\/\/tucomarca.whitekongsoftware.com\/ca\/wp-json\/wp\/v2\/types\/post"}],"author":[{"embeddable":true,"href":"https:\/\/tucomarca.whitekongsoftware.com\/ca\/wp-json\/wp\/v2\/users\/1"}],"replies":[{"embeddable":true,"href":"https:\/\/tucomarca.whitekongsoftware.com\/ca\/wp-json\/wp\/v2\/comments?post=140945"}],"version-history":[{"count":0,"href":"https:\/\/tucomarca.whitekongsoftware.com\/ca\/wp-json\/wp\/v2\/posts\/140945\/revisions"}],"wp:featuredmedia":[{"embeddable":true,"href":"https:\/\/tucomarca.whitekongsoftware.com\/ca\/wp-json\/wp\/v2\/media\/140943"}],"wp:attachment":[{"href":"https:\/\/tucomarca.whitekongsoftware.com\/ca\/wp-json\/wp\/v2\/media?parent=140945"}],"wp:term":[{"taxonomy":"category","embeddable":true,"href":"https:\/\/tucomarca.whitekongsoftware.com\/ca\/wp-json\/wp\/v2\/categories?post=140945"},{"taxonomy":"post_tag","embeddable":true,"href":"https:\/\/tucomarca.whitekongsoftware.com\/ca\/wp-json\/wp\/v2\/tags?post=140945"}],"curies":[{"name":"wp","href":"https:\/\/api.w.org\/{rel}","templated":true}]}}