{"id":140918,"date":"2021-09-13T08:00:00","date_gmt":"2021-09-13T07:00:00","guid":{"rendered":"http:\/\/www.tucomarca.com\/wordpress\/segunda\/?p=140918"},"modified":"2021-09-14T09:22:11","modified_gmt":"2021-09-14T08:22:11","slug":"ja-irrompen-les-pluges-i-es-preveuen-registres-importants","status":"publish","type":"post","link":"https:\/\/tucomarca.whitekongsoftware.com\/ca\/ja-irrompen-les-pluges-i-es-preveuen-registres-importants\/","title":{"rendered":"Ja irrompen les pluges i es preveuen registres importants"},"content":{"rendered":"\n<p class=\"wp-block-paragraph\"><strong>A la vora del Mediterraneo continuar\u00e0 la calor i la xafogor, a m\u00e9s amb bastant pols en suspensi\u00f3 que podria provocar pluges amb fang<\/strong><\/p>\n\n\n\n<p class=\"wp-block-paragraph\">La situaci\u00f3 meteorol\u00f2gica est\u00e0 donant hui un gir brusc cap al temps tardorenc, excepte en comptades regions. La setmana comen\u00e7ar\u00e0 amb una bossa d&#8217;aire fred en la zona oest de la pen\u00ednsula que, amb el pas dels dies, oscil\u00b7lar\u00e0 en aqueix sector. Es tracta d&#8217;un embolsamiento d&#8217;aire fred amb reflex de baixes pressions en superf\u00edcie, que a m\u00e9s no est\u00e0 del tot despenjat del \u201cdoll polar\u201d. Aix\u00f2 significa que no es tracta d&#8217;una DANA i que, tal vegada, tampoc arribar\u00e0 a ser una borrasca freda a\u00efllada segons afirma Roger Sol\u00e9, expert de Meteored (tiempo.com).<\/p>\n\n\n\n<p class=\"wp-block-paragraph\">A la vora del Mediterraneo hi haur\u00e0 una massa d&#8217;aire c\u00e0lid i una elevada sensaci\u00f3 de xafogor. La situaci\u00f3 atl\u00e0ntica de la borrasca introduir\u00e0 aire c\u00e0lid des del nord del continent afric\u00e0 a M\u00farcia, Comunitat Valenciana, Catalunya i sobretot a l&#8217;arxip\u00e8lag balear. Aquestes zones comptaran amb un temps m\u00e9s sec a excepci\u00f3 d&#8217;unes certes \u00e0rees de l&#8217;interior, on si es registraran alguns ruixats. Far\u00e0 calor i hi haur\u00e0 pols en suspensi\u00f3.<\/p>\n\n\n\n<p class=\"wp-block-paragraph\">Entre el dijous i divendres tamb\u00e9 podrien produir-se precipitacions en l&#8217;est peninsular de manera menys organitzada i en forma de ruixats, ja que el centre de baixes pressions es traslladar\u00e0 cap al nord-oest procedent de l&#8217;Estret, mentre disminueix el seu contingut d&#8217;aire fred.<\/p>\n","protected":false},"excerpt":{"rendered":"<div class=\"mh-excerpt\">A la vora del Mediterraneo continuar\u00e0 la calor i la xafogor, a m\u00e9s amb bastant pols en suspensi\u00f3 que podria provocar pluges amb fang La situaci\u00f3 meteorol\u00f2gica est\u00e0 donant hui un gir brusc cap al <a class=\"mh-excerpt-more\" href=\"https:\/\/tucomarca.whitekongsoftware.com\/ca\/ja-irrompen-les-pluges-i-es-preveuen-registres-importants\/\" title=\"Ja irrompen les pluges i es preveuen registres importants\">[+] <\/a><\/div>\n","protected":false},"author":1,"featured_media":140916,"comment_status":"open","ping_status":"open","sticky":false,"template":"","format":"standard","meta":{"footnotes":""},"categories":[11985,10898,10948,10894,10904,10903,10896],"tags":[11987,11199],"class_list":["post-140918","post","type-post","status-publish","format-standard","has-post-thumbnail","category-el-tiempo-ca","category-ventana-ca","category-infraestructuras-ca","category-la-comarca-ca","category-sin-categorizar-ca","category-medio-ambiente-la-comarca-ca","category-seccion-ca","tag-el-tiempo-ca","tag-la-comunitat-ca"],"_links":{"self":[{"href":"https:\/\/tucomarca.whitekongsoftware.com\/ca\/wp-json\/wp\/v2\/posts\/140918","targetHints":{"allow":["GET"]}}],"collection":[{"href":"https:\/\/tucomarca.whitekongsoftware.com\/ca\/wp-json\/wp\/v2\/posts"}],"about":[{"href":"https:\/\/tucomarca.whitekongsoftware.com\/ca\/wp-json\/wp\/v2\/types\/post"}],"author":[{"embeddable":true,"href":"https:\/\/tucomarca.whitekongsoftware.com\/ca\/wp-json\/wp\/v2\/users\/1"}],"replies":[{"embeddable":true,"href":"https:\/\/tucomarca.whitekongsoftware.com\/ca\/wp-json\/wp\/v2\/comments?post=140918"}],"version-history":[{"count":0,"href":"https:\/\/tucomarca.whitekongsoftware.com\/ca\/wp-json\/wp\/v2\/posts\/140918\/revisions"}],"wp:featuredmedia":[{"embeddable":true,"href":"https:\/\/tucomarca.whitekongsoftware.com\/ca\/wp-json\/wp\/v2\/media\/140916"}],"wp:attachment":[{"href":"https:\/\/tucomarca.whitekongsoftware.com\/ca\/wp-json\/wp\/v2\/media?parent=140918"}],"wp:term":[{"taxonomy":"category","embeddable":true,"href":"https:\/\/tucomarca.whitekongsoftware.com\/ca\/wp-json\/wp\/v2\/categories?post=140918"},{"taxonomy":"post_tag","embeddable":true,"href":"https:\/\/tucomarca.whitekongsoftware.com\/ca\/wp-json\/wp\/v2\/tags?post=140918"}],"curies":[{"name":"wp","href":"https:\/\/api.w.org\/{rel}","templated":true}]}}