{"id":140907,"date":"2021-09-13T13:16:00","date_gmt":"2021-09-13T12:16:00","guid":{"rendered":"http:\/\/www.tucomarca.com\/wordpress\/segunda\/?p=140907"},"modified":"2021-09-14T09:30:53","modified_gmt":"2021-09-14T08:30:53","slug":"vive-tus-parques-organitza-a-sant-antoni-de-benaixeve-lespectacle-hacker-de-ments-dissabte-18-de-setembre","status":"publish","type":"post","link":"https:\/\/tucomarca.whitekongsoftware.com\/ca\/vive-tus-parques-organitza-a-sant-antoni-de-benaixeve-lespectacle-hacker-de-ments-dissabte-18-de-setembre\/","title":{"rendered":"\u201cVive tus parques\u201d organitza a Sant Antoni de Benaixeve l&#8217;espectacle \u201cHacker de ments\u201d dissabte 18 de setembre"},"content":{"rendered":"\n<p class=\"wp-block-paragraph\">La regidoria de Cultura de l&#8217;Ajuntament de Sant Antoni de Benaixeve organitza per a dissabte que ve 18 de setembre l&#8217;espectacle \u201c<em>Hacker<\/em>&nbsp;de ments\u201d, un&nbsp;<em>show<\/em>&nbsp;de mentalisme i humor que tindr\u00e0 lloc al parc de Sant Vicent (carrers Sant Vicent Ferrer i del Sequer). Amb aquesta activitat finalitza la programaci\u00f3 de \u201cVive tus parques\u201d 2021.&nbsp;<\/p>\n\n\n\n<p class=\"wp-block-paragraph\">\u201c<em>Hacker<\/em>&nbsp;de ments\u201d comen\u00e7ar\u00e0 a les 11.30 hores i estar\u00e0 dirigida a p\u00fablic infantil i familiar. Es tracta d&#8217;un&nbsp;<em>show<\/em>&nbsp;on veurem superada la capacitat de la ment humana, amb experi\u00e8ncies de telepatia i hipnosi i moltes dosis d&#8217;humor.<\/p>\n\n\n\n<p class=\"wp-block-paragraph\">A fi de garantir totes les mesures de seguretat enfront de la Covid-19, l&#8217;activitat es dur\u00e0 a terme complint totes les mesures sanit\u00e0ries i ser\u00e0 obligatori l&#8217;\u00fas de la mascareta. La inscripci\u00f3 en l&#8217;activitat pot formalitzar-se fins divendres que ve a les 14 hores a trav\u00e9s del seg\u00fcent enlla\u00e7:&nbsp;<a href=\"https:\/\/forms.gle\/4pBRm3SaYywKGmcw6\" target=\"_blank\" rel=\"noreferrer noopener\">https:\/\/forms.gle\/4pBRm3SaYywKGmcw6<\/a><\/p>\n\n\n\n<p class=\"wp-block-paragraph\">En paraules de la regidora de Cultura, M\u00aa Elisa Plano: \u201cLa programaci\u00f3 de \u201cVive tus parques\u201d 2021, que va comen\u00e7ar el 29 de maig amb un taller per a pintar i dissenyar la teua pr\u00f2pia samarreta, ha sigut un \u00e8xit de p\u00fablic. Les xiquetes i els xiquets de Sant Antoni, al costat de les seues fam\u00edlies, han pogut gaudir de diversitat d&#8217;activitats als parcs del municipi durant estos mesos.\u201d<\/p>\n\n\n\n<p class=\"wp-block-paragraph\">\u201cJa estem preparant la IV edici\u00f3 de &#8220;Vive tus parques&#8221; per a 2022\u201d ha afegit l&#8217;edil. \u201cDes de la regidoria estem molt satisfets amb el resultat de participaci\u00f3 i amb la programaci\u00f3 variada, oferint cultura a l&#8217;aire lliure a les fam\u00edlies del nostre municipi, des de fa ja 4 anys\u201d ha concl\u00f2s.<\/p>\n","protected":false},"excerpt":{"rendered":"<div class=\"mh-excerpt\">La regidoria de Cultura de l&#8217;Ajuntament de Sant Antoni de Benaixeve organitza per a dissabte que ve 18 de setembre l&#8217;espectacle \u201cHacker&nbsp;de ments\u201d, un&nbsp;show&nbsp;de mentalisme i humor que tindr\u00e0 lloc al parc de Sant Vicent <a class=\"mh-excerpt-more\" href=\"https:\/\/tucomarca.whitekongsoftware.com\/ca\/vive-tus-parques-organitza-a-sant-antoni-de-benaixeve-lespectacle-hacker-de-ments-dissabte-18-de-setembre\/\" title=\"\u201cVive tus parques\u201d organitza a Sant Antoni de Benaixeve l&#8217;espectacle \u201cHacker de ments\u201d dissabte 18 de setembre\">[+] <\/a><\/div>\n","protected":false},"author":1,"featured_media":140905,"comment_status":"open","ping_status":"open","sticky":false,"template":"","format":"standard","meta":{"footnotes":""},"categories":[11019,10892,10894,11007,10934,10896],"tags":[10899,11147],"class_list":["post-140907","post","type-post","status-publish","format-standard","has-post-thumbnail","category-agenda-ca","category-camp-de-turia-ca","category-la-comarca-ca","category-ocio-y-cultura-ca","category-san-antonio-de-benageber-ca","category-seccion-ca","tag-camp-de-turia-ca","tag-san-antoni-de-benageber"],"_links":{"self":[{"href":"https:\/\/tucomarca.whitekongsoftware.com\/ca\/wp-json\/wp\/v2\/posts\/140907","targetHints":{"allow":["GET"]}}],"collection":[{"href":"https:\/\/tucomarca.whitekongsoftware.com\/ca\/wp-json\/wp\/v2\/posts"}],"about":[{"href":"https:\/\/tucomarca.whitekongsoftware.com\/ca\/wp-json\/wp\/v2\/types\/post"}],"author":[{"embeddable":true,"href":"https:\/\/tucomarca.whitekongsoftware.com\/ca\/wp-json\/wp\/v2\/users\/1"}],"replies":[{"embeddable":true,"href":"https:\/\/tucomarca.whitekongsoftware.com\/ca\/wp-json\/wp\/v2\/comments?post=140907"}],"version-history":[{"count":0,"href":"https:\/\/tucomarca.whitekongsoftware.com\/ca\/wp-json\/wp\/v2\/posts\/140907\/revisions"}],"wp:featuredmedia":[{"embeddable":true,"href":"https:\/\/tucomarca.whitekongsoftware.com\/ca\/wp-json\/wp\/v2\/media\/140905"}],"wp:attachment":[{"href":"https:\/\/tucomarca.whitekongsoftware.com\/ca\/wp-json\/wp\/v2\/media?parent=140907"}],"wp:term":[{"taxonomy":"category","embeddable":true,"href":"https:\/\/tucomarca.whitekongsoftware.com\/ca\/wp-json\/wp\/v2\/categories?post=140907"},{"taxonomy":"post_tag","embeddable":true,"href":"https:\/\/tucomarca.whitekongsoftware.com\/ca\/wp-json\/wp\/v2\/tags?post=140907"}],"curies":[{"name":"wp","href":"https:\/\/api.w.org\/{rel}","templated":true}]}}