{"id":140888,"date":"2021-09-13T11:00:00","date_gmt":"2021-09-13T10:00:00","guid":{"rendered":"http:\/\/www.tucomarca.com\/wordpress\/segunda\/?p=140888"},"modified":"2021-09-14T09:33:14","modified_gmt":"2021-09-14T08:33:14","slug":"utiel-inicia-lelaboracio-del-pla-urba-dactuacio-municipal-puam","status":"publish","type":"post","link":"https:\/\/tucomarca.whitekongsoftware.com\/ca\/utiel-inicia-lelaboracio-del-pla-urba-dactuacio-municipal-puam\/","title":{"rendered":"Utiel inicia l&#8217;elaboraci\u00f3 del Pla Urb\u00e0 d&#8217;Actuaci\u00f3 Municipal (PUAM)"},"content":{"rendered":"\n<p class=\"wp-block-paragraph\"><strong>S&#8217;ha habilitat la plataforma PUAM Utiel en la qual la ciutadania trobar\u00e0 una enquesta sobre aspectes relacionats amb la projecci\u00f3 urban\u00edstica del municipi.<\/strong><\/p>\n\n\n\n<p class=\"wp-block-paragraph\">Utiel ha iniciat recentment la redacci\u00f3 del Pla Urb\u00e0 d&#8217;Actuaci\u00f3 Municipal (PUAM), document de car\u00e0cter estrat\u00e8gic local que descriur\u00e0 les l\u00ednies d&#8217;actuaci\u00f3 del municipi, amb la finalitat d&#8217;incorporar els objectius establits per l&#8217;Agenda 2030 en el marc del compliment dels Objectius de Desenvolupament Sostenible (ODS) i les prioritats futures respecte a obres i serveis en l&#8217;agenda urbana municipal.&nbsp;<\/p>\n\n\n\n<p class=\"wp-block-paragraph\">Tot aix\u00f2 servir\u00e0 per a avan\u00e7ar en el disseny d&#8217;un municipi m\u00e9s habitable, just, inclusiu, saludable, intel\u00b7ligent i sostenible, que s\u00f3n en definitiva els grans objectius de la planificaci\u00f3 estrat\u00e8gica urbana de la Uni\u00f3 Europea per a la d\u00e8cada 20-30.<\/p>\n\n\n\n<p class=\"wp-block-paragraph\"><strong>Objectius PUAM Utiel<\/strong><\/p>\n\n\n\n<p class=\"wp-block-paragraph\">L&#8217;objectiu fonamental del PUAM \u00e9s facilitar el disseny d&#8217;un full de ruta d&#8217;actuacions en l&#8217;\u00e0mbit municipal, participada amb la ciutadania i els agents socials, que permeta integrar les prioritats futures respecte a obres i serveis en l&#8217;agenda urbana municipal per a fer del municipi un \u00e0mbit de conviv\u00e8ncia amable, acollidor i saludable.<\/p>\n\n\n\n<p class=\"wp-block-paragraph\">Amb l&#8217;objectiu de con\u00e9ixer l&#8217;opini\u00f3 de la ciutadania a l&#8217;hora de redactar aquest pla urb\u00e0 d&#8217;actuaci\u00f3 municipal, s&#8217;ha habilitat la plataforma http:\/\/puamutiel.participacion-publica.com en la qual els ve\u00efns podran emplenar una enquesta sobre q\u00fcestions relatives a l&#8217;\u00e0mbit urb\u00e0 i territorial (estat de les vies, de l&#8217;enllumenat i mobiliari urb\u00e0, accessibilitat i efici\u00e8ncia energ\u00e8tica en instal\u00b7lacions municipals &#8230;)&nbsp;<\/p>\n\n\n\n<p class=\"wp-block-paragraph\">L&#8217;enquesta estar\u00e0 activa fins al 31 de setembre en la secci\u00f3 Participa de la web PUAM Utiel<\/p>\n","protected":false},"excerpt":{"rendered":"<div class=\"mh-excerpt\">S&#8217;ha habilitat la plataforma PUAM Utiel en la qual la ciutadania trobar\u00e0 una enquesta sobre aspectes relacionats amb la projecci\u00f3 urban\u00edstica del municipi. Utiel ha iniciat recentment la redacci\u00f3 del Pla Urb\u00e0 d&#8217;Actuaci\u00f3 Municipal (PUAM), <a class=\"mh-excerpt-more\" href=\"https:\/\/tucomarca.whitekongsoftware.com\/ca\/utiel-inicia-lelaboracio-del-pla-urba-dactuacio-municipal-puam\/\" title=\"Utiel inicia l&#8217;elaboraci\u00f3 del Pla Urb\u00e0 d&#8217;Actuaci\u00f3 Municipal (PUAM)\">[+] <\/a><\/div>\n","protected":false},"author":1,"featured_media":107301,"comment_status":"open","ping_status":"open","sticky":false,"template":"","format":"standard","meta":{"footnotes":""},"categories":[10948,10894,10947,10909,10896,11059],"tags":[10910,11174],"class_list":["post-140888","post","type-post","status-publish","format-standard","has-post-thumbnail","category-infraestructuras-ca","category-la-comarca-ca","category-politica","category-requena-utiel-ca","category-seccion-ca","category-utiel-ca","tag-requena-utiel-ca","tag-utiel-ca"],"_links":{"self":[{"href":"https:\/\/tucomarca.whitekongsoftware.com\/ca\/wp-json\/wp\/v2\/posts\/140888","targetHints":{"allow":["GET"]}}],"collection":[{"href":"https:\/\/tucomarca.whitekongsoftware.com\/ca\/wp-json\/wp\/v2\/posts"}],"about":[{"href":"https:\/\/tucomarca.whitekongsoftware.com\/ca\/wp-json\/wp\/v2\/types\/post"}],"author":[{"embeddable":true,"href":"https:\/\/tucomarca.whitekongsoftware.com\/ca\/wp-json\/wp\/v2\/users\/1"}],"replies":[{"embeddable":true,"href":"https:\/\/tucomarca.whitekongsoftware.com\/ca\/wp-json\/wp\/v2\/comments?post=140888"}],"version-history":[{"count":0,"href":"https:\/\/tucomarca.whitekongsoftware.com\/ca\/wp-json\/wp\/v2\/posts\/140888\/revisions"}],"wp:featuredmedia":[{"embeddable":true,"href":"https:\/\/tucomarca.whitekongsoftware.com\/ca\/wp-json\/wp\/v2\/media\/107301"}],"wp:attachment":[{"href":"https:\/\/tucomarca.whitekongsoftware.com\/ca\/wp-json\/wp\/v2\/media?parent=140888"}],"wp:term":[{"taxonomy":"category","embeddable":true,"href":"https:\/\/tucomarca.whitekongsoftware.com\/ca\/wp-json\/wp\/v2\/categories?post=140888"},{"taxonomy":"post_tag","embeddable":true,"href":"https:\/\/tucomarca.whitekongsoftware.com\/ca\/wp-json\/wp\/v2\/tags?post=140888"}],"curies":[{"name":"wp","href":"https:\/\/api.w.org\/{rel}","templated":true}]}}