{"id":140863,"date":"2021-09-10T16:00:00","date_gmt":"2021-09-10T15:00:00","guid":{"rendered":"http:\/\/www.tucomarca.com\/wordpress\/segunda\/?p=140863"},"modified":"2021-09-11T07:59:02","modified_gmt":"2021-09-11T06:59:02","slug":"ava-asaja-i-aekaki-redoblen-la-reivindicacio-a-la-conselleria-pel-cotonet-que-ja-causa-40-milions-de-perdues-en-el-caqui","status":"publish","type":"post","link":"https:\/\/tucomarca.whitekongsoftware.com\/ca\/ava-asaja-i-aekaki-redoblen-la-reivindicacio-a-la-conselleria-pel-cotonet-que-ja-causa-40-milions-de-perdues-en-el-caqui\/","title":{"rendered":"AVA-Asaja i AEKAKI redoblen la reivindicaci\u00f3 a la conselleria pel Cotonet que ja causa 40 milions de p\u00e8rdues en el caqui"},"content":{"rendered":"\n<figure class=\"wp-block-image size-large\"><img loading=\"lazy\" decoding=\"async\" width=\"1024\" height=\"768\" src=\"http:\/\/www.tucomarca.com\/wordpress\/segunda\/wp-content\/uploads\/2021\/09\/ava_reunion_caqui-1024x768.jpeg\" alt=\"\" class=\"wp-image-140860\" srcset=\"https:\/\/tucomarca.whitekongsoftware.com\/wp-content\/uploads\/2021\/09\/ava_reunion_caqui-1024x768.jpeg 1024w, https:\/\/tucomarca.whitekongsoftware.com\/wp-content\/uploads\/2021\/09\/ava_reunion_caqui-300x225.jpeg 300w, https:\/\/tucomarca.whitekongsoftware.com\/wp-content\/uploads\/2021\/09\/ava_reunion_caqui-768x576.jpeg 768w, https:\/\/tucomarca.whitekongsoftware.com\/wp-content\/uploads\/2021\/09\/ava_reunion_caqui-678x509.jpeg 678w, https:\/\/tucomarca.whitekongsoftware.com\/wp-content\/uploads\/2021\/09\/ava_reunion_caqui-326x245.jpeg 326w, https:\/\/tucomarca.whitekongsoftware.com\/wp-content\/uploads\/2021\/09\/ava_reunion_caqui-80x60.jpeg 80w, https:\/\/tucomarca.whitekongsoftware.com\/wp-content\/uploads\/2021\/09\/ava_reunion_caqui.jpeg 1280w\" sizes=\"auto, (max-width: 1024px) 100vw, 1024px\" \/><\/figure>\n\n\n\n<p class=\"wp-block-paragraph\">L&#8217;Associaci\u00f3 Valenciana d&#8217;Agricultors (AVA-Asaja) i l&#8217;Associaci\u00f3 Espanyola del Kaki (AEKAKI) han reclamat hui a la Conselleria d&#8217;Agricultura una s\u00e8rie de mesures davant \u201cla preocupaci\u00f3 i el malestar del sector per l&#8217;expansi\u00f3 incontrolada de les plagues i malalties del caqui, sobretot del cotonet, a causa de la supressi\u00f3 de mat\u00e8ries actives fitosanit\u00e0ries i la falta d&#8217;alternatives eficaces\u201d. Totes dues entitats han redoblat aix\u00ed les seues reivindicacions davant l&#8217;inici de la campanya de recol\u00b7lecci\u00f3 durant una reuni\u00f3 mantinguda aquest mat\u00ed amb el secretari auton\u00f2mic d&#8217;Agricultura, Roger Llanes, i altres representants de la conselleria.&nbsp;<\/p>\n\n\n\n<p class=\"wp-block-paragraph\">Segons c\u00e0lculs de totes dues entitats, les p\u00e8rdues derivades del cotonet en el sector del caqui de la Comunitat Valenciana ja ascendeixen a 40 milions d&#8217;euros, 25 d&#8217;ells per causa directa de la producci\u00f3 perduda i 15 milions pels sobrecostos econ\u00f2mics entre camp i magatzem.&nbsp;<br>En concret, AVA-Asaja i AEKAKI ja donen per perdudes en aquests moments entre 70.000 i 80.000 tones de caquis en la Comunitat Valenciana a causa dels atacs r\u00e8cord del cotonet, la qual cosa representa una disminuci\u00f3 del 20-25% de la producci\u00f3 inicialment prevista, que se situava entorn de les 360.000 tones. Aquesta quantitat podria elevar-se en les pr\u00f2ximes setmanes.&nbsp;<\/p>\n\n\n\n<p class=\"wp-block-paragraph\">A m\u00e9s, quantifiquen en un 30% l&#8217;increment mitj\u00e0 dels costos entre camp i magatzem: les despeses en camp augmenten en uns cinc c\u00e8ntims per quilo en concepte de nous tractaments (hi ha agricultors que han triplicat el nombre d&#8217;aplicacions) i en 14 c\u00e8ntims per quilo des del camp fins a l&#8217;eixida del magatzem. Aquesta situaci\u00f3 insostenible en termes de viablidad ja ha provocat casos d&#8217;agricultors que han decidit abandonar el cultiu per aquest any almenys.&nbsp;<\/p>\n\n\n\n<p class=\"wp-block-paragraph\">Totes dues entitats van coincidir a demandar al departament agrari de la Generalitat Valenciana m\u00e9s fons en la investigaci\u00f3 i m\u00e9s agilitat en la posada a la disposici\u00f3 del sector d&#8217;un major nombre de mat\u00e8ries actives per a combatre especialment els cotonets, i tamb\u00e9 les mosques blanques i la taca foliar del caqui; aix\u00ed com un pla de xoc paral\u00b7lel contra les poblacions de formigues que constitueixen el principal alidado del cotonet arribant a atacar als insectes depredadors. Aix\u00ed mateix, demanen la implicaci\u00f3 del Ministeri per a avan\u00e7ar en aquestes mat\u00e8ries.&nbsp;<\/p>\n\n\n\n<p class=\"wp-block-paragraph\">Per part seua, la conselleria d&#8217;Agricultura ha anunciat que est\u00e0 realitzant assajos amb mat\u00e8ries actives no autoritzades en el cultiu del caqui per a, en el seu cas, sol\u00b7licitar una autoritzaci\u00f3 excepcional o una ampliaci\u00f3 d&#8217;\u00fas. En els estudis contra les formigues no han informat d&#8217;avan\u00e7os significatius a curt termini. Altres compromisos del Consell han sigut, igual que ja va fer amb els c\u00edtrics, l&#8217;\u00fas excepcional de Metil-Clorpirifos en les parcel\u00b7les m\u00e9s afectades de caqui, la fruita del qual s&#8217;eliminar\u00e0, a fi de detindre l&#8217;avan\u00e7 del cotonet i, m\u00e9s endavant, la realitzaci\u00f3 d&#8217;una prospecci\u00f3 de danys per a con\u00e9ixer les dades de l&#8217;afecci\u00f3 aconseguida.&nbsp;<\/p>\n\n\n\n<p class=\"wp-block-paragraph\">De cara a la campanya seg\u00fcent, la conselleria ha avan\u00e7at en la reuni\u00f3 que presentar\u00e0 un Pla d&#8217;Actuaci\u00f3 espec\u00edfic de les plagues i malalties del caqui a fi de facilitar als agricultors la informaci\u00f3 m\u00e9s detallada possible sobre el nom i el per\u00edode d&#8217;aplicaci\u00f3 de les mat\u00e8ries actives a fi d&#8217;optimitzar els resultats d&#8217;aquests tractaments. En aquest sentit, AVA-Asaja i AEKAKI han demanat una coordinaci\u00f3 m\u00e9s fluida amb les Oficines Comarcals Agr\u00e0ries (Oques) per a afavorir la comunicaci\u00f3 als agricultors i han oferit la seua plena col\u00b7laboraci\u00f3 per a solucionar aquesta problem\u00e0tica que posa contra les cordes el present i futur d&#8217;un cultiu clau en l&#8217;agricultura valenciana.<\/p>\n","protected":false},"excerpt":{"rendered":"<div class=\"mh-excerpt\">L&#8217;Associaci\u00f3 Valenciana d&#8217;Agricultors (AVA-Asaja) i l&#8217;Associaci\u00f3 Espanyola del Kaki (AEKAKI) han reclamat hui a la Conselleria d&#8217;Agricultura una s\u00e8rie de mesures davant \u201cla preocupaci\u00f3 i el malestar del sector per l&#8217;expansi\u00f3 incontrolada de les plagues <a class=\"mh-excerpt-more\" href=\"https:\/\/tucomarca.whitekongsoftware.com\/ca\/ava-asaja-i-aekaki-redoblen-la-reivindicacio-a-la-conselleria-pel-cotonet-que-ja-causa-40-milions-de-perdues-en-el-caqui\/\" title=\"AVA-Asaja i AEKAKI redoblen la reivindicaci\u00f3 a la conselleria pel Cotonet que ja causa 40 milions de p\u00e8rdues en el caqui\">[+] <\/a><\/div>\n","protected":false},"author":12,"featured_media":140859,"comment_status":"open","ping_status":"open","sticky":false,"template":"","format":"standard","meta":{"footnotes":""},"categories":[10905,10894,10902,10947,10896],"tags":[15473,11924,14614,12856,15329],"class_list":["post-140863","post","type-post","status-publish","format-standard","has-post-thumbnail","category-agricultura-la-comarca-ca","category-la-comarca-ca","category-la-ribera-ca","category-politica","category-seccion-ca","tag-aekaki-ca","tag-ava-asaja-ca","tag-caqui-ca","tag-conselleria-de-agricultura-ca","tag-cotonet-ca"],"_links":{"self":[{"href":"https:\/\/tucomarca.whitekongsoftware.com\/ca\/wp-json\/wp\/v2\/posts\/140863","targetHints":{"allow":["GET"]}}],"collection":[{"href":"https:\/\/tucomarca.whitekongsoftware.com\/ca\/wp-json\/wp\/v2\/posts"}],"about":[{"href":"https:\/\/tucomarca.whitekongsoftware.com\/ca\/wp-json\/wp\/v2\/types\/post"}],"author":[{"embeddable":true,"href":"https:\/\/tucomarca.whitekongsoftware.com\/ca\/wp-json\/wp\/v2\/users\/12"}],"replies":[{"embeddable":true,"href":"https:\/\/tucomarca.whitekongsoftware.com\/ca\/wp-json\/wp\/v2\/comments?post=140863"}],"version-history":[{"count":0,"href":"https:\/\/tucomarca.whitekongsoftware.com\/ca\/wp-json\/wp\/v2\/posts\/140863\/revisions"}],"wp:featuredmedia":[{"embeddable":true,"href":"https:\/\/tucomarca.whitekongsoftware.com\/ca\/wp-json\/wp\/v2\/media\/140859"}],"wp:attachment":[{"href":"https:\/\/tucomarca.whitekongsoftware.com\/ca\/wp-json\/wp\/v2\/media?parent=140863"}],"wp:term":[{"taxonomy":"category","embeddable":true,"href":"https:\/\/tucomarca.whitekongsoftware.com\/ca\/wp-json\/wp\/v2\/categories?post=140863"},{"taxonomy":"post_tag","embeddable":true,"href":"https:\/\/tucomarca.whitekongsoftware.com\/ca\/wp-json\/wp\/v2\/tags?post=140863"}],"curies":[{"name":"wp","href":"https:\/\/api.w.org\/{rel}","templated":true}]}}