{"id":140837,"date":"2021-09-10T10:28:00","date_gmt":"2021-09-10T09:28:00","guid":{"rendered":"http:\/\/www.tucomarca.com\/wordpress\/segunda\/?p=140837"},"modified":"2021-09-11T00:17:17","modified_gmt":"2021-09-10T23:17:17","slug":"el-ca-correores-i-la-regidoria-desports-organitzen-el-vi-trail-buyol-el-proxim-17-doctubre","status":"publish","type":"post","link":"https:\/\/tucomarca.whitekongsoftware.com\/ca\/el-ca-correores-i-la-regidoria-desports-organitzen-el-vi-trail-buyol-el-proxim-17-doctubre\/","title":{"rendered":"El CA Correores i la Regidoria d&#8217;Esports organitzen el VI Trail Buyol el pr\u00f2xim 17 d&#8217;octubre"},"content":{"rendered":"\n<p class=\"wp-block-paragraph\">El Club Atletisme Correores de Bu\u00f1ol, juntament amb la Regidoria d&#8217;Esports de l&#8217;Ajuntament, organitza per al pr\u00f2xim 17 d&#8217;octubre el VI Trail Bu\u00f1ol amb una dist\u00e0ncia \u00fanica de 17 quil\u00f2metres amb 875 metres de desnivell positiu. L&#8217;eixida i meta estaran situades en el Passeig Sant Llu\u00eds, enclavament emblem\u00e0tic del municipi.&nbsp;<\/p>\n\n\n\n<p class=\"wp-block-paragraph\">En edicions anteriors es realitzava una caminada, un Sprint Trail (de 13kms) i un Trail (de 27 km). \u201cEn aquesta edici\u00f3 hem decidit aglutinar totes dues dist\u00e0ncies en una, evitant que l&#8217;aforament siga tan elevat com en anys anteriors on en cadascuna de les carreres eren centenars de persones. Ara comptem amb un aforament per a participants de 300 persones\u201d, assenyala Laguna Mart\u00ednez, president del CA Correores Bu\u00f1ol.<br>Una altra de les novetats d&#8217;aquest trail \u00e9s el circuit, que \u00e9s com el Trail de 27 quil\u00f2metres que es va organitzar en l&#8217;\u00faltima edici\u00f3, per\u00f2 amb el recorregut a l&#8217;inrev\u00e9s, ja que l&#8217;eixida i la meta est\u00e0 en el Passeig Sant Llu\u00eds, que era on estava la meta en el V Trail Bu\u00f1ol, i l&#8217;eixida en la explanda del Planell.<br>Les inscripcions poden realitzar-se a trav\u00e9s de MyChip i tamb\u00e9 de la web correores.com. Fins a l&#8217;1 d&#8217;octubre el preu per a poder participar en aquesta carrera \u00e9s de 15 euros, a partir d&#8217;aqueixa data, i fins a esgotar les places de 300 participants, el preu ser\u00e0 de 18 euros.&nbsp;<br>Despr\u00e9s dels durs mesos que ha patit l&#8217;esport ara, segons confirma Laguna Mart\u00ednez, ve\u00efns i aficionats a aquesta disciplina estan apuntant-se a aquest club: \u201cestem desitjant que vinga gent nova, que vulga entrenar amb nosaltres. Fem quedades, i afortunadament com entrenem a l&#8217;aire lliure, gaudint dels bell\u00edssims paratges de la localitat, la seguretat enfront del Covid19 est\u00e0 garantida\u201d. Convidem que s&#8217;inscriguen i aix\u00ed coneixeran gent aficionada a l&#8217;esport que tant els agrada, a la vida sana. Tan sols cal pagar una quota anual de 25 euros\u201d, finalitza el president d&#8217;aquest club esportiu bu\u00f1olense.&nbsp;<br>Manuel Sierra, regidor d&#8217;Esports de l&#8217;Ajuntament de Bu\u00f1ol, s&#8217;ha mostrat molt satisfet per l&#8217;organitzaci\u00f3 d&#8217;aquest esdeveniment, que ja formava part del calendari esportiu del municipi des de la seua primera edici\u00f3. \u201cAra que la situaci\u00f3 pand\u00e8mica i pel fet que la vacunaci\u00f3 en el nostre municipi i en tota la Comunitat est\u00e0 quasi completada i encara ho estar\u00e0 m\u00e9s a l&#8217;octubre, vam creure que era el moment d&#8217;organitzar una carrera, amb menor aforament i de llarga dist\u00e0ncia per al gaudi d&#8217;aquests grans esportistes\u201d.<\/p>\n\n\n\n<p class=\"wp-block-paragraph\"><\/p>\n","protected":false},"excerpt":{"rendered":"<div class=\"mh-excerpt\">El Club Atletisme Correores de Bu\u00f1ol, juntament amb la Regidoria d&#8217;Esports de l&#8217;Ajuntament, organitza per al pr\u00f2xim 17 d&#8217;octubre el VI Trail Bu\u00f1ol amb una dist\u00e0ncia \u00fanica de 17 quil\u00f2metres amb 875 metres de desnivell <a class=\"mh-excerpt-more\" href=\"https:\/\/tucomarca.whitekongsoftware.com\/ca\/el-ca-correores-i-la-regidoria-desports-organitzen-el-vi-trail-buyol-el-proxim-17-doctubre\/\" title=\"El CA Correores i la Regidoria d&#8217;Esports organitzen el VI Trail Buyol el pr\u00f2xim 17 d&#8217;octubre\">[+] <\/a><\/div>\n","protected":false},"author":12,"featured_media":140835,"comment_status":"open","ping_status":"open","sticky":false,"template":"","format":"standard","meta":{"footnotes":""},"categories":[11019,11018,10911,11003,10894,10912,10896],"tags":[10913,15468,12022,10914,11883,15469],"class_list":["post-140837","post","type-post","status-publish","format-standard","has-post-thumbnail","category-agenda-ca","category-atletisme","category-bunol-ca","category-sports","category-la-comarca-ca","category-la-hoya-ca","category-seccion-ca","tag-bunol-ca","tag-ca-correores-ca","tag-concejalia-de-deportes-de-bunol-ca","tag-la-hoya-de-bunol-chiva-ca","tag-trail-bunol-ca","tag-vi-trail-bunol-ca"],"_links":{"self":[{"href":"https:\/\/tucomarca.whitekongsoftware.com\/ca\/wp-json\/wp\/v2\/posts\/140837","targetHints":{"allow":["GET"]}}],"collection":[{"href":"https:\/\/tucomarca.whitekongsoftware.com\/ca\/wp-json\/wp\/v2\/posts"}],"about":[{"href":"https:\/\/tucomarca.whitekongsoftware.com\/ca\/wp-json\/wp\/v2\/types\/post"}],"author":[{"embeddable":true,"href":"https:\/\/tucomarca.whitekongsoftware.com\/ca\/wp-json\/wp\/v2\/users\/12"}],"replies":[{"embeddable":true,"href":"https:\/\/tucomarca.whitekongsoftware.com\/ca\/wp-json\/wp\/v2\/comments?post=140837"}],"version-history":[{"count":0,"href":"https:\/\/tucomarca.whitekongsoftware.com\/ca\/wp-json\/wp\/v2\/posts\/140837\/revisions"}],"wp:featuredmedia":[{"embeddable":true,"href":"https:\/\/tucomarca.whitekongsoftware.com\/ca\/wp-json\/wp\/v2\/media\/140835"}],"wp:attachment":[{"href":"https:\/\/tucomarca.whitekongsoftware.com\/ca\/wp-json\/wp\/v2\/media?parent=140837"}],"wp:term":[{"taxonomy":"category","embeddable":true,"href":"https:\/\/tucomarca.whitekongsoftware.com\/ca\/wp-json\/wp\/v2\/categories?post=140837"},{"taxonomy":"post_tag","embeddable":true,"href":"https:\/\/tucomarca.whitekongsoftware.com\/ca\/wp-json\/wp\/v2\/tags?post=140837"}],"curies":[{"name":"wp","href":"https:\/\/api.w.org\/{rel}","templated":true}]}}