{"id":140765,"date":"2021-09-09T10:00:00","date_gmt":"2021-09-09T09:00:00","guid":{"rendered":"http:\/\/www.tucomarca.com\/wordpress\/segunda\/?p=140765"},"modified":"2021-09-09T20:10:19","modified_gmt":"2021-09-09T19:10:19","slug":"obres-publiques-millora-la-qualitat-acustica-a-lentorn-de-la-cv-50-a-alzira","status":"publish","type":"post","link":"https:\/\/tucomarca.whitekongsoftware.com\/ca\/obres-publiques-millora-la-qualitat-acustica-a-lentorn-de-la-cv-50-a-alzira\/","title":{"rendered":"Obres P\u00fabliques millora la qualitat ac\u00fastica a l&#8217;entorn de la CV-50 a Alzira"},"content":{"rendered":"\n<h4 class=\"wp-block-heading\">L&#8217;actuaci\u00f3 compta amb una inversi\u00f3 de la Generalitat de 700.000 euros&nbsp;<\/h4>\n\n\n\n<h4 class=\"wp-block-heading\">S&#8217;ha modificat el paviment i s&#8217;han instal\u00b7lat pantalles ac\u00fastiques a l&#8217;entorn del Centre de Salut &#8220;Alzira I&#8221; i en el nucli de Barranquet<\/h4>\n\n\n\n<p class=\"wp-block-paragraph\">La Conselleria de Pol\u00edtica Territorial, Obres P\u00fabliques i Mobilitat ha finalitzat les obres per a millorar la qualitat ac\u00fastica a l&#8217;entorn de la CV-50 a Alzira. Amb una inversi\u00f3 de prop de 700.000 euros, aquesta actuaci\u00f3 ve a solucionar els problemes de contaminaci\u00f3 ac\u00fastica que es produ\u00efen al llarg de prop de tres quil\u00f2metres de via.<\/p>\n\n\n\n<p class=\"wp-block-paragraph\">Segons ha explicat el conseller Arcadi Espa\u00f1a, &#8220;des de la Conselleria hem buscat amb aquesta actuaci\u00f3, una doble finalitat, d&#8217;una banda, la modificaci\u00f3 de les caracter\u00edstiques del paviment i, per un altre, la instal\u00b7laci\u00f3 de pantalles ac\u00fastiques integrades a l&#8217;entorn del Centre de Salut &#8220;Alzira I&#8221; i en el nucli de Barranquet&#8221;.<\/p>\n\n\n\n<p class=\"wp-block-paragraph\">Per al titular d&#8217;Obres P\u00fabliques, &#8220;la qualitat de vida dels nostres ve\u00efns i ve\u00efnes dep\u00e9n molt de la qualitat del seu entorn i la contaminaci\u00f3 ac\u00fastica \u00e9s un dels factors que m\u00e9s pot devaluar la vida quotidiana&#8221;.<\/p>\n\n\n\n<p class=\"wp-block-paragraph\">En aquest sentit, ha afegit que &#8220;en treballar per mitigar, en la mesura del possible, els nivells sonors que suporta la poblaci\u00f3 estem posant les infraestructures al servei de les persones, un dels principals compromisos del Govern valenci\u00e0&#8221;.<\/p>\n\n\n\n<p class=\"wp-block-paragraph\">Les obres han consistit en l&#8217;execuci\u00f3 de paviment fonoabsorbente en diferents trams de la CV-50 i en la instal\u00b7laci\u00f3 de pantalles ac\u00fastiques de formig\u00f3 fonoabsorbente en el marge dret de la carretera a l&#8217;entorn del pas superior de la CV-4105, en la rampa de baixada del pas superior sobre la CV-4105, aix\u00ed com una altra a l&#8217;entorn del nucli de Barranquet.<\/p>\n\n\n\n<p class=\"wp-block-paragraph\">Igualment s&#8217;ha realitzat un tractament est\u00e8tic de les superf\u00edcies de les barreres per a reduir l&#8217;impacte visual i que hi haja una correcta integraci\u00f3 en l&#8217;entorn urb\u00e0. De la mateixa manera, s&#8217;ha donat un tractament paisatg\u00edstic que permet minimitzar l&#8217;impacte visual de les barreres ac\u00fastiques.<\/p>\n\n\n\n<p class=\"wp-block-paragraph\">L&#8217;entorn urb\u00e0 del municipi d&#8217;Alzira est\u00e0 circumdat per la carretera CV-50, amb un alt grau de circulaci\u00f3 de vehicles que provoquen un determinat nivell de soroll. Despr\u00e9s d&#8217;haver realitzat la Conselleria els estudis corresponents, ha considerat necessari adoptar mesures per a solucionar aquests problemes de contaminaci\u00f3 ac\u00fastica detectats.<\/p>\n\n\n\n<p class=\"wp-block-paragraph\"><\/p>\n","protected":false},"excerpt":{"rendered":"<div class=\"mh-excerpt\">L&#8217;actuaci\u00f3 compta amb una inversi\u00f3 de la Generalitat de 700.000 euros&nbsp; S&#8217;ha modificat el paviment i s&#8217;han instal\u00b7lat pantalles ac\u00fastiques a l&#8217;entorn del Centre de Salut &#8220;Alzira I&#8221; i en el nucli de Barranquet La <a class=\"mh-excerpt-more\" href=\"https:\/\/tucomarca.whitekongsoftware.com\/ca\/obres-publiques-millora-la-qualitat-acustica-a-lentorn-de-la-cv-50-a-alzira\/\" title=\"Obres P\u00fabliques millora la qualitat ac\u00fastica a l&#8217;entorn de la CV-50 a Alzira\">[+] <\/a><\/div>\n","protected":false},"author":12,"featured_media":140763,"comment_status":"open","ping_status":"open","sticky":false,"template":"","format":"standard","meta":{"footnotes":""},"categories":[10889,10948,10894,10902,10947,10896],"tags":[11192,13708,12537],"class_list":["post-140765","post","type-post","status-publish","format-standard","has-post-thumbnail","category-alzira-cat","category-infraestructuras-ca","category-la-comarca-ca","category-la-ribera-ca","category-politica","category-seccion-ca","tag-alzira-ca","tag-conselleria-de-obras-publicas-ca","tag-cv-50-ca"],"_links":{"self":[{"href":"https:\/\/tucomarca.whitekongsoftware.com\/ca\/wp-json\/wp\/v2\/posts\/140765","targetHints":{"allow":["GET"]}}],"collection":[{"href":"https:\/\/tucomarca.whitekongsoftware.com\/ca\/wp-json\/wp\/v2\/posts"}],"about":[{"href":"https:\/\/tucomarca.whitekongsoftware.com\/ca\/wp-json\/wp\/v2\/types\/post"}],"author":[{"embeddable":true,"href":"https:\/\/tucomarca.whitekongsoftware.com\/ca\/wp-json\/wp\/v2\/users\/12"}],"replies":[{"embeddable":true,"href":"https:\/\/tucomarca.whitekongsoftware.com\/ca\/wp-json\/wp\/v2\/comments?post=140765"}],"version-history":[{"count":0,"href":"https:\/\/tucomarca.whitekongsoftware.com\/ca\/wp-json\/wp\/v2\/posts\/140765\/revisions"}],"wp:featuredmedia":[{"embeddable":true,"href":"https:\/\/tucomarca.whitekongsoftware.com\/ca\/wp-json\/wp\/v2\/media\/140763"}],"wp:attachment":[{"href":"https:\/\/tucomarca.whitekongsoftware.com\/ca\/wp-json\/wp\/v2\/media?parent=140765"}],"wp:term":[{"taxonomy":"category","embeddable":true,"href":"https:\/\/tucomarca.whitekongsoftware.com\/ca\/wp-json\/wp\/v2\/categories?post=140765"},{"taxonomy":"post_tag","embeddable":true,"href":"https:\/\/tucomarca.whitekongsoftware.com\/ca\/wp-json\/wp\/v2\/tags?post=140765"}],"curies":[{"name":"wp","href":"https:\/\/api.w.org\/{rel}","templated":true}]}}