{"id":140698,"date":"2021-09-07T13:00:00","date_gmt":"2021-09-07T12:00:00","guid":{"rendered":"http:\/\/www.tucomarca.com\/wordpress\/segunda\/?p=140698"},"modified":"2021-09-07T23:16:08","modified_gmt":"2021-09-07T22:16:08","slug":"diputacio-i-ajuntament-de-navarres-collaboraran-en-la-valoritzacio-de-lereta-del-pedregal","status":"publish","type":"post","link":"https:\/\/tucomarca.whitekongsoftware.com\/ca\/diputacio-i-ajuntament-de-navarres-collaboraran-en-la-valoritzacio-de-lereta-del-pedregal\/","title":{"rendered":"Diputaci\u00f3 i Ajuntament de Navarr\u00e9s col\u00b7laboraran en la valoritzaci\u00f3 de l\u2019Ereta del Pedregal"},"content":{"rendered":"\n<h4 class=\"wp-block-heading\">La Ereta del Pedregal \u00e9s un jaciment del Neol\u00edtic Final i Eneol\u00edtic, refer\u00e8ncia obligada per a valorar este per\u00edode en el territori valenci\u00e0<\/h4>\n\n\n\n<h4 class=\"wp-block-heading\">El diputat de Cultural, Xavier Rius, i la directora del Museu de Prehist\u00f2ria de Val\u00e8ncia, Maria Jes\u00fas de Pedro, es reunixen amb l&#8217;alcaldessa de Navarr\u00e9s, Estela del Carmen Darocas, per a estudiar les diferents propostes<\/h4>\n\n\n\n<p class=\"wp-block-paragraph\"><strong>7\/setembre\/2021. <\/strong>L\u2019\u00e0rea de Cultura de la Diputaci\u00f3 de Val\u00e8ncia i l&#8217;Ajuntament de Navarr\u00e9s estudien conjuntament les possibilitats de valoritzaci\u00f3 del jaciment de l\u2019Ereta del Pedregal, l\u2019excavaci\u00f3 arqueol\u00f2gica del qual, realitzada pel Museu de Prehist\u00f2ria de Val\u00e8ncia, finalitz\u00e0 a principis dels anys novena de segle passat.<\/p>\n\n\n\n<p class=\"wp-block-paragraph\">El diputat de Cultura, Xavier Rius, juntament amb la directora del museu, Maria Jes\u00fas de Pedro i l&#8217;alcaldessa de Navarr\u00e9s, Estela del Carmen Darocas, van visitar el jaciment per a estudiar les possibilitats de l&#8217;entorn, sent el condicionament per a la seua visita i les activitats did\u00e0ctiques les actuacions m\u00e9s recomanables, segons va explicar la directora del museu, Maria Jes\u00fas de Pedro.<\/p>\n\n\n\n<p class=\"wp-block-paragraph\">Per part seua, el diputat Xavier Rius, ha oferit el suport de l&#8217;\u00e0rea de Cultura de la Diputaci\u00f3 per a iniciar una l\u00ednia de treball que incloga \u201cla futura visita del jaciment dins d\u2019una ruta arqueol\u00f2gica junt amb d\u2019altres punts d&#8217;inter\u00e9s del municipi, aix\u00ed com l&#8217;assist\u00e8ncia t\u00e8cnica, cient\u00edfica i did\u00e0ctica des de l\u2019experi\u00e8ncia i traject\u00f2ria del Museu de Prehist\u00f2ria de Val\u00e8ncia\u201d.<\/p>\n\n\n\n<p class=\"wp-block-paragraph\">Per part de l&#8217;ajuntament de Navarr\u00e9s hi ha inter\u00e9s en estudiar les millores d&#8217;accessibilitat, condicionament i gesti\u00f3 de la neteja de l&#8217;entorn.<\/p>\n\n\n\n<p class=\"wp-block-paragraph\">L\u2019Ereta del Pedregal \u00e9s un poblat del per\u00edode Neol\u00edtic Final i Eneol\u00edtic localitzat en el terme municipal de Navarr\u00e9s, en el paratge denominat La Marjal, un antic espai de llacunes, hui pr\u00e0cticament dessecades.&nbsp;<\/p>\n\n\n\n<p class=\"wp-block-paragraph\">La primera not\u00edcia sobre este jaciment arqueol\u00f2gic es deu a J. Vilanova y Piera, qui el va visitar i va donar a con\u00e9ixer en 1872 en la seua obra \u201cOrigen, naturaleza y antig\u00fcedad del hombre\u201d. En 1942, Jos\u00e9 Chocomeli va iniciar la seua excavaci\u00f3 sota el patrocini del Servei d&#8217;Investigaci\u00f3 Prehist\u00f2rica de la Diputaci\u00f3 de Val\u00e8ncia (SIP).<\/p>\n\n\n\n<p class=\"wp-block-paragraph\">L\u2019Ereta del Pedregal \u00e9s un dels jaciments hist\u00f2rics excavats pel SIP amb campanyes durant la d\u00e8cada dels anys 40 i part dels anys 60,70 i 80. Esta activitat de camp s&#8217;associa a la import\u00e0ncia dels materials arqueol\u00f2gics recuperats i dipositats al Museu de Prehist\u00f2ria de Val\u00e8ncia. Des de la publicaci\u00f3 dels primers treballs, l\u2019Ereta del Pedregal ha constitu\u00eft una refer\u00e8ncia obligada a l&#8217;hora d&#8217;entendre i valorar qualsevol aspecte del Neol\u00edtic final i l\u2019Eneol\u00edtic del territori valenci\u00e0.<\/p>\n\n\n\n<p class=\"wp-block-paragraph\"><\/p>\n","protected":false},"excerpt":{"rendered":"<div class=\"mh-excerpt\">La Ereta del Pedregal \u00e9s un jaciment del Neol\u00edtic Final i Eneol\u00edtic, refer\u00e8ncia obligada per a valorar este per\u00edode en el territori valenci\u00e0 El diputat de Cultural, Xavier Rius, i la directora del Museu de <a class=\"mh-excerpt-more\" href=\"https:\/\/tucomarca.whitekongsoftware.com\/ca\/diputacio-i-ajuntament-de-navarres-collaboraran-en-la-valoritzacio-de-lereta-del-pedregal\/\" title=\"Diputaci\u00f3 i Ajuntament de Navarr\u00e9s col\u00b7laboraran en la valoritzaci\u00f3 de l\u2019Ereta del Pedregal\">[+] <\/a><\/div>\n","protected":false},"author":12,"featured_media":140697,"comment_status":"open","ping_status":"open","sticky":false,"template":"","format":"standard","meta":{"footnotes":""},"categories":[10898,10948,10963,10894,10971,11007,10947,10896],"tags":[11246,15457,11094,14072],"class_list":["post-140698","post","type-post","status-publish","format-standard","has-post-thumbnail","category-ventana-ca","category-infraestructuras-ca","category-la-canal-de-navarres-ca","category-la-comarca-ca","category-navarres-ca","category-ocio-y-cultura-ca","category-politica","category-seccion-ca","tag-diputacio-de-valencia-ca","tag-ereta-del-pedregal-ca","tag-la-canal-de-navarres","tag-navarres-ca"],"_links":{"self":[{"href":"https:\/\/tucomarca.whitekongsoftware.com\/ca\/wp-json\/wp\/v2\/posts\/140698","targetHints":{"allow":["GET"]}}],"collection":[{"href":"https:\/\/tucomarca.whitekongsoftware.com\/ca\/wp-json\/wp\/v2\/posts"}],"about":[{"href":"https:\/\/tucomarca.whitekongsoftware.com\/ca\/wp-json\/wp\/v2\/types\/post"}],"author":[{"embeddable":true,"href":"https:\/\/tucomarca.whitekongsoftware.com\/ca\/wp-json\/wp\/v2\/users\/12"}],"replies":[{"embeddable":true,"href":"https:\/\/tucomarca.whitekongsoftware.com\/ca\/wp-json\/wp\/v2\/comments?post=140698"}],"version-history":[{"count":0,"href":"https:\/\/tucomarca.whitekongsoftware.com\/ca\/wp-json\/wp\/v2\/posts\/140698\/revisions"}],"wp:featuredmedia":[{"embeddable":true,"href":"https:\/\/tucomarca.whitekongsoftware.com\/ca\/wp-json\/wp\/v2\/media\/140697"}],"wp:attachment":[{"href":"https:\/\/tucomarca.whitekongsoftware.com\/ca\/wp-json\/wp\/v2\/media?parent=140698"}],"wp:term":[{"taxonomy":"category","embeddable":true,"href":"https:\/\/tucomarca.whitekongsoftware.com\/ca\/wp-json\/wp\/v2\/categories?post=140698"},{"taxonomy":"post_tag","embeddable":true,"href":"https:\/\/tucomarca.whitekongsoftware.com\/ca\/wp-json\/wp\/v2\/tags?post=140698"}],"curies":[{"name":"wp","href":"https:\/\/api.w.org\/{rel}","templated":true}]}}