{"id":140684,"date":"2021-09-07T13:00:00","date_gmt":"2021-09-07T12:00:00","guid":{"rendered":"http:\/\/www.tucomarca.com\/wordpress\/segunda\/?p=140684"},"modified":"2021-09-07T23:20:34","modified_gmt":"2021-09-07T22:20:34","slug":"els-centres-educatius-de-bunol-arranquen-el-curs-amb-gran-part-de-lalumnat-de-secundaria-vacunats","status":"publish","type":"post","link":"https:\/\/tucomarca.whitekongsoftware.com\/ca\/els-centres-educatius-de-bunol-arranquen-el-curs-amb-gran-part-de-lalumnat-de-secundaria-vacunats\/","title":{"rendered":"Els centres educatius de Bunyol arranquen el curs amb gran part de l&#8217;alumnat de secund\u00e0ria vacunats"},"content":{"rendered":"\n<h4 class=\"wp-block-heading\">Els carrers confrontants al Col\u00b7legi Sant Llu\u00eds i al Col\u00b7legi Talaia estaran tancades moments abans de les entrades i eixides. Policia Local i Protecci\u00f3 Civil vetlaran els primers dies pel compliment de dist\u00e0ncia interpersonal i m\u00e0scara obligat\u00f2ria entre pares i familiars d&#8217;alumnes.&nbsp;<\/h4>\n\n\n\n<p class=\"wp-block-paragraph\">La Regidoria d&#8217;Educaci\u00f3 de Bunyol confirma que tots els centres educatius del municipi tenen tot preparat per a rebre als alumnes a partir de dem\u00e0, garantint-se la presencialitat en tots els graus educatius i amb l&#8217;avantatge de gran part de l&#8217;alumnat de secund\u00e0ria vacunat.<br>Els protocols es mantenen respecte al curs anterior, encara que la dist\u00e0ncia interpersonal s&#8217;ha redu\u00eft de 1.50m a 1.20m el que facilita la pres\u00e8ncia a l&#8217;aula de tots els alumnes. La desinfecci\u00f3 i neteja d&#8217;aules continua estant garantida en els centres p\u00fablics, ja que hi ha una persona encarregada d&#8217;aix\u00f2 durant tot el mat\u00ed. Tamb\u00e9 continuen els refor\u00e7os Covid en n\u00famero de professorat, que ja va augmentar el passat curs i aquest es mantenen.<br>Els primers dies de tornada al col\u00b7legi tant els carrers confrontants al Col\u00b7legi Sagrada Fam\u00edlia Talaia com al Col\u00b7legi Sant Llu\u00eds estaran controlades per la Policia Local i Protecci\u00f3 Civil assegurant el correcte compliment de dist\u00e0ncia interpersonal i m\u00e0scara obligat\u00f2ria entre els pares i familiars dels xiquets.\u00a0<br>Tamb\u00e9 Carles Xerri, edil d&#8217;Educaci\u00f3 bunyolense, recorda el tancament de carrers pr\u00f2xims als Col\u00b7legis Sant Llu\u00eds i Atalaya. Al setembre i juny, tant el Col\u00b7legi Sant Llu\u00eds com el Col\u00b7legi Talaia tan sols tenen horari lectiu de 9 a 13h. Per\u00f2 d&#8217;octubre a maig canvia, ja que Sant Llu\u00eds t\u00e9 jornada intensiva, de 9 a 14h, i el Col\u00b7legi Talaia continua amb horari als matins i a les vesprades. Els tancaments s\u00f3n els seg\u00fcents:<br>Setembre i juny (Col\u00b7legis Atalaya i Sant Llu\u00eds)<br>De 8.50 a 9.15<br>De 12.50 a 13.15<\/p>\n\n\n\n<p class=\"wp-block-paragraph\"><br>Octubre a maig (Col\u00b7legi Sant Llu\u00eds)<br>De 8.50 a 9.15<br>De 13.50 a 14.15<br><\/p>\n\n\n\n<p class=\"wp-block-paragraph\">Octubre a maig (Col\u00b7legi Atalaya)<br>De 8.50 a 9.15<br>De 12.50 a 13.15<br>De 14.50 a 15.15<br>De 16.30 a 16.55<\/p>\n\n\n\n<p class=\"wp-block-paragraph\"><br>Tamb\u00e9 el carrer Rafael Ridaura, en la qual estan situats el Col\u00b7legi Cervantes i l&#8217;IES Foia de Bu\u00f1ol, la Policia Local i Protecci\u00f3 Civil mantindran l&#8217;ordre els primers dies. En tractar-se d&#8217;un carrer ampli no es tanca al tr\u00e0nsit rodat.&nbsp;<br>Tamb\u00e9 les activitats extraescolars en els centres educatius de la localitat estan garantides. \u201cTant les pr\u00f2pies que subvenciona el propi Ajuntament amb les obres de teatre, com les que proposen els centres, com a visites guiades per la localitat o les que ofereixen els centres fora de l&#8217;horari lectiu per empreses especialitats\u201d, assenyala Xerri.&nbsp;<br>El curs passat l&#8217;IES Foia de Bu\u00f1ol va oferir la possibilitat de classes de refor\u00e7 els dies en qu\u00e8 no anaven de manera presencial a l&#8217;aula, \u201cenguany no sabem si continuaran amb aquesta iniciativa perqu\u00e8 s\u00ed que aniran tots els dies al centre tots els estudiants, per\u00f2 el claustre de professors segur que tenen ja pensat la realitzaci\u00f3 d&#8217;activitats fora de l&#8217;horari lectiu per a l&#8217;enriquiment personal i educatiu de l&#8217;alumnat\u201d, finalitza l&#8217;edil d&#8217;Educaci\u00f3.<\/p>\n\n\n\n<p class=\"wp-block-paragraph\"><\/p>\n","protected":false},"excerpt":{"rendered":"<div class=\"mh-excerpt\">Els carrers confrontants al Col\u00b7legi Sant Llu\u00eds i al Col\u00b7legi Talaia estaran tancades moments abans de les entrades i eixides. Policia Local i Protecci\u00f3 Civil vetlaran els primers dies pel compliment de dist\u00e0ncia interpersonal i <a class=\"mh-excerpt-more\" href=\"https:\/\/tucomarca.whitekongsoftware.com\/ca\/els-centres-educatius-de-bunol-arranquen-el-curs-amb-gran-part-de-lalumnat-de-secundaria-vacunats\/\" title=\"Els centres educatius de Bunyol arranquen el curs amb gran part de l&#8217;alumnat de secund\u00e0ria vacunats\">[+] <\/a><\/div>\n","protected":false},"author":12,"featured_media":113390,"comment_status":"open","ping_status":"open","sticky":false,"template":"","format":"standard","meta":{"footnotes":""},"categories":[10911,12202,10948,10894,10912,10947,10896],"tags":[10913,11939,11940,15453,10914,13932],"class_list":["post-140684","post","type-post","status-publish","format-standard","has-post-thumbnail","category-bunol-ca","category-covid-19-ca","category-infraestructuras-ca","category-la-comarca-ca","category-la-hoya-ca","category-politica","category-seccion-ca","tag-bunol-ca","tag-coronavirus-ca","tag-covid-19-ca","tag-inicio-curso-escolar-ca","tag-la-hoya-de-bunol-chiva-ca","tag-vacunas-ca"],"_links":{"self":[{"href":"https:\/\/tucomarca.whitekongsoftware.com\/ca\/wp-json\/wp\/v2\/posts\/140684","targetHints":{"allow":["GET"]}}],"collection":[{"href":"https:\/\/tucomarca.whitekongsoftware.com\/ca\/wp-json\/wp\/v2\/posts"}],"about":[{"href":"https:\/\/tucomarca.whitekongsoftware.com\/ca\/wp-json\/wp\/v2\/types\/post"}],"author":[{"embeddable":true,"href":"https:\/\/tucomarca.whitekongsoftware.com\/ca\/wp-json\/wp\/v2\/users\/12"}],"replies":[{"embeddable":true,"href":"https:\/\/tucomarca.whitekongsoftware.com\/ca\/wp-json\/wp\/v2\/comments?post=140684"}],"version-history":[{"count":0,"href":"https:\/\/tucomarca.whitekongsoftware.com\/ca\/wp-json\/wp\/v2\/posts\/140684\/revisions"}],"wp:featuredmedia":[{"embeddable":true,"href":"https:\/\/tucomarca.whitekongsoftware.com\/ca\/wp-json\/wp\/v2\/media\/113390"}],"wp:attachment":[{"href":"https:\/\/tucomarca.whitekongsoftware.com\/ca\/wp-json\/wp\/v2\/media?parent=140684"}],"wp:term":[{"taxonomy":"category","embeddable":true,"href":"https:\/\/tucomarca.whitekongsoftware.com\/ca\/wp-json\/wp\/v2\/categories?post=140684"},{"taxonomy":"post_tag","embeddable":true,"href":"https:\/\/tucomarca.whitekongsoftware.com\/ca\/wp-json\/wp\/v2\/tags?post=140684"}],"curies":[{"name":"wp","href":"https:\/\/api.w.org\/{rel}","templated":true}]}}