{"id":140609,"date":"2021-09-06T11:00:00","date_gmt":"2021-09-06T10:00:00","guid":{"rendered":"http:\/\/www.tucomarca.com\/wordpress\/segunda\/?p=140609"},"modified":"2021-09-07T09:11:41","modified_gmt":"2021-09-07T08:11:41","slug":"pep-el-botifarra-inaugura-lii-cicle-de-musica-tradicional-i-darrel-cantos-rutes-i-viandes-a-alboraig","status":"publish","type":"post","link":"https:\/\/tucomarca.whitekongsoftware.com\/ca\/pep-el-botifarra-inaugura-lii-cicle-de-musica-tradicional-i-darrel-cantos-rutes-i-viandes-a-alboraig\/","title":{"rendered":"Pep el Botifarra inaugura l&#8217;II Cicle de M\u00fasica Tradicional i d&#8217;Arrel \u201cCantos, Rutes i Viandes\u201d a Alboraig"},"content":{"rendered":"\n<h4 class=\"wp-block-heading\">La Pla\u00e7a d&#8217;Espanya i la Ruta dels Molins s&#8217;ompliran de la m\u00fasica tradicional de prestigiosos int\u00e8rprets de m\u00fasica tradicional.<\/h4>\n\n\n\n<h4 class=\"wp-block-heading\">L&#8217;assist\u00e8ncia \u00e9s gratu\u00efta i l&#8217;Ajuntament controlar\u00e0 l&#8217;aforament i el compliment de les mesures de seguretat i distanciament.<\/h4>\n\n\n\n<p class=\"wp-block-paragraph\">L&#8217;11 de setembre comen\u00e7a la segona edici\u00f3 del Cicle de M\u00fasica Tradicional i d&#8217;Arrel \u201cCantos, Rutes i Viandes\u201d, amb l&#8217;actuaci\u00f3 de Pep Gimeno, el Botifarra amb l&#8217;espectacle Dos pal sac.&nbsp;<br>Amb la segona edici\u00f3 d&#8217;aquest cicle la Regidoria de Cultura de l&#8217;Ajuntament d&#8217;Alborache consolida una proposta cultural que ha sigut valorada molt positivament, com a punt de trobada d&#8217;especialistes en la m\u00fasica tradicional, mantenint l&#8217;objectiu que va impulsar la primera edici\u00f3: ensenyar i difondre conceptes musicals i hist\u00f2rics, estimulant la curiositat per descobrir la m\u00fasica tradicional del municipi i de la Comunitat Valenciana.<br>Pep Gimeno obri aquesta segona edici\u00f3 del Cicle de M\u00fasica tradicional i d&#8217;Arrel \u201cCantos, Rutes i Viandes\u201d amb el seu espectacle Dos pal sac, l&#8217;11 de setembre a les 19.00 h. en la Pla\u00e7a d&#8217;Espanya.<br>El Botifarra \u00e9s un dels cantaors de m\u00fasica tradicional valenciana m\u00e9s coneguts i prestigiosos, amb una llarga traject\u00f2ria difonent la m\u00fasica i la tradici\u00f3 oral no sols en la Comunitat Valenciana, sin\u00f3 en tot el pa\u00eds. El seu treball de recopilaci\u00f3 i recuperaci\u00f3 de roman\u00e7os, jotes, can\u00e7ons populars, refranys, vocabulari, etc. va comen\u00e7ar en els anys 80 i des de llavors s&#8217;ha dedicat a compartir tot l&#8217;apr\u00e9s de les persones majors. Amb la seua dedicaci\u00f3 a aconseguit mantindre viva una part important de la transmissi\u00f3 oral que es trobava en vies d&#8217;extinci\u00f3.<br>La m\u00fasica tradicional tornar\u00e0 a Alborache el cap de setmana seg\u00fcent, amb les actuacions de Jota Mart\u00ednez D\u00fao i el seu espectacle Tres cultures a l&#8217;Espanya medieval, el dissabte 18 de setembre a les 19.00 h. en la Pla\u00e7a d&#8217;Espanya.&nbsp;<br>El diumenge 19 de setembre, Besarabia tanca el cicle amb un concert en la Ruta dels Molins, a les 12.00 h.<br>El Regidor de Cultura, Vicente Darder, destaca la necessitat de \u201coferir propostes culturals diverses de qualitat. Amb el Cicle de M\u00fasica Tradicional i d&#8217;Arrel volem posar en valor el treball dels artistes que recuperen i difonen m\u00fasiques populars i tradicionals que formen part de la nostra identitat i compartir-les amb els i les m\u00e9s joves\u201d.<br>L&#8217;assist\u00e8ncia \u00e9s gratu\u00efta fins a completar l&#8217;aforament. \u00c9s imprescindible l&#8217;\u00fas de m\u00e0scares. L&#8217;Ajuntament d&#8217;Alborache controlar\u00e0 l&#8217;acc\u00e9s i el compliment de les mesures de distanciament i seguretat.<\/p>\n\n\n\n<p class=\"wp-block-paragraph\">PROGRAMA<br>Dissabte, 11 de setembre, a les 19.00 h. en la pla\u00e7a d&#8217;Espa\u00f1a<br>Pep Gimeno el Botifarra, amb Dos pal sac<\/p>\n\n\n\n<p class=\"wp-block-paragraph\">Dissabte, 18 de setembre, a les 19.00 h. en la pla\u00e7a d&#8217;Espanya<br>Jota Mart\u00ednez D\u00fao, amb Tres cultures a l&#8217;Espanya Medieval<\/p>\n\n\n\n<p class=\"wp-block-paragraph\">Diumenge, 19 de setembre, a les 12.00 h. en la zona recreativa de la Ruta dels Molins<br>Besarabia<\/p>\n\n\n\n<p class=\"wp-block-paragraph\"><\/p>\n","protected":false},"excerpt":{"rendered":"<div class=\"mh-excerpt\">La Pla\u00e7a d&#8217;Espanya i la Ruta dels Molins s&#8217;ompliran de la m\u00fasica tradicional de prestigiosos int\u00e8rprets de m\u00fasica tradicional. L&#8217;assist\u00e8ncia \u00e9s gratu\u00efta i l&#8217;Ajuntament controlar\u00e0 l&#8217;aforament i el compliment de les mesures de seguretat i <a class=\"mh-excerpt-more\" href=\"https:\/\/tucomarca.whitekongsoftware.com\/ca\/pep-el-botifarra-inaugura-lii-cicle-de-musica-tradicional-i-darrel-cantos-rutes-i-viandes-a-alboraig\/\" title=\"Pep el Botifarra inaugura l&#8217;II Cicle de M\u00fasica Tradicional i d&#8217;Arrel \u201cCantos, Rutes i Viandes\u201d a Alboraig\">[+] <\/a><\/div>\n","protected":false},"author":12,"featured_media":140608,"comment_status":"open","ping_status":"open","sticky":false,"template":"","format":"standard","meta":{"footnotes":""},"categories":[11019,10973,11005,10894,10912,11007,10896],"tags":[11224,10914,15440],"class_list":["post-140609","post","type-post","status-publish","format-standard","has-post-thumbnail","category-agenda-ca","category-alborache-ca","category-canal-musica","category-la-comarca-ca","category-la-hoya-ca","category-ocio-y-cultura-ca","category-seccion-ca","tag-alborache-ca","tag-la-hoya-de-bunol-chiva-ca","tag-musica-tradicional-ca"],"_links":{"self":[{"href":"https:\/\/tucomarca.whitekongsoftware.com\/ca\/wp-json\/wp\/v2\/posts\/140609","targetHints":{"allow":["GET"]}}],"collection":[{"href":"https:\/\/tucomarca.whitekongsoftware.com\/ca\/wp-json\/wp\/v2\/posts"}],"about":[{"href":"https:\/\/tucomarca.whitekongsoftware.com\/ca\/wp-json\/wp\/v2\/types\/post"}],"author":[{"embeddable":true,"href":"https:\/\/tucomarca.whitekongsoftware.com\/ca\/wp-json\/wp\/v2\/users\/12"}],"replies":[{"embeddable":true,"href":"https:\/\/tucomarca.whitekongsoftware.com\/ca\/wp-json\/wp\/v2\/comments?post=140609"}],"version-history":[{"count":0,"href":"https:\/\/tucomarca.whitekongsoftware.com\/ca\/wp-json\/wp\/v2\/posts\/140609\/revisions"}],"wp:featuredmedia":[{"embeddable":true,"href":"https:\/\/tucomarca.whitekongsoftware.com\/ca\/wp-json\/wp\/v2\/media\/140608"}],"wp:attachment":[{"href":"https:\/\/tucomarca.whitekongsoftware.com\/ca\/wp-json\/wp\/v2\/media?parent=140609"}],"wp:term":[{"taxonomy":"category","embeddable":true,"href":"https:\/\/tucomarca.whitekongsoftware.com\/ca\/wp-json\/wp\/v2\/categories?post=140609"},{"taxonomy":"post_tag","embeddable":true,"href":"https:\/\/tucomarca.whitekongsoftware.com\/ca\/wp-json\/wp\/v2\/tags?post=140609"}],"curies":[{"name":"wp","href":"https:\/\/api.w.org\/{rel}","templated":true}]}}