{"id":140603,"date":"2021-09-06T20:00:00","date_gmt":"2021-09-06T19:00:00","guid":{"rendered":"http:\/\/www.tucomarca.com\/wordpress\/segunda\/?p=140603"},"modified":"2021-09-07T09:15:24","modified_gmt":"2021-09-07T08:15:24","slug":"ximo-puig-anuncia-la-fi-del-toc-de-queda-i-la-reobertura-de-loci-nocturn","status":"publish","type":"post","link":"https:\/\/tucomarca.whitekongsoftware.com\/ca\/ximo-puig-anuncia-la-fi-del-toc-de-queda-i-la-reobertura-de-loci-nocturn\/","title":{"rendered":"Ximo Puig anuncia la fi del toc de queda i la reobertura de l&#8217;oci nocturn"},"content":{"rendered":"\n<h4 class=\"wp-block-heading\">El president de la Generalitat ha presidit la Mesa Interdepartamental per a la Prevenci\u00f3 i Actuaci\u00f3 davant la COVID-19, en la qual s&#8217;han acordat les noves mesures vigents fins al 27 de setembre&nbsp;<\/h4>\n\n\n\n<h4 class=\"wp-block-heading\">Aposta per una &#8220;obertura segura, progressiva i gradual&#8221; per a continuar reduint la transmissi\u00f3 del virus i avan\u00e7ar en la immunitat de grup<\/h4>\n\n\n\n<h4 class=\"wp-block-heading\">Realitza una crida perqu\u00e8 la poblaci\u00f3 que encara no s&#8217;ha vacunat ho fa\u00e7a en els punts de vacunaci\u00f3 massiva on no ser\u00e0 necessari demanar cita pr\u00e8via<\/h4>\n\n\n\n<h4 class=\"wp-block-heading\">Destaca l&#8217;objectiu d&#8217;arribar al 9 d&#8217;Octubre amb el 90% de la poblaci\u00f3 immunitzada<\/h4>\n\n\n\n<p class=\"wp-block-paragraph\">El president de la Generalitat, Ximo Puig, ha anunciat que a partir de dem\u00e0 dimarts 7 de setembre decau la restricci\u00f3 a la mobilitat nocturna i per tant hi haur\u00e0 llibertat plena de moviment en tota la Comunitat Valenciana.<\/p>\n\n\n\n<p class=\"wp-block-paragraph\">Aix\u00ed ho ha manifest despr\u00e9s de la reuni\u00f3 de la Mesa Interdepartamental per a la Prevenci\u00f3 i Actuaci\u00f3 davant la COVID-19 en la qual han sigut acordades les noves mesures que s&#8217;aplicaran fins al 27 de setembre per a contindre la pand\u00e8mia per coronavirus en la Comunitat Valenciana.<\/p>\n\n\n\n<p class=\"wp-block-paragraph\">Durant la seua intervenci\u00f3 en roda de premsa, el president ha explicat que tamb\u00e9 decau la prohibici\u00f3 de celebrar reunions socials amb un m\u00e0xim de 10 persones, i ha avan\u00e7at la reobertura de l&#8217;oci nocturn fins a les 3 de la matinada.<\/p>\n\n\n\n<p class=\"wp-block-paragraph\">En concret, l&#8217;aforament m\u00e0xim dels locals d&#8217;oci nocturn ser\u00e0 del 50% en interior, es podr\u00e0 utilitzar la barra per a la retirada de consumicions, no es permetr\u00e0 el ball, i l&#8217;hora m\u00e0xima de tancament ser\u00e0 les 3 de la matinada, podent-se realitzar l&#8217;\u00faltima consumici\u00f3 a les 2.30 hores.<\/p>\n\n\n\n<p class=\"wp-block-paragraph\">D&#8217;altra banda, quant a l&#8217;hostaleria i restauraci\u00f3 s&#8217;incrementa l&#8217;ocupaci\u00f3 de taules en interior, que passa de 6 a 8 persones, i es mant\u00e9 el l\u00edmit d&#8217;ocupaci\u00f3 en exteriors, fixat en 10 persones per taula. Aix\u00ed mateix es permet l&#8217;\u00fas de la barra \u00fanicament per a retirada de consumicions.<\/p>\n\n\n\n<p class=\"wp-block-paragraph\">Quant a la celebraci\u00f3 d&#8217;esdeveniments multitudinaris en interior es mant\u00e9 l&#8217;aforament del 50%, amb un m\u00e0xim de 1.500 persones; i en el cas que es puga dividir l&#8217;espai per sectors, es permetr\u00e0 un m\u00e0xim de dos sectors de fins a 1.000 persones cadascun.<\/p>\n\n\n\n<p class=\"wp-block-paragraph\">En els esdeveniments a l&#8217;aire lliure, l&#8217;aforament m\u00e0xim s&#8217;incrementa al 75%, fins a les 3.000 persones, limite que s&#8217;incrementa en el cas de poder establir divisions de l&#8217;espai, at\u00e9s que es permet establir fins a cinc sectors amb 1.000 persones cadascun.<\/p>\n\n\n\n<p class=\"wp-block-paragraph\">Respecte de les competicions esportives de la Lliga Nacional de Futbol Professional, la Lliga de l&#8217;Associaci\u00f3 de Clubs de B\u00e0squet (ACB), si se celebren en pavellons coberts l&#8217;aforament m\u00e0xim ser\u00e0 del 40% amb un l\u00edmit de 4.000 persones, i en espais oberts l&#8217;aforament s&#8217;incrementa fins al 60% amb un m\u00e0xim de 20.000 persones.<\/p>\n\n\n\n<p class=\"wp-block-paragraph\"><strong>Reobertura progressiva, segura i gradual<\/strong><\/p>\n\n\n\n<p class=\"wp-block-paragraph\">El president ha destacat que es realitzar\u00e0 una &#8220;reobertura progressiva, segura i gradual&#8221; per a continuar reduint la transmissi\u00f3 del virus i avan\u00e7ar en la immunitat de grup, si continua l&#8217;evoluci\u00f3 favorable de la situaci\u00f3 pand\u00e8mica, i tenint en compte que el mes de setembre es produeix la volta al treball, l&#8217;inici del curs escolar i universitari, i un major \u00fas del transport p\u00fablic.<\/p>\n\n\n\n<p class=\"wp-block-paragraph\">Aix\u00ed mateix, s&#8217;ha referit a l&#8217;objectiu d&#8217;arribar al 9 d&#8217;Octubre amb el 90% de la poblaci\u00f3 vacunada, i ha fet una anomenada a la minoria de la poblaci\u00f3 que encara no s&#8217;ha vacunat a fer-ho, recordant que aquest dimarts 7 de setembre comen\u00e7a la vacunaci\u00f3 sense cita pr\u00e8via en els 133 punts de vacunaci\u00f3 massiva.<\/p>\n\n\n\n<p class=\"wp-block-paragraph\"><strong>L\u00edder en la vacunaci\u00f3 mundial<\/strong><\/p>\n\n\n\n<p class=\"wp-block-paragraph\">El cap del Consell ha destacat que la Comunitat Valenciana lidera la vacunaci\u00f3 a nivell mundial gr\u00e0cies a una &#8220;actitud c\u00edvica exemplar&#8221;, ja que ja ha administrat 7,1 milions de dosis i compta amb el 81% de la poblaci\u00f3 a vacunar amb la pauta completa. Aquestes dades situen a la Comunitat per davant de tots els pa\u00efsos europeus de gran grand\u00e0ria, com Alemanya, Fran\u00e7a o Gran Bretanya, i tamb\u00e9 per davant dels Estats Units, el Jap\u00f3 o Israel.<\/p>\n\n\n\n<p class=\"wp-block-paragraph\">Respecte a l&#8217;alumnat que comen\u00e7a aquesta setmana el curs escolar, el president ha assenyalat que el 50% dels estudiants d&#8217;ESO i Batxillerat ja tenen les dues dosis de la vacuna, xifra que arribar\u00e0 al 80% en dues setmanes. A m\u00e9s, tamb\u00e9 ha indicat que ja est\u00e0 molt avan\u00e7ada la immunitzaci\u00f3 completa de l&#8217;alumnat universitari, reivindicant el &#8220;treball, esfor\u00e7 i actitud&#8221; de tota la comunitat educativa valenciana.<\/p>\n\n\n\n<p class=\"wp-block-paragraph\">Durant la seua intervenci\u00f3, el president tamb\u00e9 ha destacat l&#8217;evoluci\u00f3 positiva de tots els indicadors, la qual cosa ha perm\u00e9s passar d&#8217;estar en alerta 4 a situar-se en alerta 2, i registrar una incid\u00e8ncia 3 vegades inferior respecte a la de fa un mes. A m\u00e9s, Puig ha assenyalat que actualment la Comunitat Valenciana presenta la tercera incid\u00e8ncia m\u00e9s baixa d&#8217;Espanya i uns nivells inferiors als de tots els pa\u00efsos de l&#8217;entorn.<\/p>\n\n\n\n<p class=\"wp-block-paragraph\">En la Mesa Interdepartamental han participat la vicepresidenta i consellera d&#8217;Igualtat i Pol\u00edtiques Inclusives, M\u00f3nica Oltra; el vicepresident segon i conseller d&#8217;Habitatge i Arquitectura Bioclim\u00e0tica, Rub\u00e9n Mart\u00ednez Dalmau; la consellera de Just\u00edcia, Interior i Administraci\u00f3 P\u00fablica, Gabriela Bravo; el conseller d&#8217;Educaci\u00f3, Cultura i Esport, Vicent Marz\u00e0; la consellera de Sanitat Universal i Salut P\u00fablica, Ana Barcel\u00f3; el conseller d&#8217;Economia Sostenible, Sectors Productius, Comer\u00e7 i Treball, Rafa Climent, i el conseller de Pol\u00edtica Territorial, Obres P\u00fabliques i Mobilitat, Arcadi Espa\u00f1a.<\/p>\n\n\n\n<p class=\"wp-block-paragraph\"><\/p>\n","protected":false},"excerpt":{"rendered":"<div class=\"mh-excerpt\">El president de la Generalitat ha presidit la Mesa Interdepartamental per a la Prevenci\u00f3 i Actuaci\u00f3 davant la COVID-19, en la qual s&#8217;han acordat les noves mesures vigents fins al 27 de setembre&nbsp; Aposta per <a class=\"mh-excerpt-more\" href=\"https:\/\/tucomarca.whitekongsoftware.com\/ca\/ximo-puig-anuncia-la-fi-del-toc-de-queda-i-la-reobertura-de-loci-nocturn\/\" title=\"Ximo Puig anuncia la fi del toc de queda i la reobertura de l&#8217;oci nocturn\">[+] <\/a><\/div>\n","protected":false},"author":12,"featured_media":140602,"comment_status":"open","ping_status":"open","sticky":false,"template":"","format":"standard","meta":{"footnotes":""},"categories":[12202,10898,10948,10894,10904,10947,10896,10897],"tags":[11939,11940,15438,11498,15057,13963,13932,11073],"class_list":["post-140603","post","type-post","status-publish","format-standard","has-post-thumbnail","category-covid-19-ca","category-ventana-ca","category-infraestructuras-ca","category-la-comarca-ca","category-sin-categorizar-ca","category-politica","category-seccion-ca","category-sucesos-la-comarca-ca","tag-coronavirus-ca","tag-covid-19-ca","tag-fin-del-toque-de-queda-ca","tag-generalitat-valenciana-ca","tag-toque-de-queda-ca","tag-vacunacion-ca","tag-vacunas-ca","tag-ximo-puig-ca"],"_links":{"self":[{"href":"https:\/\/tucomarca.whitekongsoftware.com\/ca\/wp-json\/wp\/v2\/posts\/140603","targetHints":{"allow":["GET"]}}],"collection":[{"href":"https:\/\/tucomarca.whitekongsoftware.com\/ca\/wp-json\/wp\/v2\/posts"}],"about":[{"href":"https:\/\/tucomarca.whitekongsoftware.com\/ca\/wp-json\/wp\/v2\/types\/post"}],"author":[{"embeddable":true,"href":"https:\/\/tucomarca.whitekongsoftware.com\/ca\/wp-json\/wp\/v2\/users\/12"}],"replies":[{"embeddable":true,"href":"https:\/\/tucomarca.whitekongsoftware.com\/ca\/wp-json\/wp\/v2\/comments?post=140603"}],"version-history":[{"count":0,"href":"https:\/\/tucomarca.whitekongsoftware.com\/ca\/wp-json\/wp\/v2\/posts\/140603\/revisions"}],"wp:featuredmedia":[{"embeddable":true,"href":"https:\/\/tucomarca.whitekongsoftware.com\/ca\/wp-json\/wp\/v2\/media\/140602"}],"wp:attachment":[{"href":"https:\/\/tucomarca.whitekongsoftware.com\/ca\/wp-json\/wp\/v2\/media?parent=140603"}],"wp:term":[{"taxonomy":"category","embeddable":true,"href":"https:\/\/tucomarca.whitekongsoftware.com\/ca\/wp-json\/wp\/v2\/categories?post=140603"},{"taxonomy":"post_tag","embeddable":true,"href":"https:\/\/tucomarca.whitekongsoftware.com\/ca\/wp-json\/wp\/v2\/tags?post=140603"}],"curies":[{"name":"wp","href":"https:\/\/api.w.org\/{rel}","templated":true}]}}