{"id":140543,"date":"2021-09-05T09:00:00","date_gmt":"2021-09-05T08:00:00","guid":{"rendered":"http:\/\/www.tucomarca.com\/wordpress\/segunda\/?p=140543"},"modified":"2021-09-05T11:05:07","modified_gmt":"2021-09-05T10:05:07","slug":"lajuntament-de-sant-antoni-de-benaixeve-llanca-una-enquesta-a-la-poblacio-per-a-elaborar-el-puam","status":"publish","type":"post","link":"https:\/\/tucomarca.whitekongsoftware.com\/ca\/lajuntament-de-sant-antoni-de-benaixeve-llanca-una-enquesta-a-la-poblacio-per-a-elaborar-el-puam\/","title":{"rendered":"L&#8217;Ajuntament de Sant Antoni de Benaixeve llan\u00e7a una enquesta a la poblaci\u00f3 per a elaborar el PUAM"},"content":{"rendered":"\n<h4 class=\"wp-block-heading\">Els ve\u00efns i ve\u00efnes podran participar fins al divendres 17 de setembre<br><\/h4>\n\n\n\n<p class=\"wp-block-paragraph\">L&#8217;Ajuntament de Sant Antoni de Benaixeve es troba elaborant el Pla Urb\u00e0 d&#8217;Actuaci\u00f3 Municipal (PUAM), un pla estrat\u00e8gic del municipi que permetr\u00e0 identificar les principals necessitats dels seus habitants i aix\u00ed prioritzar les actuacions a desenvolupar per l&#8217;Ajuntament en els pr\u00f2xims anys. Per a aix\u00f2, \u00e9s necessari que la ciutadania participe.<\/p>\n\n\n\n<p class=\"wp-block-paragraph\">Sota el lema \u201cTu opines, tu decideixes un municipi millor\u201d, el consistori ha preparat una enquesta perqu\u00e8 els ve\u00efns i ve\u00efnes de Sant Antoni col\u00b7laboren en l&#8217;elaboraci\u00f3 d&#8217;aquest projecte. Poden participar fins al divendres 17 de setembre. L&#8217;enlla\u00e7 a l&#8217;enquesta \u00e9s el seg\u00fcent: <a href=\"https:\/\/forms.gle\/pcbkndXxDMfUVK1g6\">https:\/\/forms.gle\/pcbkndXxDMfUVK1g6<\/a><\/p>\n\n\n\n<p class=\"wp-block-paragraph\"><\/p>\n","protected":false},"excerpt":{"rendered":"<div class=\"mh-excerpt\">Els ve\u00efns i ve\u00efnes podran participar fins al divendres 17 de setembre L&#8217;Ajuntament de Sant Antoni de Benaixeve es troba elaborant el Pla Urb\u00e0 d&#8217;Actuaci\u00f3 Municipal (PUAM), un pla estrat\u00e8gic del municipi que permetr\u00e0 identificar <a class=\"mh-excerpt-more\" href=\"https:\/\/tucomarca.whitekongsoftware.com\/ca\/lajuntament-de-sant-antoni-de-benaixeve-llanca-una-enquesta-a-la-poblacio-per-a-elaborar-el-puam\/\" title=\"L&#8217;Ajuntament de Sant Antoni de Benaixeve llan\u00e7a una enquesta a la poblaci\u00f3 per a elaborar el PUAM\">[+] <\/a><\/div>\n","protected":false},"author":12,"featured_media":140542,"comment_status":"open","ping_status":"open","sticky":false,"template":"","format":"standard","meta":{"footnotes":""},"categories":[10892,10948,10894,10947,10934,10896],"tags":[10899,13332,11147],"class_list":["post-140543","post","type-post","status-publish","format-standard","has-post-thumbnail","category-camp-de-turia-ca","category-infraestructuras-ca","category-la-comarca-ca","category-politica","category-san-antonio-de-benageber-ca","category-seccion-ca","tag-camp-de-turia-ca","tag-puam-ca","tag-san-antoni-de-benageber"],"_links":{"self":[{"href":"https:\/\/tucomarca.whitekongsoftware.com\/ca\/wp-json\/wp\/v2\/posts\/140543","targetHints":{"allow":["GET"]}}],"collection":[{"href":"https:\/\/tucomarca.whitekongsoftware.com\/ca\/wp-json\/wp\/v2\/posts"}],"about":[{"href":"https:\/\/tucomarca.whitekongsoftware.com\/ca\/wp-json\/wp\/v2\/types\/post"}],"author":[{"embeddable":true,"href":"https:\/\/tucomarca.whitekongsoftware.com\/ca\/wp-json\/wp\/v2\/users\/12"}],"replies":[{"embeddable":true,"href":"https:\/\/tucomarca.whitekongsoftware.com\/ca\/wp-json\/wp\/v2\/comments?post=140543"}],"version-history":[{"count":0,"href":"https:\/\/tucomarca.whitekongsoftware.com\/ca\/wp-json\/wp\/v2\/posts\/140543\/revisions"}],"wp:featuredmedia":[{"embeddable":true,"href":"https:\/\/tucomarca.whitekongsoftware.com\/ca\/wp-json\/wp\/v2\/media\/140542"}],"wp:attachment":[{"href":"https:\/\/tucomarca.whitekongsoftware.com\/ca\/wp-json\/wp\/v2\/media?parent=140543"}],"wp:term":[{"taxonomy":"category","embeddable":true,"href":"https:\/\/tucomarca.whitekongsoftware.com\/ca\/wp-json\/wp\/v2\/categories?post=140543"},{"taxonomy":"post_tag","embeddable":true,"href":"https:\/\/tucomarca.whitekongsoftware.com\/ca\/wp-json\/wp\/v2\/tags?post=140543"}],"curies":[{"name":"wp","href":"https:\/\/api.w.org\/{rel}","templated":true}]}}