{"id":140490,"date":"2021-09-03T10:00:00","date_gmt":"2021-09-03T09:00:00","guid":{"rendered":"http:\/\/www.tucomarca.com\/wordpress\/segunda\/?p=140490"},"modified":"2021-09-04T09:34:57","modified_gmt":"2021-09-04T08:34:57","slug":"mompo-denuncia-que-una-vegada-mes-gaspar-abandona-als-municipis-afectats-per-les-pluges","status":"publish","type":"post","link":"https:\/\/tucomarca.whitekongsoftware.com\/ca\/mompo-denuncia-que-una-vegada-mes-gaspar-abandona-als-municipis-afectats-per-les-pluges\/","title":{"rendered":"Momp\u00f3 denuncia que \u00abuna vegada m\u00e9s Gaspar abandona als municipis afectats per les pluges\u00bb"},"content":{"rendered":"\n<h4 class=\"wp-block-heading\">Lamenta la falta de reacci\u00f3 de la corporaci\u00f3 provincial i la negativa a acceptar mesures preventives proposades pel Grup Popular<br>Ha criticat la \u00abdist\u00e0ncia enorme que existeix entre el ritme d&#8217;acci\u00f3 de la Diputaci\u00f3 i el dels pobles i la pr\u00f2pia societat\u00bb<\/h4>\n\n\n\n<p class=\"wp-block-paragraph\">El president del Partit Popular de la prov\u00edncia de Val\u00e8ncia i portaveu en la Diputaci\u00f3, Vicente Momp\u00f3, ha visitat aquest mat\u00ed les localitats de Pedralba i Benaguasil per a comprovar els danys provocats per les fortes pluges caigudes en els \u00faltims dies. Ha estat acompanyat pels alcaldes de totes dues localitats, Sandra Tur\u00e9gano i Ximo Segarra, aix\u00ed com per la secret\u00e0ria general provincial, Reme Mazzolari i el portaveu a Vilamarxant, H\u00e9ctor Troyano.<\/p>\n\n\n\n<p class=\"wp-block-paragraph\">Momp\u00f3 ha lamentat les destrosses i al mateix temps ha criticat que \u00abuna vegada m\u00e9s el president de la Diputaci\u00f3, Toni Gaspar, abandona als municipis afectats per les pluges\u00bb. Ha censurat que \u00abGaspar ni est\u00e0 ni se li espera. Els ajuntaments hauran d&#8217;afrontar aquesta situaci\u00f3, de nou, solos i sense ajudes\u00bb.<\/p>\n\n\n\n<p class=\"wp-block-paragraph\">L&#8217;\u00faltima depressi\u00f3 a\u00efllada en nivells alts de l&#8217;atmosfera (DANA) ha deixat pluges torrencials en diferents punts de la Comunitat Valenciana, ha provocat innombrables danys en habitatges, zones industrials i agr\u00e0ries, aix\u00ed com nombrosos talls de serveis d&#8217;electricitat i transport.<\/p>\n\n\n\n<p class=\"wp-block-paragraph\">Un dels municipis m\u00e9s afectats de la prov\u00edncia de Val\u00e8ncia ha sigut Pedralba, on es van registrar 115 litres per metre quadrat, segons l&#8217;Associaci\u00f3 Valenciana de Meteorologia. De fet, en la matinada del dijous, els serveis d&#8217;emerg\u00e8ncia van haver de realitzar diversos rescats i acovardisques en els punts m\u00e9s afectats.<\/p>\n\n\n\n<p class=\"wp-block-paragraph\">Propostes rebutjades<br>Momp\u00f3 ha recordat que el mes de mar\u00e7 passat \u00abel nostre diputat Ximo Segarra va instar la Diputaci\u00f3 que elaborara una guia metodol\u00f2gica per a la redacci\u00f3 de plans municipals d&#8217;adaptaci\u00f3 al risc d&#8217;inundaci\u00f3\u00bb. Aquest instrument \u00abpermetria als ajuntaments realitzar un diagn\u00f2stic del sistema de drenatge, aix\u00ed com con\u00e9ixer i seleccionar les mesures i actuacions m\u00e9s viables per a afrontar aquests episodis\u00bb.<\/p>\n\n\n\n<p class=\"wp-block-paragraph\">No obstant aix\u00f2, \u00abla proposta va ser rebutjada pel simple de fet que va ser una petici\u00f3 del Grup Popular\u00bb, ha denunciat el president provincial qui ha expressat la seua preocupaci\u00f3 i ha assegurat que tornaran a instar l&#8217;ens supramunicipal que prenga mesures.<\/p>\n\n\n\n<p class=\"wp-block-paragraph\">Segueixen de vacances<br>\u00abHaurien de ser ac\u00ed a Pedralba, a Benaguasil, a Sagunt, a Vilamarxant, en Canet i en altres llocs de la prov\u00edncia que s&#8217;han vist colpejats per les pluges per a avaluar els danys i fer costat als afectats donant ajudes all\u00ed on no arriben les asseguradores, per\u00f2 sembla que segueixen de vacances\u00bb, ha assenyalat.<\/p>\n\n\n\n<p class=\"wp-block-paragraph\">\u00abAra mateix existeix una dist\u00e0ncia enorme entre el ritme d&#8217;acci\u00f3 de la Diputaci\u00f3 i el dels pobles i la pr\u00f2pia societat\u00bb, ha indicat, per la qual cosa ha recomanat a Gaspar que \u00abesborre per incompliment el seu fam\u00f3s lema \u2018Colze a colze amb els Ajuntaments\u2019\u00bb.<\/p>\n\n\n\n<p class=\"wp-block-paragraph\">Vicente Momp\u00f3 ha recordat que \u00abparlem d&#8217;un problema que, desgraciadament, es repeteix any rere any i segueix sense posar-se una soluci\u00f3. Sembla que tot funciona a base d&#8217;improvisaci\u00f3\u00bb.<\/p>\n\n\n\n<p class=\"wp-block-paragraph\">Durant el recorregut, Momp\u00f3 ha aprofitat per a felicitar les diferents Forces i Cossos de Seguretat de l&#8217;Estat i als d&#8217;emerg\u00e8ncies, aix\u00ed com als ve\u00efns, ve\u00efnes i als voluntaris. \u00abPer sort, no cal lamentar danys personals. Vull donar les gr\u00e0cies a totes les persones que s&#8217;han implicat des del minut un per a tractar de resoldre els problemes sorgits amb la DANA i facilitar el retorn a la normalitat al m\u00e9s prompte possible\u00bb.<\/p>\n\n\n\n<p class=\"wp-block-paragraph\">Exc\u00e9s de canyes i falta d&#8217;infraestructures<br>Sandra Tur\u00e9gano ha lamentat, per part seua, que porten molt temps avisant de la gran acumulaci\u00f3 de canyes en els barrancs i rius de la comarca i que quan es donen episodis de fortes pluges suposen un problema afegit que provoca major destrucci\u00f3 i facilita els desbordaments dels llits i danys en infraestructures.<\/p>\n\n\n\n<p class=\"wp-block-paragraph\">Tamb\u00e9 Ximo Segarra ha denunciat la passivitat de les Administracions governades per l&#8217;esquerra a l&#8217;hora de resoldre la problem\u00e0tica que viu Benaguasil on sempre que plou amb una certa intensitat s&#8217;inunda la part baixa de la poblaci\u00f3. La proposta per a fer un pou de tempesta en aqueixa zona per a poder distribuir i emmagatzemar l&#8217;aigua ha sigut ignorat repetidament per la Generalitat que governa Ximo Puig.<\/p>\n\n\n\n<p class=\"wp-block-paragraph\"><\/p>\n","protected":false},"excerpt":{"rendered":"<div class=\"mh-excerpt\">Lamenta la falta de reacci\u00f3 de la corporaci\u00f3 provincial i la negativa a acceptar mesures preventives proposades pel Grup PopularHa criticat la \u00abdist\u00e0ncia enorme que existeix entre el ritme d&#8217;acci\u00f3 de la Diputaci\u00f3 i el <a class=\"mh-excerpt-more\" href=\"https:\/\/tucomarca.whitekongsoftware.com\/ca\/mompo-denuncia-que-una-vegada-mes-gaspar-abandona-als-municipis-afectats-per-les-pluges\/\" title=\"Momp\u00f3 denuncia que \u00abuna vegada m\u00e9s Gaspar abandona als municipis afectats per les pluges\u00bb\">[+] <\/a><\/div>\n","protected":false},"author":12,"featured_media":98766,"comment_status":"open","ping_status":"open","sticky":false,"template":"","format":"standard","meta":{"footnotes":""},"categories":[10952,10892,11046,10948,10894,11025,10947,10896,10897,10927],"tags":[11136,11135,13398,14219,12336,11090],"class_list":["post-140490","post","type-post","status-publish","format-standard","has-post-thumbnail","category-benaguasil-ca","category-camp-de-turia-ca","category-los-serranos-ca","category-infraestructuras-ca","category-la-comarca-ca","category-pedralba-ca","category-politica","category-seccion-ca","category-sucesos-la-comarca-ca","category-vilamarxant-ca","tag-benaguasil-ca","tag-pedralba-ca","tag-populares-provincia-de-valencia-ca","tag-pp-camp-de-turia-ca","tag-ppcv-ca","tag-vilamarxant-ca"],"_links":{"self":[{"href":"https:\/\/tucomarca.whitekongsoftware.com\/ca\/wp-json\/wp\/v2\/posts\/140490","targetHints":{"allow":["GET"]}}],"collection":[{"href":"https:\/\/tucomarca.whitekongsoftware.com\/ca\/wp-json\/wp\/v2\/posts"}],"about":[{"href":"https:\/\/tucomarca.whitekongsoftware.com\/ca\/wp-json\/wp\/v2\/types\/post"}],"author":[{"embeddable":true,"href":"https:\/\/tucomarca.whitekongsoftware.com\/ca\/wp-json\/wp\/v2\/users\/12"}],"replies":[{"embeddable":true,"href":"https:\/\/tucomarca.whitekongsoftware.com\/ca\/wp-json\/wp\/v2\/comments?post=140490"}],"version-history":[{"count":0,"href":"https:\/\/tucomarca.whitekongsoftware.com\/ca\/wp-json\/wp\/v2\/posts\/140490\/revisions"}],"wp:featuredmedia":[{"embeddable":true,"href":"https:\/\/tucomarca.whitekongsoftware.com\/ca\/wp-json\/wp\/v2\/media\/98766"}],"wp:attachment":[{"href":"https:\/\/tucomarca.whitekongsoftware.com\/ca\/wp-json\/wp\/v2\/media?parent=140490"}],"wp:term":[{"taxonomy":"category","embeddable":true,"href":"https:\/\/tucomarca.whitekongsoftware.com\/ca\/wp-json\/wp\/v2\/categories?post=140490"},{"taxonomy":"post_tag","embeddable":true,"href":"https:\/\/tucomarca.whitekongsoftware.com\/ca\/wp-json\/wp\/v2\/tags?post=140490"}],"curies":[{"name":"wp","href":"https:\/\/api.w.org\/{rel}","templated":true}]}}