{"id":140398,"date":"2021-09-02T09:00:00","date_gmt":"2021-09-02T08:00:00","guid":{"rendered":"http:\/\/www.tucomarca.com\/wordpress\/segunda\/?p=140398"},"modified":"2021-09-02T10:27:01","modified_gmt":"2021-09-02T09:27:01","slug":"la-guardia-civil-dete-a-dues-persones-a-betera-pel-robatori-de-dos-vehicles-dalta-gamma-a-la-pobla-de-farnals-i-grau-de-castello","status":"publish","type":"post","link":"https:\/\/tucomarca.whitekongsoftware.com\/ca\/la-guardia-civil-dete-a-dues-persones-a-betera-pel-robatori-de-dos-vehicles-dalta-gamma-a-la-pobla-de-farnals-i-grau-de-castello\/","title":{"rendered":"La Gu\u00e0rdia Civil det\u00e9 a dues persones a B\u00e9tera pel robatori de dos vehicles d&#8217;alta gamma a La Pobla de Farnals i Grau de Castell\u00f3"},"content":{"rendered":"\n<h4 class=\"wp-block-heading\">La Gu\u00e0rdia Civil va trobar en l&#8217;habitatge dels detinguts el vehicle robat i a m\u00e9s un segon cotxe, que despr\u00e9s de gestions per part dels agents, van ser informats que havia sigut robat en la localitat de Grau de Castell\u00f3 (Castell\u00f3).<\/h4>\n\n\n\n<p class=\"wp-block-paragraph\">La Gu\u00e0rdia Civil, en el marc de l&#8217;operaci\u00f3 \u201cTORAV\u201d, ha detingut a dos homes de 42 i 50 anys, tots dos de nacionalitat polonesa, per dos delictes de robatori d&#8217;\u00fas de vehicle de motor.<br>L&#8217;operaci\u00f3 va comen\u00e7ar el passat dia 24 de juliol, quan un ve\u00ed del municipi de La Pobla de Farnals va interposar una den\u00fancia pel robatori del seu vehicle en el Lloc Principal de la Gu\u00e0rdia Civil de Massamagrell. El perjudicat va manifestar que dies abans havia estacionat el seu cotxe, d&#8217;alta gamma, als voltants del seu domicili i que aqueix mat\u00ed no estava.<\/p>\n\n\n\n<p class=\"wp-block-paragraph\">Cinc dies m\u00e9s tard, el denunciant va informar la Gu\u00e0rdia Civil que el localitzador particular que, ell mateix havia instal\u00b7lat en el seu cotxe, havia comen\u00e7at a emetre senyal i a georreferenciar la ubicaci\u00f3.<\/p>\n\n\n\n<p class=\"wp-block-paragraph\">Els investigadors es van personar en el lloc indicat pel dispositiu i van observar que es tractava d&#8217;una parcel\u00b7la, en una zona a\u00efllada, pertanyent al terme municipal de B\u00e9tera, que posse\u00efa un habitatge amb diverses cotxeres i trasters de gran grand\u00e0ria.<\/p>\n\n\n\n<p class=\"wp-block-paragraph\">El 29 de juliol, els agents es van entrevistar amb els dos habitants de la resid\u00e8ncia; dos homes de 42 i 50 anys, tots dos de nacionalitat polonesa, els quals van accedir a un registre voluntari de la finca i habitatge. La Gu\u00e0rdia Civil, despr\u00e9s de realitzar les labors d&#8217;inspecci\u00f3, juntament amb la Policia Local de B\u00e9tera, van trobar, en una de les cotxeres, el vehicle robat. A m\u00e9s, tamb\u00e9 van trobar un segon cotxe, que despr\u00e9s de gestions per part dels agents, van ser informats que havia sigut robat en la localitat de Grau de Castell\u00f3 (Castell\u00f3).<\/p>\n\n\n\n<p class=\"wp-block-paragraph\">Els vehicles no estaven desballestats, no obstant aix\u00f2 havien retirat els localitzadors oficials de les marques i no funcionava el motor de cap d&#8217;ells.<\/p>\n\n\n\n<p class=\"wp-block-paragraph\">Aquest mateix dia, agents de la Gu\u00e0rdia Civil de Massamagrell van procedir a la detenci\u00f3 dels residents de l&#8217;habitatge per dos delictes de robatori d&#8217;\u00fas de vehicle de motor.<br>Les dilig\u00e8ncies han passat a la disposici\u00f3 del Deganat dels Jutjats de Massamagrell (Val\u00e8ncia).<\/p>\n\n\n\n<p class=\"wp-block-paragraph\"><\/p>\n","protected":false},"excerpt":{"rendered":"<div class=\"mh-excerpt\">La Gu\u00e0rdia Civil va trobar en l&#8217;habitatge dels detinguts el vehicle robat i a m\u00e9s un segon cotxe, que despr\u00e9s de gestions per part dels agents, van ser informats que havia sigut robat en la <a class=\"mh-excerpt-more\" href=\"https:\/\/tucomarca.whitekongsoftware.com\/ca\/la-guardia-civil-dete-a-dues-persones-a-betera-pel-robatori-de-dos-vehicles-dalta-gamma-a-la-pobla-de-farnals-i-grau-de-castello\/\" title=\"La Gu\u00e0rdia Civil det\u00e9 a dues persones a B\u00e9tera pel robatori de dos vehicles d&#8217;alta gamma a La Pobla de Farnals i Grau de Castell\u00f3\">[+] <\/a><\/div>\n","protected":false},"author":12,"featured_media":140397,"comment_status":"open","ping_status":"open","sticky":false,"template":"","format":"standard","meta":{"footnotes":""},"categories":[10937,10892,10898,10894,10896,10897],"tags":[11202,10899,11118,15396],"class_list":["post-140398","post","type-post","status-publish","format-standard","has-post-thumbnail","category-betera-ca","category-camp-de-turia-ca","category-ventana-ca","category-la-comarca-ca","category-seccion-ca","category-sucesos-la-comarca-ca","tag-betera-ca","tag-camp-de-turia-ca","tag-guardia-civil-ca","tag-robo-de-vehiculos-ca"],"_links":{"self":[{"href":"https:\/\/tucomarca.whitekongsoftware.com\/ca\/wp-json\/wp\/v2\/posts\/140398","targetHints":{"allow":["GET"]}}],"collection":[{"href":"https:\/\/tucomarca.whitekongsoftware.com\/ca\/wp-json\/wp\/v2\/posts"}],"about":[{"href":"https:\/\/tucomarca.whitekongsoftware.com\/ca\/wp-json\/wp\/v2\/types\/post"}],"author":[{"embeddable":true,"href":"https:\/\/tucomarca.whitekongsoftware.com\/ca\/wp-json\/wp\/v2\/users\/12"}],"replies":[{"embeddable":true,"href":"https:\/\/tucomarca.whitekongsoftware.com\/ca\/wp-json\/wp\/v2\/comments?post=140398"}],"version-history":[{"count":0,"href":"https:\/\/tucomarca.whitekongsoftware.com\/ca\/wp-json\/wp\/v2\/posts\/140398\/revisions"}],"wp:featuredmedia":[{"embeddable":true,"href":"https:\/\/tucomarca.whitekongsoftware.com\/ca\/wp-json\/wp\/v2\/media\/140397"}],"wp:attachment":[{"href":"https:\/\/tucomarca.whitekongsoftware.com\/ca\/wp-json\/wp\/v2\/media?parent=140398"}],"wp:term":[{"taxonomy":"category","embeddable":true,"href":"https:\/\/tucomarca.whitekongsoftware.com\/ca\/wp-json\/wp\/v2\/categories?post=140398"},{"taxonomy":"post_tag","embeddable":true,"href":"https:\/\/tucomarca.whitekongsoftware.com\/ca\/wp-json\/wp\/v2\/tags?post=140398"}],"curies":[{"name":"wp","href":"https:\/\/api.w.org\/{rel}","templated":true}]}}