{"id":140372,"date":"2021-09-01T08:45:00","date_gmt":"2021-09-01T07:45:00","guid":{"rendered":"http:\/\/www.tucomarca.com\/wordpress\/segunda\/?p=140372"},"modified":"2021-09-01T18:50:03","modified_gmt":"2021-09-01T17:50:03","slug":"la-unio-de-llauradors-reclama-mesures-per-a-palliar-els-desequilibris-que-sestan-donant-en-el-sector-vitivinicola-per-un-preu-del-raim-injustificadament-baix","status":"publish","type":"post","link":"https:\/\/tucomarca.whitekongsoftware.com\/ca\/la-unio-de-llauradors-reclama-mesures-per-a-palliar-els-desequilibris-que-sestan-donant-en-el-sector-vitivinicola-per-un-preu-del-raim-injustificadament-baix\/","title":{"rendered":"La Uni\u00f3 de Llauradors reclama mesures per a pal\u00b7liar els desequilibris que s&#8217;estan donant en el sector vitivin\u00edcola per un preu del ra\u00efm injustificadament baix"},"content":{"rendered":"\n<p class=\"wp-block-paragraph\"><strong>Ni els factors d&#8217;oferta (quasi un 20% menys de collita) ni la demanda creixent justifiquen unes cotitzacions tan insuficients<\/strong><\/p>\n\n\n\n<p class=\"wp-block-paragraph\">La Uni\u00f3 de Llauradors, davant els preus del ra\u00efm ja coneguts en la Comunitat Valenciana, considera que no estan justificats i que s&#8217;han de posar en marxa mesures per a solucionar els desequilibris existents.<\/p>\n\n\n\n<p class=\"wp-block-paragraph\">L&#8217;organitzaci\u00f3 agr\u00e0ria ressalta que ni els factors d&#8217;oferta (menor collita prevista), ni la demanda creixent, tant en el mercat intern com en exportacions, justifiquen el reiterat incompliment de Llei de mesures per a millorar el funcionament de la cadena aliment\u00e0ria, quant a garantir als productors un preu suficient.<\/p>\n\n\n\n<p class=\"wp-block-paragraph\">En aquest sentit, ressalta que els preus fets p\u00fablics en la Comunitat Valenciana, per\u00f2 tamb\u00e9 a Extremadura i Castella-la Manxa, no aconsegueixen el llindar de rendibilitat m\u00ednim situant-se per davall dels costos de producci\u00f3 en m\u00e9s d&#8217;un 25% respecte als preus de compra que s&#8217;han oferit.<\/p>\n\n\n\n<p class=\"wp-block-paragraph\">Per a La Uni\u00f3, tant el Ministeri d&#8217;Agricultura com la Comissi\u00f3 Europea (CE) han d&#8217;entendre que el sector es troba en una situaci\u00f3 greu de pertorbaci\u00f3 i desequilibri del mercat, que repercuteix de manera m\u00e9s negativa que a ning\u00fa als viticultors i que posa en risc el futur d&#8217;explotacions en zones productores com la nostra.<\/p>\n\n\n\n<p class=\"wp-block-paragraph\">Aix\u00ed mateix, afirma que existeixen opcions reglament\u00e0ries perqu\u00e8 es desencadenen els mecanismes pertinents que faculten a la CE per a adoptar les mesures necess\u00e0ries a fi de fer front a situaci\u00f3 que es repeteix durant les tres \u00faltimes campanyes.<\/p>\n\n\n\n<p class=\"wp-block-paragraph\">\u201cSi els preus del ra\u00efm no compensen els costos de producci\u00f3 i la Llei de la Cadena Aliment\u00e0ria no serveix per a corregir-ho; i si el mercat travessa moltes dificultats i la regulaci\u00f3 europea tampoc val per a adoptar mesures excepcionals, ni per a regular, ni per a posar en marxa la reserva de crisi, no sabem a qu\u00e8 estan jugant els pol\u00edtics, ni per a qu\u00e8 volem tants\u201d, denuncien des de l&#8217;organitzaci\u00f3.<\/p>\n\n\n\n<p class=\"wp-block-paragraph\">La Uni\u00f3, a trav\u00e9s de la seua organitzaci\u00f3 estatal Uni\u00f3n de Uniones, ja ha sol\u00b7licitat una reuni\u00f3 amb el Ministeri amb l&#8217;objectiu d&#8217;articular mesures que permeten solucionar aquesta greu situaci\u00f3 que travessa el sector.<\/p>\n\n\n\n<p class=\"wp-block-paragraph\"><strong>Descens de la producci\u00f3 en quasi un 20% en la Comunitat Valenciana<\/strong><\/p>\n\n\n\n<p class=\"wp-block-paragraph\">L&#8217;estimaci\u00f3 de producci\u00f3 per a aquesta campanya 2021\/22 ronda en el conjunt estatal els 40 milions d&#8217;hectolitres, la qual cosa suposaria un descens del 15% respecte a l&#8217;anterior. En la Comunitat Valenciana s&#8217;esperen 2,2 milions d&#8217;hectolitres i una caiguda del 19,4%.<\/p>\n\n\n\n<p class=\"wp-block-paragraph\">Altres descensos acusats es preveuen a Castella-la Manxa, amb 22,5 Mhl estimats (- 21%) i a Extremadura, amb 2,3 Mhl previstos (- 20%), i Arag\u00f3 (on la previsi\u00f3 \u00e9s d&#8217;un 23,4% menys de vi fins a quedar en 969.400 hl).<\/p>\n\n\n\n<p class=\"wp-block-paragraph\">Tant Fran\u00e7a, amb un descens previst superior al 24% (34 Mhl) com It\u00e0lia, amb una disminuci\u00f3 del 8% (45 Mhl) preveuen fortes disminucions en les seues produccions per a aquesta campanya. A m\u00e9s, les dades confirmen unes exist\u00e8ncies a mes de juny de 41,74 Mhl (+ 4,6%).<\/p>\n\n\n\n<p class=\"wp-block-paragraph\"><\/p>\n","protected":false},"excerpt":{"rendered":"<div class=\"mh-excerpt\">Ni els factors d&#8217;oferta (quasi un 20% menys de collita) ni la demanda creixent justifiquen unes cotitzacions tan insuficients La Uni\u00f3 de Llauradors, davant els preus del ra\u00efm ja coneguts en la Comunitat Valenciana, considera <a class=\"mh-excerpt-more\" href=\"https:\/\/tucomarca.whitekongsoftware.com\/ca\/la-unio-de-llauradors-reclama-mesures-per-a-palliar-els-desequilibris-que-sestan-donant-en-el-sector-vitivinicola-per-un-preu-del-raim-injustificadament-baix\/\" title=\"La Uni\u00f3 de Llauradors reclama mesures per a pal\u00b7liar els desequilibris que s&#8217;estan donant en el sector vitivin\u00edcola per un preu del ra\u00efm injustificadament baix\">[+] <\/a><\/div>\n","protected":false},"author":12,"featured_media":140371,"comment_status":"open","ping_status":"open","sticky":false,"template":"","format":"standard","meta":{"footnotes":""},"categories":[10905,11006,10948,10894,10904,10912,10902,10947,10908,10909,10896,11047,11059,10974,10975],"tags":[11927,15390,15391],"class_list":["post-140372","post","type-post","status-publish","format-standard","has-post-thumbnail","category-agricultura-la-comarca-ca","category-canal-vinos","category-infraestructuras-ca","category-la-comarca-ca","category-sin-categorizar-ca","category-la-hoya-ca","category-la-ribera-ca","category-politica","category-requena-ca","category-requena-utiel-ca","category-seccion-ca","category-turis-ca","category-utiel-ca","category-cheste-ca","category-chiva-ca","tag-la-unio-de-llauradors-ca","tag-precio-bajo-de-la-uva-ca","tag-sector-vitivinicola-ca"],"_links":{"self":[{"href":"https:\/\/tucomarca.whitekongsoftware.com\/ca\/wp-json\/wp\/v2\/posts\/140372","targetHints":{"allow":["GET"]}}],"collection":[{"href":"https:\/\/tucomarca.whitekongsoftware.com\/ca\/wp-json\/wp\/v2\/posts"}],"about":[{"href":"https:\/\/tucomarca.whitekongsoftware.com\/ca\/wp-json\/wp\/v2\/types\/post"}],"author":[{"embeddable":true,"href":"https:\/\/tucomarca.whitekongsoftware.com\/ca\/wp-json\/wp\/v2\/users\/12"}],"replies":[{"embeddable":true,"href":"https:\/\/tucomarca.whitekongsoftware.com\/ca\/wp-json\/wp\/v2\/comments?post=140372"}],"version-history":[{"count":0,"href":"https:\/\/tucomarca.whitekongsoftware.com\/ca\/wp-json\/wp\/v2\/posts\/140372\/revisions"}],"wp:featuredmedia":[{"embeddable":true,"href":"https:\/\/tucomarca.whitekongsoftware.com\/ca\/wp-json\/wp\/v2\/media\/140371"}],"wp:attachment":[{"href":"https:\/\/tucomarca.whitekongsoftware.com\/ca\/wp-json\/wp\/v2\/media?parent=140372"}],"wp:term":[{"taxonomy":"category","embeddable":true,"href":"https:\/\/tucomarca.whitekongsoftware.com\/ca\/wp-json\/wp\/v2\/categories?post=140372"},{"taxonomy":"post_tag","embeddable":true,"href":"https:\/\/tucomarca.whitekongsoftware.com\/ca\/wp-json\/wp\/v2\/tags?post=140372"}],"curies":[{"name":"wp","href":"https:\/\/api.w.org\/{rel}","templated":true}]}}