{"id":140366,"date":"2021-09-01T08:00:00","date_gmt":"2021-09-01T07:00:00","guid":{"rendered":"http:\/\/www.tucomarca.com\/wordpress\/segunda\/?p=140366"},"modified":"2021-09-01T18:23:57","modified_gmt":"2021-09-01T17:23:57","slug":"4-de-cada-5-xiquets-naixen-de-manera-natural-a-lhospital-de-manises-en-2021","status":"publish","type":"post","link":"https:\/\/tucomarca.whitekongsoftware.com\/ca\/4-de-cada-5-xiquets-naixen-de-manera-natural-a-lhospital-de-manises-en-2021\/","title":{"rendered":"4 de cada 5 xiquets naixen de manera natural a l&#8217;Hospital de Manises en 2021"},"content":{"rendered":"\n<h4 class=\"wp-block-heading\">En el que va d&#8217;any, el nombre total de parts vaginals ascendeix a 577 i nom\u00e9s el 20% naixen per ces\u00e0ries<\/h4>\n\n\n\n<h4 class=\"wp-block-heading\">A m\u00e9s, les mares que han triat la Casa de Parts de l&#8217;Hospital de Manises per a donar a llum de manera natural han augmentat en un 33% respecte a 2020<\/h4>\n\n\n\n<h4 class=\"wp-block-heading\">El grup de suport a la lact\u00e0ncia materna Alleta continua amb l&#8217;assessorament a les noves mam\u00e0s ingressades a l&#8217;Hospital de Manises a trav\u00e9s dels mitjans en l\u00ednia<\/h4>\n\n\n\n<p class=\"wp-block-paragraph\">L&#8217;Hospital de Manises ha portat al m\u00f3n en el que portem de 2021 a un total de 726 xiquets, dels quals m\u00e9s de 577 han nascut de manera natural, la qual cosa representa un 80%, i nom\u00e9s un 20% per ces\u00e0ria. En un any marcat per la pand\u00e8mia de la Covid-19, el nombre de parts atesos en el centre hospitalari es mant\u00e9 en nivells similars respecte al mateix per\u00edode de 2020. \u201cEns alegra saber que, despr\u00e9s d&#8217;uns mesos tan marcats per la pand\u00e8mia, els parts en el nostre centre s&#8217;hagen mantingut respecte als mateixos mesos de l&#8217;any anterior\u201d, compte el Dr. Fernando Gil Raga, cap del servei d&#8217;Obstetr\u00edcia i Ginecologia del centre sanitari.<\/p>\n\n\n\n<p class=\"wp-block-paragraph\">A m\u00e9s, durant aquests mesos, han sigut moltes les dones que han passat el seu embar\u00e0s en una situaci\u00f3 excepcional i que els ha sigut impossibilitant la participaci\u00f3 en sessions de formaci\u00f3 i tallers grupals de preparaci\u00f3 al part. Davant aquesta necessitat, l&#8217;\u00c0rea de Maternitat de l&#8217;Hospital de Manises va traslladar al mitj\u00e0 en l\u00ednia les habituals cites mensuals grupals amb professionals del centre sanitari per a resoldre els dubtes de les futures mam\u00e0s en temes relacionats amb la preparaci\u00f3 al part, el postpart i la lact\u00e0ncia, entre altres.<\/p>\n\n\n\n<p class=\"wp-block-paragraph\">\u201cDavant la impossibilitat d&#8217;aquestes mam\u00e0s de dur a terme aquests cursos, hem volgut mostrar-nos a trav\u00e9s d&#8217;aquestes sessions digitals el m\u00e9s a prop possible d&#8217;elles perqu\u00e8 no albergaren un sentiment de soledat i pogueren passar la seua etapa d&#8217;embar\u00e0s de la millor forma possible\u201d, conclou el Dr. Gil Raga.<\/p>\n\n\n\n<p class=\"wp-block-paragraph\">Casa de Parts a l&#8217;Hospital de Manises<\/p>\n\n\n\n<p class=\"wp-block-paragraph\">En aquesta mateixa l\u00ednia, l&#8217;Hospital compta amb la possibilitat de donar a llum a la Casa de Parts, \u201cun espai integrat en el Servei d&#8217;Obstetr\u00edcia i Ginecologia dedicat a l&#8217;atenci\u00f3 del part natural la ra\u00f3 del qual de ser \u00e9s humanitzar el proc\u00e9s de donar a llum. Aquest espai segueix el model dels \u2018birth center\u2019 anglesos en el qual cada habitaci\u00f3 emula l&#8217;habitaci\u00f3 d&#8217;una casa, recreant un ambient c\u00e0lid, amb llums modulables, decoraci\u00f3 confortable en fustes i flors i amb equipament m\u00e8dic camuflat entre el mobiliari\u201d, explica l&#8217;especialista. A m\u00e9s, en aquesta \u00e0rea les dones tenen llibertat de moviments gr\u00e0cies a la instal\u00b7laci\u00f3 de diferents eines com les cadires de part o lla\u00e7ades. Durant el primer semestre de 2021, ha crescut en un 33% el nombre de mares que han triat aquest m\u00e8tode de donar a llum.<\/p>\n\n\n\n<p class=\"wp-block-paragraph\">Segons expliquen els especialistes de Manises, donar a llum en un entorn confortable i \u2018humanitzar el proc\u00e9s\u2019 t\u00e9 nombrosos beneficis per a la mam\u00e0 i el beb\u00e9 ja que potencia els parts vaginals espontanis, reduint aix\u00ed la probabilitat d&#8217;intervenci\u00f3 m\u00e8dica durant el part amb les complicacions que implica. L&#8217;experi\u00e8ncia de les mares sobre el proc\u00e9s tamb\u00e9 \u00e9s m\u00e9s positiva en aquest model, aix\u00ed com el seguiment de la lact\u00e0ncia materna m\u00e9s enll\u00e0 del primer mes.<\/p>\n\n\n\n<p class=\"wp-block-paragraph\">\u2018Alleta\u2019, un grup de suport a la lact\u00e0ncia materna<\/p>\n\n\n\n<p class=\"wp-block-paragraph\">A m\u00e9s, el grup de suport a la lact\u00e0ncia materna Alleta continua amb l&#8217;assessorament a les noves mam\u00e0s ingressades a l&#8217;Hospital de Manises. D&#8217;aquesta manera, volunt\u00e0ries d&#8217;aquesta ONG presten el seu suport i els seus coneixements a les primerizas a trav\u00e9s de tallers virtuals. \u200b<\/p>\n\n\n\n<p class=\"wp-block-paragraph\">\u201cAquesta col\u00b7laboraci\u00f3 suposa un pas avant en la campanya de promoci\u00f3 de la lact\u00e0ncia materna posada en marxa per l&#8217;Hospital de Manises amb l&#8217;objectiu de divulgar i refor\u00e7ar els beneficis que aporta en els nounats\u201d, expliquen els especialistes.<\/p>\n\n\n\n<p class=\"wp-block-paragraph\"><\/p>\n","protected":false},"excerpt":{"rendered":"<div class=\"mh-excerpt\">En el que va d&#8217;any, el nombre total de parts vaginals ascendeix a 577 i nom\u00e9s el 20% naixen per ces\u00e0ries A m\u00e9s, les mares que han triat la Casa de Parts de l&#8217;Hospital de <a class=\"mh-excerpt-more\" href=\"https:\/\/tucomarca.whitekongsoftware.com\/ca\/4-de-cada-5-xiquets-naixen-de-manera-natural-a-lhospital-de-manises-en-2021\/\" title=\"4 de cada 5 xiquets naixen de manera natural a l&#8217;Hospital de Manises en 2021\">[+] <\/a><\/div>\n","protected":false},"author":12,"featured_media":140365,"comment_status":"open","ping_status":"open","sticky":false,"template":"","format":"standard","meta":{"footnotes":""},"categories":[10973,10911,10892,11010,10898,10977,10980,10948,10894,10904,10912,10902,10931,10978,10906,10896,11047,10974,10975],"tags":[15386,11092,15387],"class_list":["post-140366","post","type-post","status-publish","format-standard","has-post-thumbnail","category-alborache-ca","category-bunol-ca","category-camp-de-turia-ca","category-canal-salud","category-ventana-ca","category-godelleta-ca","category-yatova-ca","category-infraestructuras-ca","category-la-comarca-ca","category-sin-categorizar-ca","category-la-hoya-ca","category-la-ribera-ca","category-loriguilla-ca","category-macastre-ca","category-riba-roja-ca","category-seccion-ca","category-turis-ca","category-cheste-ca","category-chiva-ca","tag-casa-de-partos-ca","tag-hospital-de-manises-ca","tag-partos-naturales-ca"],"_links":{"self":[{"href":"https:\/\/tucomarca.whitekongsoftware.com\/ca\/wp-json\/wp\/v2\/posts\/140366","targetHints":{"allow":["GET"]}}],"collection":[{"href":"https:\/\/tucomarca.whitekongsoftware.com\/ca\/wp-json\/wp\/v2\/posts"}],"about":[{"href":"https:\/\/tucomarca.whitekongsoftware.com\/ca\/wp-json\/wp\/v2\/types\/post"}],"author":[{"embeddable":true,"href":"https:\/\/tucomarca.whitekongsoftware.com\/ca\/wp-json\/wp\/v2\/users\/12"}],"replies":[{"embeddable":true,"href":"https:\/\/tucomarca.whitekongsoftware.com\/ca\/wp-json\/wp\/v2\/comments?post=140366"}],"version-history":[{"count":0,"href":"https:\/\/tucomarca.whitekongsoftware.com\/ca\/wp-json\/wp\/v2\/posts\/140366\/revisions"}],"wp:featuredmedia":[{"embeddable":true,"href":"https:\/\/tucomarca.whitekongsoftware.com\/ca\/wp-json\/wp\/v2\/media\/140365"}],"wp:attachment":[{"href":"https:\/\/tucomarca.whitekongsoftware.com\/ca\/wp-json\/wp\/v2\/media?parent=140366"}],"wp:term":[{"taxonomy":"category","embeddable":true,"href":"https:\/\/tucomarca.whitekongsoftware.com\/ca\/wp-json\/wp\/v2\/categories?post=140366"},{"taxonomy":"post_tag","embeddable":true,"href":"https:\/\/tucomarca.whitekongsoftware.com\/ca\/wp-json\/wp\/v2\/tags?post=140366"}],"curies":[{"name":"wp","href":"https:\/\/api.w.org\/{rel}","templated":true}]}}