{"id":140350,"date":"2021-09-01T09:00:00","date_gmt":"2021-09-01T08:00:00","guid":{"rendered":"http:\/\/www.tucomarca.com\/wordpress\/segunda\/?p=140350"},"modified":"2021-09-01T17:47:16","modified_gmt":"2021-09-01T16:47:16","slug":"bravo-recorda-que-sincrementara-el-control-de-mesures-anti-covid-i-barcelo-que-la-vacuna-no-eximeix-de-complir-les-normes-durant-aquestes-falles","status":"publish","type":"post","link":"https:\/\/tucomarca.whitekongsoftware.com\/ca\/bravo-recorda-que-sincrementara-el-control-de-mesures-anti-covid-i-barcelo-que-la-vacuna-no-eximeix-de-complir-les-normes-durant-aquestes-falles\/","title":{"rendered":"Bravo recorda que s&#8217;incrementar\u00e0 el control de mesures anti-COVID i Barcel\u00f3 que la vacuna no eximeix de complir les normes durant aquestes falles"},"content":{"rendered":"\n<h4 class=\"wp-block-heading\">La consellera de Just\u00edcia adverteix que les Forces de Seguretat estaran &#8220;vigilants\u00b7&#8221; per a evitar la celebraci\u00f3 de festes no autoritzades i la proliferaci\u00f3 de botellons<\/h4>\n\n\n\n<h4 class=\"wp-block-heading\">La consellera de Sanitat insisteix que no cal desprendre&#8217;s de la m\u00e0scara, especialment, a l&#8217;hora de compartir taula i &#8220;espais de confian\u00e7a&#8221;<\/h4>\n\n\n\n<p class=\"wp-block-paragraph\">La consellera de Just\u00edcia, Interior i Administraci\u00f3 P\u00fablica, Gabriela Bravo, i la de Sanitat Universal i Salut P\u00fablica, Ana Barcel\u00f3, han mantingut aquest dimarts una reuni\u00f3 per a coordinar el dispositiu de seguretat anti COVID-19 en els 18 municipis que celebraran festes falleres a partir d&#8217;aquest dimecres, 1 de setembre.<\/p>\n\n\n\n<p class=\"wp-block-paragraph\">En la trobada tamb\u00e9 ha participat la delegada del Govern en la Comunitat Valenciana, Gloria Calero, aix\u00ed com comandaments de les Forces i Cossos de Seguretat de l&#8217;Estat i representants de municipis on se celebren actes fallers.<\/p>\n\n\n\n<p class=\"wp-block-paragraph\">La titular d&#8217;Interior del Consell ha recordat que el control policial s&#8217;incrementar\u00e0&#8221; per a garantir el compliment de les mesures que l&#8217;autoritat sanit\u00e0ria ha establit perqu\u00e8 aquestes siguen unes falles segures&#8221;.<\/p>\n\n\n\n<p class=\"wp-block-paragraph\">Gabriela Bravo ha assegurat que les Forces i Cossos de Seguretat estaran &#8220;especialment vigilants&#8221; per a evitar &#8220;que la festa es trasllade a altres llocs fora de les normes&#8221; en refer\u00e8ncia als botellons, la proliferaci\u00f3 dels quals &#8220;preocupa a tothom&#8221;. Per aqueix motiu, Bravo ha assegurat que s&#8217;ha alertat als ajuntaments perqu\u00e8 &#8220;actuen de manera preventiva per a evitar aqueixes concentracions&#8221;.<\/p>\n\n\n\n<p class=\"wp-block-paragraph\">D&#8217;aquesta manera, l&#8217;increment dels efectius policials es destinar\u00e0 al control dels aforaments, aix\u00ed com per a evitar concentracions en els actes i, sobretot, la proliferaci\u00f3 de botellons.<\/p>\n\n\n\n<p class=\"wp-block-paragraph\">En aquest sentit, Gabriela Bravo ha assegurat que el Consell &#8220;confia en la responsabilitat i en la complicitat del m\u00f3n faller que s&#8217;ha preparat amb agents COVID perqu\u00e8 es complisquen les mesures acordades en els protocols i resolucions de les autoritats sanit\u00e0ries&#8221;, perqu\u00e8 &#8220;aquestes no seran unes falles t\u00edpiques i ho sabem&#8221;, per\u00f2 &#8220;volem ser exemple per a celebrar aquestes falles amb responsabilitat&#8221;.<\/p>\n\n\n\n<p class=\"wp-block-paragraph\">Per part seua, la consellera de Sanitat, Ana Barcel\u00f3, ha assenyalat que &#8220;el fet de tindre administrada la pauta completa de la vacuna no significa que h\u00e0gem de deixar el 100% de la nostra protecci\u00f3 a aquesta, sin\u00f3 que hem d&#8217;estar vigilants i atents per a no descurar-nos&#8221;.<\/p>\n\n\n\n<p class=\"wp-block-paragraph\">Per aix\u00f2, de cara als pr\u00f2xims dies festius, Barcel\u00f3 ha manifestat que &#8220;hem de mantindre les mesures de protecci\u00f3, la m\u00e0scara, la dist\u00e0ncia social i no relaxar-nos en aquests dies que v\u00e9nen on hi haur\u00e0 una major interrelaci\u00f3 social, ja que compartirem taula i espais de confian\u00e7a&#8221; i ha insistit en &#8220;la import\u00e0ncia de no desprendre&#8217;ns de la m\u00e0scara en aqueixos ambients m\u00e9s relaxats perqu\u00e8 hem de protegir-nos i cuidar-nos tots&#8221;.<\/p>\n\n\n\n<p class=\"wp-block-paragraph\">Bravo ha recordat que \u00e9s necessari &#8220;extremar la precauci\u00f3&#8221; i &#8220;complir rigorosament les mesures de seguretat establides&#8221;, especialment, en nou dels 18 municipis que celebraran les festes falleres de 2020 ajornades per la COVID-19.<\/p>\n\n\n\n<p class=\"wp-block-paragraph\">En concret, les localitats d&#8217;Alc\u00e0sser, Burjassot, Quart de Poblet, Catarroja, Gilet, Xirivella, Torrent i Val\u00e8ncia es troben en risc alt d&#8217;incid\u00e8ncia de la pand\u00e8mia mentre que Gandia est\u00e0 en risc extrem. En risc mitj\u00e0 estan Tur\u00eds, Rocafort, Montcada, Mislata, Sagunt, Aldaia i Faura i, en risc baix, Pego i Enguera.<\/p>\n\n\n\n<p class=\"wp-block-paragraph\"><\/p>\n","protected":false},"excerpt":{"rendered":"<div class=\"mh-excerpt\">La consellera de Just\u00edcia adverteix que les Forces de Seguretat estaran &#8220;vigilants\u00b7&#8221; per a evitar la celebraci\u00f3 de festes no autoritzades i la proliferaci\u00f3 de botellons La consellera de Sanitat insisteix que no cal desprendre&#8217;s <a class=\"mh-excerpt-more\" href=\"https:\/\/tucomarca.whitekongsoftware.com\/ca\/bravo-recorda-que-sincrementara-el-control-de-mesures-anti-covid-i-barcelo-que-la-vacuna-no-eximeix-de-complir-les-normes-durant-aquestes-falles\/\" title=\"Bravo recorda que s&#8217;incrementar\u00e0 el control de mesures anti-COVID i Barcel\u00f3 que la vacuna no eximeix de complir les normes durant aquestes falles\">[+] <\/a><\/div>\n","protected":false},"author":12,"featured_media":140347,"comment_status":"open","ping_status":"open","sticky":false,"template":"","format":"standard","meta":{"footnotes":""},"categories":[12202,10898,10948,10894,10904,10902,10947,10896,11047],"tags":[15050,12165,15382,12145],"class_list":["post-140350","post","type-post","status-publish","format-standard","has-post-thumbnail","category-covid-19-ca","category-ventana-ca","category-infraestructuras-ca","category-la-comarca-ca","category-sin-categorizar-ca","category-la-ribera-ca","category-politica","category-seccion-ca","category-turis-ca","tag-conselleria-de-justicia-ca","tag-conselleria-de-sanitat-ca","tag-control-de-medidas-anti-covid-ca","tag-fallas-2021-ca"],"_links":{"self":[{"href":"https:\/\/tucomarca.whitekongsoftware.com\/ca\/wp-json\/wp\/v2\/posts\/140350","targetHints":{"allow":["GET"]}}],"collection":[{"href":"https:\/\/tucomarca.whitekongsoftware.com\/ca\/wp-json\/wp\/v2\/posts"}],"about":[{"href":"https:\/\/tucomarca.whitekongsoftware.com\/ca\/wp-json\/wp\/v2\/types\/post"}],"author":[{"embeddable":true,"href":"https:\/\/tucomarca.whitekongsoftware.com\/ca\/wp-json\/wp\/v2\/users\/12"}],"replies":[{"embeddable":true,"href":"https:\/\/tucomarca.whitekongsoftware.com\/ca\/wp-json\/wp\/v2\/comments?post=140350"}],"version-history":[{"count":0,"href":"https:\/\/tucomarca.whitekongsoftware.com\/ca\/wp-json\/wp\/v2\/posts\/140350\/revisions"}],"wp:featuredmedia":[{"embeddable":true,"href":"https:\/\/tucomarca.whitekongsoftware.com\/ca\/wp-json\/wp\/v2\/media\/140347"}],"wp:attachment":[{"href":"https:\/\/tucomarca.whitekongsoftware.com\/ca\/wp-json\/wp\/v2\/media?parent=140350"}],"wp:term":[{"taxonomy":"category","embeddable":true,"href":"https:\/\/tucomarca.whitekongsoftware.com\/ca\/wp-json\/wp\/v2\/categories?post=140350"},{"taxonomy":"post_tag","embeddable":true,"href":"https:\/\/tucomarca.whitekongsoftware.com\/ca\/wp-json\/wp\/v2\/tags?post=140350"}],"curies":[{"name":"wp","href":"https:\/\/api.w.org\/{rel}","templated":true}]}}