{"id":140241,"date":"2021-08-29T10:44:00","date_gmt":"2021-08-29T09:44:00","guid":{"rendered":"http:\/\/www.tucomarca.com\/wordpress\/segunda\/?p=140241"},"modified":"2021-08-30T10:23:04","modified_gmt":"2021-08-30T09:23:04","slug":"les-menors-produccions-impulsen-a-lalca-les-cotitzacions-de-les-ametles-a-requena-utiel","status":"publish","type":"post","link":"https:\/\/tucomarca.whitekongsoftware.com\/ca\/les-menors-produccions-impulsen-a-lalca-les-cotitzacions-de-les-ametles-a-requena-utiel\/","title":{"rendered":"Les menors produccions impulsen a l&#8217;al\u00e7a les cotitzacions de les ametles a Requena-Utiel"},"content":{"rendered":"\n<h4 class=\"wp-block-heading\">La varietat largueta s&#8217;ha revaloritzat m\u00e9s d&#8217;un 40% en un any<\/h4>\n\n\n\n<p class=\"wp-block-paragraph\">Els preus de les ametles estan pujant a conseq\u00fc\u00e8ncia de la menor pressi\u00f3 de l&#8217;oferta i les expectatives per als pr\u00f2xims mesos s\u00f3n bastant optimistes.<br>L&#8217;ametla de la varietat largueta, de cultiu convencional que suposa entorn del 60% de la producci\u00f3 de la comarca Requena-Utiel, es cotitza a 1,30 euros per quilogram amb corfa i quasi al doble la de cultiu ecol\u00f2gic.<br>Aquesta varietat s&#8217;ha revaloritzat m\u00e9s d&#8217;un 40% en un any.<br>La revaloraci\u00f3 de l&#8217;ametla \u00e9s una conseq\u00fc\u00e8ncia de la significativa reducci\u00f3 que tindran les produccions en l&#8217;\u00e0mbit mundial. Informa, <strong>Luis Ib\u00e1\u00f1ez.<\/strong><\/p>\n\n\n\n<p class=\"wp-block-paragraph\"><\/p>\n","protected":false},"excerpt":{"rendered":"<div class=\"mh-excerpt\">La varietat largueta s&#8217;ha revaloritzat m\u00e9s d&#8217;un 40% en un any Els preus de les ametles estan pujant a conseq\u00fc\u00e8ncia de la menor pressi\u00f3 de l&#8217;oferta i les expectatives per als pr\u00f2xims mesos s\u00f3n bastant <a class=\"mh-excerpt-more\" href=\"https:\/\/tucomarca.whitekongsoftware.com\/ca\/les-menors-produccions-impulsen-a-lalca-les-cotitzacions-de-les-ametles-a-requena-utiel\/\" title=\"Les menors produccions impulsen a l&#8217;al\u00e7a les cotitzacions de les ametles a Requena-Utiel\">[+] <\/a><\/div>\n","protected":false},"author":12,"featured_media":84919,"comment_status":"open","ping_status":"open","sticky":false,"template":"","format":"standard","meta":{"footnotes":""},"categories":[10905,11031,10894,10909,10896,11058,11060],"tags":[14195,15303,11459],"class_list":["post-140241","post","type-post","status-publish","format-standard","has-post-thumbnail","category-agricultura-la-comarca-ca","category-camporrobles-ca","category-la-comarca-ca","category-requena-utiel-ca","category-seccion-ca","category-sinarcas-ca","category-venta-del-moro-ca","tag-almendras-ca","tag-precios-de-la-almendra-ca","tag-utiel-requena-ca"],"_links":{"self":[{"href":"https:\/\/tucomarca.whitekongsoftware.com\/ca\/wp-json\/wp\/v2\/posts\/140241","targetHints":{"allow":["GET"]}}],"collection":[{"href":"https:\/\/tucomarca.whitekongsoftware.com\/ca\/wp-json\/wp\/v2\/posts"}],"about":[{"href":"https:\/\/tucomarca.whitekongsoftware.com\/ca\/wp-json\/wp\/v2\/types\/post"}],"author":[{"embeddable":true,"href":"https:\/\/tucomarca.whitekongsoftware.com\/ca\/wp-json\/wp\/v2\/users\/12"}],"replies":[{"embeddable":true,"href":"https:\/\/tucomarca.whitekongsoftware.com\/ca\/wp-json\/wp\/v2\/comments?post=140241"}],"version-history":[{"count":0,"href":"https:\/\/tucomarca.whitekongsoftware.com\/ca\/wp-json\/wp\/v2\/posts\/140241\/revisions"}],"wp:featuredmedia":[{"embeddable":true,"href":"https:\/\/tucomarca.whitekongsoftware.com\/ca\/wp-json\/wp\/v2\/media\/84919"}],"wp:attachment":[{"href":"https:\/\/tucomarca.whitekongsoftware.com\/ca\/wp-json\/wp\/v2\/media?parent=140241"}],"wp:term":[{"taxonomy":"category","embeddable":true,"href":"https:\/\/tucomarca.whitekongsoftware.com\/ca\/wp-json\/wp\/v2\/categories?post=140241"},{"taxonomy":"post_tag","embeddable":true,"href":"https:\/\/tucomarca.whitekongsoftware.com\/ca\/wp-json\/wp\/v2\/tags?post=140241"}],"curies":[{"name":"wp","href":"https:\/\/api.w.org\/{rel}","templated":true}]}}