{"id":140205,"date":"2021-08-29T08:00:00","date_gmt":"2021-08-29T07:00:00","guid":{"rendered":"http:\/\/www.tucomarca.com\/wordpress\/segunda\/?p=140205"},"modified":"2021-08-29T13:43:09","modified_gmt":"2021-08-29T12:43:09","slug":"el-cd-bunyol-presenta-als-jugadors-i-el-cos-tecnic-que-componen-la-plantilla-per-a-la-temporada-2021-22","status":"publish","type":"post","link":"https:\/\/tucomarca.whitekongsoftware.com\/ca\/el-cd-bunyol-presenta-als-jugadors-i-el-cos-tecnic-que-componen-la-plantilla-per-a-la-temporada-2021-22\/","title":{"rendered":"El CD Bunyol presenta als jugadors i el cos t\u00e8cnic que componen la plantilla per a la temporada 2021-22"},"content":{"rendered":"\n<p class=\"wp-block-paragraph\">El camp Beltr\u00e1n B\u00e1gunea de Bunyol ha albergat aquest dissabte a la vesprada la presentaci\u00f3 de la plantilla de jugadors i cos t\u00e8cnic amb la qual el Club Esportiu Bunyol pret\u00e9n continuar fent hist\u00f2ria, com ja el fera la temporada passada, i tornar a quedar campions del seu grup en la Regional Preferent, jugar la promoci\u00f3 d&#8217;ascens i retornar a la Tercera Divisi\u00f3.<\/p>\n\n\n\n<p class=\"wp-block-paragraph\">L&#8217;alcaldessa de Bunyol, Juncal Carrascosa, i el regidor d&#8217;Esports de l&#8217;Ajuntament de Bunyol, Manuel Sierra, han acompanyat al president del club, Francisco Zan\u00f3n, en la presentaci\u00f3 en la qual s&#8217;han pogut con\u00e9ixer d&#8217;un en un tots els noms dels jugadors que enguany continuen en el club aix\u00ed com les noves incorporacions a la plantilla.<\/p>\n\n\n\n<p class=\"wp-block-paragraph\">Al capdavant de la banqueta estar\u00e0 enguany Jordi del Camp, qui comptar\u00e0 amb l&#8217;ajuda com a segon entrenador d&#8217;Alberto Tortajada; amb Jos\u00e9 P\u00e9rez Moreno com a entrenador de porters; amb Amador P\u00e9rez Castillo que ser\u00e0 de nou el preparador f\u00edsic; Edgar Sanz ser\u00e0 l&#8217;encarregat de la nutrici\u00f3; i Daniel Montaner ser\u00e0 el Fisio al costat de Rafa Vicente.<\/p>\n\n\n\n<p class=\"wp-block-paragraph\">Despr\u00e9s de la presentaci\u00f3 s&#8217;ha desenvolupada un partit contra el San Antonio de Benag\u00e9ber CF, no sense abans guardar-se un minut de silenci i depositar un ram de flors per la defunci\u00f3 en accident de circulaci\u00f3 del jugador \u00c1lvaro Roig, aix\u00ed com desitjant una r\u00e0pida recuperaci\u00f3 al seu germ\u00e0, Juan Roig, porter del CD Bunyol greument ferit en el mateix accident en el qual el seu germ\u00e0 va perdre la vida.<\/p>\n\n\n\n<p class=\"wp-block-paragraph\">La trobada amistosa amb el qual el CD Bu\u00f1ol s&#8217;ha presentat enguany davant la seua afici\u00f3 despr\u00e9s d&#8217;una temporada sense poder fer-ho per la pand\u00e8mia de covid-19, va finalitzar amb vict\u00f2ria dels locals per 2 gols a 0.<\/p>\n\n\n\n<figure class=\"wp-block-image size-large\"><img loading=\"lazy\" decoding=\"async\" width=\"787\" height=\"525\" src=\"http:\/\/www.tucomarca.com\/wordpress\/segunda\/wp-content\/uploads\/2021\/08\/CDBunolPresent21-2-1.jpg\" alt=\"\" class=\"wp-image-140215\" srcset=\"https:\/\/tucomarca.whitekongsoftware.com\/wp-content\/uploads\/2021\/08\/CDBunolPresent21-2-1.jpg 787w, https:\/\/tucomarca.whitekongsoftware.com\/wp-content\/uploads\/2021\/08\/CDBunolPresent21-2-1-300x200.jpg 300w, https:\/\/tucomarca.whitekongsoftware.com\/wp-content\/uploads\/2021\/08\/CDBunolPresent21-2-1-768x512.jpg 768w\" sizes=\"auto, (max-width: 787px) 100vw, 787px\" \/><figcaption>El nuevo entrenador del CD Bu\u00f1ol, Jordi del Campo, durante la presentaci\u00f3n.<\/figcaption><\/figure>\n\n\n\n<figure class=\"wp-block-image size-large\"><img loading=\"lazy\" decoding=\"async\" width=\"1024\" height=\"683\" src=\"http:\/\/www.tucomarca.com\/wordpress\/segunda\/wp-content\/uploads\/2021\/08\/CDBunolPresent21-4-1024x683.jpg\" alt=\"\" class=\"wp-image-140173\" srcset=\"https:\/\/tucomarca.whitekongsoftware.com\/wp-content\/uploads\/2021\/08\/CDBunolPresent21-4-1024x683.jpg 1024w, https:\/\/tucomarca.whitekongsoftware.com\/wp-content\/uploads\/2021\/08\/CDBunolPresent21-4-300x200.jpg 300w, https:\/\/tucomarca.whitekongsoftware.com\/wp-content\/uploads\/2021\/08\/CDBunolPresent21-4-768x512.jpg 768w, https:\/\/tucomarca.whitekongsoftware.com\/wp-content\/uploads\/2021\/08\/CDBunolPresent21-4-1536x1024.jpg 1536w, https:\/\/tucomarca.whitekongsoftware.com\/wp-content\/uploads\/2021\/08\/CDBunolPresent21-4-2048x1365.jpg 2048w\" sizes=\"auto, (max-width: 1024px) 100vw, 1024px\" \/><figcaption>Minuto de silencio previo al encuentro entre el CD Bu\u00f1ol y el San Antonio de Benag\u00e9ber CF.<\/figcaption><\/figure>\n\n\n\n<figure class=\"wp-block-image size-large\"><img loading=\"lazy\" decoding=\"async\" width=\"787\" height=\"443\" src=\"http:\/\/www.tucomarca.com\/wordpress\/segunda\/wp-content\/uploads\/2021\/08\/CBBunolPresent21-1.jpg\" alt=\"\" class=\"wp-image-140167\" srcset=\"https:\/\/tucomarca.whitekongsoftware.com\/wp-content\/uploads\/2021\/08\/CBBunolPresent21-1.jpg 787w, https:\/\/tucomarca.whitekongsoftware.com\/wp-content\/uploads\/2021\/08\/CBBunolPresent21-1-300x169.jpg 300w, https:\/\/tucomarca.whitekongsoftware.com\/wp-content\/uploads\/2021\/08\/CBBunolPresent21-1-768x432.jpg 768w, https:\/\/tucomarca.whitekongsoftware.com\/wp-content\/uploads\/2021\/08\/CBBunolPresent21-1-678x381.jpg 678w\" sizes=\"auto, (max-width: 787px) 100vw, 787px\" \/><figcaption>Manuel Sierra, Juncal Carrascosa y Francisco Zan\u00f3n.<\/figcaption><\/figure>\n","protected":false},"excerpt":{"rendered":"<div class=\"mh-excerpt\">El camp Beltr\u00e1n B\u00e1gunea de Bunyol ha albergat aquest dissabte a la vesprada la presentaci\u00f3 de la plantilla de jugadors i cos t\u00e8cnic amb la qual el Club Esportiu Bunyol pret\u00e9n continuar fent hist\u00f2ria, com <a class=\"mh-excerpt-more\" href=\"https:\/\/tucomarca.whitekongsoftware.com\/ca\/el-cd-bunyol-presenta-als-jugadors-i-el-cos-tecnic-que-componen-la-plantilla-per-a-la-temporada-2021-22\/\" title=\"El CD Bunyol presenta als jugadors i el cos t\u00e8cnic que componen la plantilla per a la temporada 2021-22\">[+] <\/a><\/div>\n","protected":false},"author":12,"featured_media":140211,"comment_status":"open","ping_status":"open","sticky":false,"template":"","format":"gallery","meta":{"footnotes":""},"categories":[10911,11015,11003,10898,10894,10912,10934,10896],"tags":[15363,11126,11074,11547,10914,15364,15365],"class_list":["post-140205","post","type-post","status-publish","format-gallery","has-post-thumbnail","category-bunol-ca","category-canal-futbol","category-sports","category-ventana-ca","category-la-comarca-ca","category-la-hoya-ca","category-san-antonio-de-benageber-ca","category-seccion-ca","tag-2021-22-ca","tag-cd-bunol-ca","tag-deportes-ca","tag-esport-ca","tag-la-hoya-de-bunol-chiva-ca","tag-plantilla-ca","tag-presentacion-ca","post_format-post-format-gallery"],"_links":{"self":[{"href":"https:\/\/tucomarca.whitekongsoftware.com\/ca\/wp-json\/wp\/v2\/posts\/140205","targetHints":{"allow":["GET"]}}],"collection":[{"href":"https:\/\/tucomarca.whitekongsoftware.com\/ca\/wp-json\/wp\/v2\/posts"}],"about":[{"href":"https:\/\/tucomarca.whitekongsoftware.com\/ca\/wp-json\/wp\/v2\/types\/post"}],"author":[{"embeddable":true,"href":"https:\/\/tucomarca.whitekongsoftware.com\/ca\/wp-json\/wp\/v2\/users\/12"}],"replies":[{"embeddable":true,"href":"https:\/\/tucomarca.whitekongsoftware.com\/ca\/wp-json\/wp\/v2\/comments?post=140205"}],"version-history":[{"count":0,"href":"https:\/\/tucomarca.whitekongsoftware.com\/ca\/wp-json\/wp\/v2\/posts\/140205\/revisions"}],"wp:featuredmedia":[{"embeddable":true,"href":"https:\/\/tucomarca.whitekongsoftware.com\/ca\/wp-json\/wp\/v2\/media\/140211"}],"wp:attachment":[{"href":"https:\/\/tucomarca.whitekongsoftware.com\/ca\/wp-json\/wp\/v2\/media?parent=140205"}],"wp:term":[{"taxonomy":"category","embeddable":true,"href":"https:\/\/tucomarca.whitekongsoftware.com\/ca\/wp-json\/wp\/v2\/categories?post=140205"},{"taxonomy":"post_tag","embeddable":true,"href":"https:\/\/tucomarca.whitekongsoftware.com\/ca\/wp-json\/wp\/v2\/tags?post=140205"}],"curies":[{"name":"wp","href":"https:\/\/api.w.org\/{rel}","templated":true}]}}