{"id":140062,"date":"2021-08-27T08:01:00","date_gmt":"2021-08-27T07:01:00","guid":{"rendered":"http:\/\/www.tucomarca.com\/wordpress\/segunda\/?p=140062"},"modified":"2021-08-27T09:28:06","modified_gmt":"2021-08-27T08:28:06","slug":"requena-finalitza-lacces-sud-del-poliesportiu","status":"publish","type":"post","link":"https:\/\/tucomarca.whitekongsoftware.com\/ca\/requena-finalitza-lacces-sud-del-poliesportiu\/","title":{"rendered":"Requena finalitza l&#8217;acc\u00e9s sud del Poliesportiu"},"content":{"rendered":"\n<p class=\"wp-block-paragraph\">Concretament, s&#8217;ha realitzat un nou acc\u00e9s incorporant una rampa que facilitar\u00e0 tant l&#8217;entrada a vehicles de manteniment i serveis d&#8217;emerg\u00e8ncies, com als vianants que ho necessiten, que tamb\u00e9 podran utilitzar la nova escala instal\u00b7lada a peu de carrer. Es tracta d&#8217;una actuaci\u00f3 que havia sigut molt sol\u00b7licitada per diverses persones usu\u00e0ries de les instal\u00b7lacions esportives.<br>D&#8217;altra banda, s&#8217;ha creat una zona amb bancs i aparcabicis que augmenta les possibilitats per a poder gaudir i fer \u00fas del Poliesportiu.Finalment i finalitzant amb aix\u00f2 les actuacions en aquesta zona, s&#8217;ha confeccionat una pintura mural a c\u00e0rrec de l&#8217;artista requenense Paloma Jover, en la qual es representen diferents disciplines esportives que es practiquen en la localitat.Amb les esmentades millores i altres que estan per vindre, es pret\u00e9n donar un nou impuls a les instal\u00b7lacions i fer de la pr\u00e0ctica de l&#8217;esport una mica atractiu i accessible per a la ciutadania requenense. Informa, <strong>Luis Ib\u00e1\u00f1ez.<\/strong><\/p>\n\n\n\n<p class=\"wp-block-paragraph\"><\/p>\n","protected":false},"excerpt":{"rendered":"<div class=\"mh-excerpt\">Concretament, s&#8217;ha realitzat un nou acc\u00e9s incorporant una rampa que facilitar\u00e0 tant l&#8217;entrada a vehicles de manteniment i serveis d&#8217;emerg\u00e8ncies, com als vianants que ho necessiten, que tamb\u00e9 podran utilitzar la nova escala instal\u00b7lada a <a class=\"mh-excerpt-more\" href=\"https:\/\/tucomarca.whitekongsoftware.com\/ca\/requena-finalitza-lacces-sud-del-poliesportiu\/\" title=\"Requena finalitza l&#8217;acc\u00e9s sud del Poliesportiu\">[+] <\/a><\/div>\n","protected":false},"author":12,"featured_media":140061,"comment_status":"open","ping_status":"open","sticky":false,"template":"","format":"standard","meta":{"footnotes":""},"categories":[11003,10948,10894,11009,10947,10908,10909,10896],"tags":[],"class_list":["post-140062","post","type-post","status-publish","format-standard","has-post-thumbnail","category-sports","category-infraestructuras-ca","category-la-comarca-ca","category-polideportivo-ca","category-politica","category-requena-ca","category-requena-utiel-ca","category-seccion-ca"],"_links":{"self":[{"href":"https:\/\/tucomarca.whitekongsoftware.com\/ca\/wp-json\/wp\/v2\/posts\/140062","targetHints":{"allow":["GET"]}}],"collection":[{"href":"https:\/\/tucomarca.whitekongsoftware.com\/ca\/wp-json\/wp\/v2\/posts"}],"about":[{"href":"https:\/\/tucomarca.whitekongsoftware.com\/ca\/wp-json\/wp\/v2\/types\/post"}],"author":[{"embeddable":true,"href":"https:\/\/tucomarca.whitekongsoftware.com\/ca\/wp-json\/wp\/v2\/users\/12"}],"replies":[{"embeddable":true,"href":"https:\/\/tucomarca.whitekongsoftware.com\/ca\/wp-json\/wp\/v2\/comments?post=140062"}],"version-history":[{"count":0,"href":"https:\/\/tucomarca.whitekongsoftware.com\/ca\/wp-json\/wp\/v2\/posts\/140062\/revisions"}],"wp:featuredmedia":[{"embeddable":true,"href":"https:\/\/tucomarca.whitekongsoftware.com\/ca\/wp-json\/wp\/v2\/media\/140061"}],"wp:attachment":[{"href":"https:\/\/tucomarca.whitekongsoftware.com\/ca\/wp-json\/wp\/v2\/media?parent=140062"}],"wp:term":[{"taxonomy":"category","embeddable":true,"href":"https:\/\/tucomarca.whitekongsoftware.com\/ca\/wp-json\/wp\/v2\/categories?post=140062"},{"taxonomy":"post_tag","embeddable":true,"href":"https:\/\/tucomarca.whitekongsoftware.com\/ca\/wp-json\/wp\/v2\/tags?post=140062"}],"curies":[{"name":"wp","href":"https:\/\/api.w.org\/{rel}","templated":true}]}}