{"id":140010,"date":"2021-08-24T15:59:00","date_gmt":"2021-08-24T14:59:00","guid":{"rendered":"http:\/\/www.tucomarca.com\/wordpress\/segunda\/?p=140010"},"modified":"2021-08-25T18:07:42","modified_gmt":"2021-08-25T17:07:42","slug":"leliana-destinara-mes-de-645-000-euros-en-els-proxims-mesos-per-a-millorar-les-seues-voreres","status":"publish","type":"post","link":"https:\/\/tucomarca.whitekongsoftware.com\/ca\/leliana-destinara-mes-de-645-000-euros-en-els-proxims-mesos-per-a-millorar-les-seues-voreres\/","title":{"rendered":"L&#8217;Eliana destinar\u00e0 m\u00e9s de 645.000 euros en els pr\u00f2xims mesos per a millorar les seues voreres"},"content":{"rendered":"\n<h4 class=\"wp-block-heading\">Les obres de renovaci\u00f3, que han iniciat ja, inclouen diferents punts del terme municipal.<\/h4>\n\n\n\n<p class=\"wp-block-paragraph\">L&#8217;Ajuntament de l&#8217;Eliana ha adjudicat un total de 645.958 euros per a la renovaci\u00f3 de m\u00e9s de 14.500 metres quadrats de voreres en diferents punts del terme municipal. Aquest projecte renovar\u00e0 superficialment les voreres, les tapes de subministrament de serveis, les escomeses domicili\u00e0ries d&#8217;aigua potable, revisar\u00e0 la instal\u00b7laci\u00f3 d&#8217;enllumenat, millorar\u00e0 l&#8217;accessibilitat, rebaixar\u00e0 els passos de vianants a les cantonades, substituir\u00e0 vorades deteriorades i renovar\u00e0 la senyalitzaci\u00f3 vertical afectada.<\/p>\n\n\n\n<p class=\"wp-block-paragraph\">Les primeres obres de renovaci\u00f3, amb un pressupost de 552.399 euros, s&#8217;han iniciat ja i est\u00e0 previst que finalitzen el mes vinent de desembre. Les actuacions se centraran en diferents vies de les urbanitzacions Bonavista, El Carmen, Vistahermosa, El Escorial, El Lago, El Para\u00edso, El Valle, Entrepins, Hendaya, Motealegre, Montepilar i Montesol i el carrer Tuejar en l\u2019Almassereta.<\/p>\n\n\n\n<p class=\"wp-block-paragraph\">El projecte es completar\u00e0 amb una segona actuaci\u00f3 de 93.559 euros, que arrancar\u00e0 en els pr\u00f2xims mesos i, igualment, est\u00e0 previst que finalitzen dins d&#8217;aquest any 2021. En aquest cas afectar\u00e0 una \u00fanica vorera de El Para\u00edso, i a diverses de Les Taules i Montepilar.<\/p>\n\n\n\n<p class=\"wp-block-paragraph\">El primer edil, Salva Torrent, ha recordat que aquestes actuacions formen part del Pla de Renovaci\u00f3 de Voreres, que en 2021 est\u00e0 dotat amb 1 mili\u00f3 d&#8217;euros i amb un altre m\u00e9s per a 2022 i que vindr\u00e0 a millorar les zones residencials m\u00e9s deteriorades del municipi.<\/p>\n\n\n\n<p class=\"wp-block-paragraph\"><\/p>\n","protected":false},"excerpt":{"rendered":"<div class=\"mh-excerpt\">Les obres de renovaci\u00f3, que han iniciat ja, inclouen diferents punts del terme municipal. L&#8217;Ajuntament de l&#8217;Eliana ha adjudicat un total de 645.958 euros per a la renovaci\u00f3 de m\u00e9s de 14.500 metres quadrats de <a class=\"mh-excerpt-more\" href=\"https:\/\/tucomarca.whitekongsoftware.com\/ca\/leliana-destinara-mes-de-645-000-euros-en-els-proxims-mesos-per-a-millorar-les-seues-voreres\/\" title=\"L&#8217;Eliana destinar\u00e0 m\u00e9s de 645.000 euros en els pr\u00f2xims mesos per a millorar les seues voreres\">[+] <\/a><\/div>\n","protected":false},"author":12,"featured_media":140009,"comment_status":"open","ping_status":"open","sticky":false,"template":"","format":"standard","meta":{"footnotes":""},"categories":[10892,10948,10894,10893,10947,10896],"tags":[10899,15346,15024],"class_list":["post-140010","post","type-post","status-publish","format-standard","has-post-thumbnail","category-camp-de-turia-ca","category-infraestructuras-ca","category-la-comarca-ca","category-leliana-ca","category-politica","category-seccion-ca","tag-camp-de-turia-ca","tag-obras-de-renovacion-de-aceras-ca","tag-riba-roja-de-turia-ca"],"_links":{"self":[{"href":"https:\/\/tucomarca.whitekongsoftware.com\/ca\/wp-json\/wp\/v2\/posts\/140010","targetHints":{"allow":["GET"]}}],"collection":[{"href":"https:\/\/tucomarca.whitekongsoftware.com\/ca\/wp-json\/wp\/v2\/posts"}],"about":[{"href":"https:\/\/tucomarca.whitekongsoftware.com\/ca\/wp-json\/wp\/v2\/types\/post"}],"author":[{"embeddable":true,"href":"https:\/\/tucomarca.whitekongsoftware.com\/ca\/wp-json\/wp\/v2\/users\/12"}],"replies":[{"embeddable":true,"href":"https:\/\/tucomarca.whitekongsoftware.com\/ca\/wp-json\/wp\/v2\/comments?post=140010"}],"version-history":[{"count":0,"href":"https:\/\/tucomarca.whitekongsoftware.com\/ca\/wp-json\/wp\/v2\/posts\/140010\/revisions"}],"wp:featuredmedia":[{"embeddable":true,"href":"https:\/\/tucomarca.whitekongsoftware.com\/ca\/wp-json\/wp\/v2\/media\/140009"}],"wp:attachment":[{"href":"https:\/\/tucomarca.whitekongsoftware.com\/ca\/wp-json\/wp\/v2\/media?parent=140010"}],"wp:term":[{"taxonomy":"category","embeddable":true,"href":"https:\/\/tucomarca.whitekongsoftware.com\/ca\/wp-json\/wp\/v2\/categories?post=140010"},{"taxonomy":"post_tag","embeddable":true,"href":"https:\/\/tucomarca.whitekongsoftware.com\/ca\/wp-json\/wp\/v2\/tags?post=140010"}],"curies":[{"name":"wp","href":"https:\/\/api.w.org\/{rel}","templated":true}]}}