{"id":139869,"date":"2021-08-23T18:00:00","date_gmt":"2021-08-23T17:00:00","guid":{"rendered":"http:\/\/www.tucomarca.com\/wordpress\/segunda\/?p=139869"},"modified":"2021-08-23T18:22:15","modified_gmt":"2021-08-23T17:22:15","slug":"sanitat-notifica-2-340-nous-casos-de-coronavirus-2-defuncions-i-3-369-altes-en-la-comunitat-valenciana","status":"publish","type":"post","link":"https:\/\/tucomarca.whitekongsoftware.com\/ca\/sanitat-notifica-2-340-nous-casos-de-coronavirus-2-defuncions-i-3-369-altes-en-la-comunitat-valenciana\/","title":{"rendered":"Sanitat notifica 2.340 nous casos de coronavirus, 2 defuncions i 3.369 altes en la Comunitat Valenciana"},"content":{"rendered":"\n<p class=\"wp-block-paragraph\"><strong>Es redueix de huit a quatre setmanes el termini per a administrar la vacuna a la poblaci\u00f3 que ha passat la malaltia<\/strong><\/p>\n\n\n\n<p class=\"wp-block-paragraph\"><strong>Un total de 3.275.930 persones compten amb la pauta completa d&#8217;immunitzaci\u00f3 en la Comunitat Valenciana<\/strong><\/p>\n\n\n\n<p class=\"wp-block-paragraph\"><strong>Nous casos per prov\u00edncies des del divendres: 234 a Castell\u00f3, 1.283 a Alacant i 823 a Val\u00e8ncia. A m\u00e9s, s&#8217;ha registrat un cas sense assignar<\/strong><\/p>\n\n\n\n<p class=\"wp-block-paragraph\">Un total de 3.857.749 personas han recibido ya una dosis de la vacuna contra el coronavirus en la Comunitat Valenciana. Adem\u00e1s, en estos momentos, cuentan con la pauta completa de inmunizaci\u00f3n (dos dosis para Pfizer, Moderna y AstraZeneca; la monodosis de Janssen y una dosis de cualquier vacuna en las personas con antecedentes de haber pasado la COVID) 3.275.930 personas.&nbsp;<\/p>\n\n\n\n<p class=\"wp-block-paragraph\">Por otra parte, desde la \u00faltima actualizaci\u00f3n realizada el viernes pasado, la Conselleria de Sanidad Universal y Salud P\u00fablica ha notificado 2.340 casos nuevos de coronavirus confirmados por prueba PCR o a trav\u00e9s de test de ant\u00edgenos, que sit\u00faan la cifra total de positivos en 495.688 personas. Por provincias, 234 en Castell\u00f3n (51.353 en total); 1.283 en Alicante (179.952 en total) y 823 en Valencia (264.378 en total). El total de casos no asignados se mantiene en 5.<\/p>\n\n\n\n<p class=\"wp-block-paragraph\">Adem\u00e1s, se han registrado 3.369 altas a pacientes con coronavirus. De esta forma, el n\u00famero de personas que ha superado la enfermedad desde que comenz\u00f3 la pandemia en la Comunitat Valenciana asciende a 486.151 personas. Por provincias, las altas se distribuyen as\u00ed: 50.613 en Castell\u00f3n, 174.370 en Alicante y 261.109 en Valencia. Hay un caso sin asignar por lo que el total de altas no asignadas asciende a 59.<\/p>\n\n\n\n<p class=\"wp-block-paragraph\">Los hospitales valencianos tienen, actualmente, 492 personas ingresadas, 93 de ellas en la UCI: 64 en la provincia de Castell\u00f3n, 11 en UCI; 208 en la provincia de Alicante, 43 de ellas en la UCI; y 220 en la provincia de Valencia, 39 de ellas en UCI.&nbsp;<\/p>\n\n\n\n<p class=\"wp-block-paragraph\">Adem\u00e1s, se han registrado 2 fallecimientos (todos ellos en los \u00faltimos 7 d\u00edas), por lo que el total de decesos desde el inicio de la pandemia se sit\u00faa en 7.620: 821 en la provincia de Castell\u00f3n, 2.896 en la de Alicante y 3.903 en la de Valencia.<\/p>\n\n\n\n<p class=\"wp-block-paragraph\">De acuerdo con los datos registrados, en estos momentos hay 13.370 casos activos, lo que supone un 2,64% del total de positivos.&nbsp;<\/p>\n\n\n\n<p class=\"wp-block-paragraph\">Se ha registrado un brote que tiene 10 o m\u00e1s casos asociados.&nbsp;<\/p>\n\n\n\n<p class=\"wp-block-paragraph\">&#8211; Ontinyent: 15 casos. Origen social.<\/p>\n\n\n\n<p class=\"wp-block-paragraph\"><strong>Reducci\u00f3n de plazos en la vacunaci\u00f3n de contagiados<\/strong><\/p>\n\n\n\n<p class=\"wp-block-paragraph\">La Conselleria de Sanitat ha reducido de ocho a cuatro semanas el plazo que ha de transcurrir para vacunar a las personas de 65 a\u00f1os o menos que se han contagiado de coronavirus y han superado la enfermedad, lo que representa en este caso la pauta completa.&nbsp;<\/p>\n\n\n\n<p class=\"wp-block-paragraph\">Tambi\u00e9n se reduce de ocho a cuatro semanas el tiempo que deben esperar aquellas personas que tras recibir la primera dosis de la vacuna se infectaron de coronavirus. As\u00ed, cuatro semanas despu\u00e9s desde el inicio de s\u00edntomas o el diagn\u00f3stico de la enfermedad podr\u00e1n recibir la segunda dosis.&nbsp;<\/p>\n\n\n\n<p class=\"wp-block-paragraph\">Tal y como se especifica en la estrategia estatal de vacunaci\u00f3n, los mayores de 65 a\u00f1os no han visto retrasada su pauta de vacunaci\u00f3n por la infecci\u00f3n por COVID-19 y no se ven afectados por el cambio.<\/p>\n\n\n\n<p class=\"wp-block-paragraph\">De esta forma se acorta el periodo actual de espera, lo que permitir\u00e1 seguir avanzando con mayor agilidad en el objetivo de extender en el menor tiempo posible la cobertura con pauta completa, que es la que garantiza una mejor protecci\u00f3n, en general, frente a la enfermedad y, en particular, frente a las nuevas variantes de la enfermedad.<\/p>\n","protected":false},"excerpt":{"rendered":"<div class=\"mh-excerpt\">Es redueix de huit a quatre setmanes el termini per a administrar la vacuna a la poblaci\u00f3 que ha passat la malaltia Un total de 3.275.930 persones compten amb la pauta completa d&#8217;immunitzaci\u00f3 en la <a class=\"mh-excerpt-more\" href=\"https:\/\/tucomarca.whitekongsoftware.com\/ca\/sanitat-notifica-2-340-nous-casos-de-coronavirus-2-defuncions-i-3-369-altes-en-la-comunitat-valenciana\/\" title=\"Sanitat notifica 2.340 nous casos de coronavirus, 2 defuncions i 3.369 altes en la Comunitat Valenciana\">[+] <\/a><\/div>\n","protected":false},"author":1,"featured_media":138664,"comment_status":"open","ping_status":"open","sticky":false,"template":"","format":"standard","meta":{"footnotes":""},"categories":[11010,12202,10898,10948,10894,10904,10903,10947,10896],"tags":[11939,11940,13963,13932],"class_list":["post-139869","post","type-post","status-publish","format-standard","has-post-thumbnail","category-canal-salud","category-covid-19-ca","category-ventana-ca","category-infraestructuras-ca","category-la-comarca-ca","category-sin-categorizar-ca","category-medio-ambiente-la-comarca-ca","category-politica","category-seccion-ca","tag-coronavirus-ca","tag-covid-19-ca","tag-vacunacion-ca","tag-vacunas-ca"],"_links":{"self":[{"href":"https:\/\/tucomarca.whitekongsoftware.com\/ca\/wp-json\/wp\/v2\/posts\/139869","targetHints":{"allow":["GET"]}}],"collection":[{"href":"https:\/\/tucomarca.whitekongsoftware.com\/ca\/wp-json\/wp\/v2\/posts"}],"about":[{"href":"https:\/\/tucomarca.whitekongsoftware.com\/ca\/wp-json\/wp\/v2\/types\/post"}],"author":[{"embeddable":true,"href":"https:\/\/tucomarca.whitekongsoftware.com\/ca\/wp-json\/wp\/v2\/users\/1"}],"replies":[{"embeddable":true,"href":"https:\/\/tucomarca.whitekongsoftware.com\/ca\/wp-json\/wp\/v2\/comments?post=139869"}],"version-history":[{"count":0,"href":"https:\/\/tucomarca.whitekongsoftware.com\/ca\/wp-json\/wp\/v2\/posts\/139869\/revisions"}],"wp:featuredmedia":[{"embeddable":true,"href":"https:\/\/tucomarca.whitekongsoftware.com\/ca\/wp-json\/wp\/v2\/media\/138664"}],"wp:attachment":[{"href":"https:\/\/tucomarca.whitekongsoftware.com\/ca\/wp-json\/wp\/v2\/media?parent=139869"}],"wp:term":[{"taxonomy":"category","embeddable":true,"href":"https:\/\/tucomarca.whitekongsoftware.com\/ca\/wp-json\/wp\/v2\/categories?post=139869"},{"taxonomy":"post_tag","embeddable":true,"href":"https:\/\/tucomarca.whitekongsoftware.com\/ca\/wp-json\/wp\/v2\/tags?post=139869"}],"curies":[{"name":"wp","href":"https:\/\/api.w.org\/{rel}","templated":true}]}}