{"id":139833,"date":"2021-08-21T19:00:00","date_gmt":"2021-08-21T18:00:00","guid":{"rendered":"http:\/\/www.tucomarca.com\/wordpress\/segunda\/los-ninos-y-ninas-los-primeros-protagonistas-de-las-casi-fiestas-de-bunol-en-la-jornada-infantil-de-igualdad\/"},"modified":"2021-08-21T22:02:48","modified_gmt":"2021-08-21T21:02:48","slug":"los-ninos-y-ninas-los-primeros-protagonistas-de-las-casi-fiestas-de-bunol-en-la-jornada-infantil-de-igualdad","status":"publish","type":"post","link":"https:\/\/tucomarca.whitekongsoftware.com\/ca\/los-ninos-y-ninas-los-primeros-protagonistas-de-las-casi-fiestas-de-bunol-en-la-jornada-infantil-de-igualdad\/","title":{"rendered":"La m\u00fasica i la igualtat primers protagonistes de les &#8220;Quasi Festes&#8221; de Bunyol"},"content":{"rendered":"\n<p class=\"wp-block-paragraph\">Los primeros protagonistas del las &#8220;Casi Fiestas&#8221; de Bu\u00f1ol han sido los ni\u00f1os y ni\u00f1as durante la Jornada Infantil de Igualdad que ha ocupado el d\u00eda de hoy s\u00e1bado el Parque del Planell.<\/p>\n\n\n\n<p class=\"wp-block-paragraph\">En esta jornada festiva de Igualdad para la infancia, por la ma\u00f1ana se ha podido disfrutar de un Cuentacuentos por la Igualdad, el Escape Room &#8220;La Desaparici\u00f3n&#8221;, la Yincana por la Igualdad, un taller de manualidades y chapas, y ya por la tarde, otro taller de camisetas estampadas y otro Escape Room &#8220;La red invisible&#8221;.<\/p>\n\n\n\n<figure class=\"wp-block-gallery columns-2 is-cropped wp-block-gallery-1 is-layout-flex wp-block-gallery-is-layout-flex\"><ul class=\"blocks-gallery-grid\"><li class=\"blocks-gallery-item\"><figure><img loading=\"lazy\" decoding=\"async\" width=\"787\" height=\"530\" src=\"http:\/\/www.tucomarca.com\/wordpress\/segunda\/wp-content\/uploads\/2021\/08\/02IgualdadFiestas.jpg\" alt=\"\" data-id=\"139826\" data-full-url=\"http:\/\/www.tucomarca.com\/wordpress\/segunda\/wp-content\/uploads\/2021\/08\/02IgualdadFiestas.jpg\" data-link=\"http:\/\/www.tucomarca.com\/wordpress\/segunda\/?attachment_id=139826\" class=\"wp-image-139826\" srcset=\"https:\/\/tucomarca.whitekongsoftware.com\/wp-content\/uploads\/2021\/08\/02IgualdadFiestas.jpg 787w, https:\/\/tucomarca.whitekongsoftware.com\/wp-content\/uploads\/2021\/08\/02IgualdadFiestas-300x202.jpg 300w, https:\/\/tucomarca.whitekongsoftware.com\/wp-content\/uploads\/2021\/08\/02IgualdadFiestas-768x517.jpg 768w\" sizes=\"auto, (max-width: 787px) 100vw, 787px\" \/><\/figure><\/li><li class=\"blocks-gallery-item\"><figure><img loading=\"lazy\" decoding=\"async\" width=\"787\" height=\"516\" src=\"http:\/\/www.tucomarca.com\/wordpress\/segunda\/wp-content\/uploads\/2021\/08\/01IgualdadFiestas.jpg\" alt=\"\" data-id=\"139824\" data-full-url=\"http:\/\/www.tucomarca.com\/wordpress\/segunda\/wp-content\/uploads\/2021\/08\/01IgualdadFiestas.jpg\" data-link=\"http:\/\/www.tucomarca.com\/wordpress\/segunda\/?attachment_id=139824\" class=\"wp-image-139824\" srcset=\"https:\/\/tucomarca.whitekongsoftware.com\/wp-content\/uploads\/2021\/08\/01IgualdadFiestas.jpg 787w, https:\/\/tucomarca.whitekongsoftware.com\/wp-content\/uploads\/2021\/08\/01IgualdadFiestas-300x197.jpg 300w, https:\/\/tucomarca.whitekongsoftware.com\/wp-content\/uploads\/2021\/08\/01IgualdadFiestas-768x504.jpg 768w\" sizes=\"auto, (max-width: 787px) 100vw, 787px\" \/><\/figure><\/li><\/ul><\/figure>\n","protected":false},"excerpt":{"rendered":"<div class=\"mh-excerpt\">Los primeros protagonistas del las &#8220;Casi Fiestas&#8221; de Bu\u00f1ol han sido los ni\u00f1os y ni\u00f1as durante la Jornada Infantil de Igualdad que ha ocupado el d\u00eda de hoy s\u00e1bado el Parque del Planell. En esta <a class=\"mh-excerpt-more\" href=\"https:\/\/tucomarca.whitekongsoftware.com\/ca\/los-ninos-y-ninas-los-primeros-protagonistas-de-las-casi-fiestas-de-bunol-en-la-jornada-infantil-de-igualdad\/\" title=\"La m\u00fasica i la igualtat primers protagonistes de les &#8220;Quasi Festes&#8221; de Bunyol\">[+] <\/a><\/div>\n","protected":false},"author":12,"featured_media":139823,"comment_status":"open","ping_status":"open","sticky":false,"template":"","format":"gallery","meta":{"footnotes":""},"categories":[10911,10894,10912,11007,11008,10896],"tags":[10913,15318,12034,10914],"class_list":["post-139833","post","type-post","status-publish","format-gallery","has-post-thumbnail","category-bunol-ca","category-la-comarca-ca","category-la-hoya-ca","category-ocio-y-cultura-ca","category-pueblos-en-fiestas-ca","category-seccion-ca","tag-bunol-ca","tag-casi-fiestas-2021-ca","tag-igualdad-ca","tag-la-hoya-de-bunol-chiva-ca","post_format-post-format-gallery"],"_links":{"self":[{"href":"https:\/\/tucomarca.whitekongsoftware.com\/ca\/wp-json\/wp\/v2\/posts\/139833","targetHints":{"allow":["GET"]}}],"collection":[{"href":"https:\/\/tucomarca.whitekongsoftware.com\/ca\/wp-json\/wp\/v2\/posts"}],"about":[{"href":"https:\/\/tucomarca.whitekongsoftware.com\/ca\/wp-json\/wp\/v2\/types\/post"}],"author":[{"embeddable":true,"href":"https:\/\/tucomarca.whitekongsoftware.com\/ca\/wp-json\/wp\/v2\/users\/12"}],"replies":[{"embeddable":true,"href":"https:\/\/tucomarca.whitekongsoftware.com\/ca\/wp-json\/wp\/v2\/comments?post=139833"}],"version-history":[{"count":0,"href":"https:\/\/tucomarca.whitekongsoftware.com\/ca\/wp-json\/wp\/v2\/posts\/139833\/revisions"}],"wp:featuredmedia":[{"embeddable":true,"href":"https:\/\/tucomarca.whitekongsoftware.com\/ca\/wp-json\/wp\/v2\/media\/139823"}],"wp:attachment":[{"href":"https:\/\/tucomarca.whitekongsoftware.com\/ca\/wp-json\/wp\/v2\/media?parent=139833"}],"wp:term":[{"taxonomy":"category","embeddable":true,"href":"https:\/\/tucomarca.whitekongsoftware.com\/ca\/wp-json\/wp\/v2\/categories?post=139833"},{"taxonomy":"post_tag","embeddable":true,"href":"https:\/\/tucomarca.whitekongsoftware.com\/ca\/wp-json\/wp\/v2\/tags?post=139833"}],"curies":[{"name":"wp","href":"https:\/\/api.w.org\/{rel}","templated":true}]}}