{"id":139740,"date":"2021-08-20T08:00:00","date_gmt":"2021-08-20T07:00:00","guid":{"rendered":"http:\/\/www.tucomarca.com\/wordpress\/segunda\/?p=139740"},"modified":"2021-08-21T19:06:36","modified_gmt":"2021-08-21T18:06:36","slug":"utiel-san-antonio-de-benageber-i-cortes-de-pallas-llueixen-fins-al-diumenge-els-muntatges-florals-impulsats-per-la-diputacio","status":"publish","type":"post","link":"https:\/\/tucomarca.whitekongsoftware.com\/ca\/utiel-san-antonio-de-benageber-i-cortes-de-pallas-llueixen-fins-al-diumenge-els-muntatges-florals-impulsats-per-la-diputacio\/","title":{"rendered":"Utiel, San Antonio de Benag\u00e9ber  i Cortes de Pall\u00e0s llueixen fins al diumenge els muntatges florals impulsats per la Diputaci\u00f3"},"content":{"rendered":"\n<p class=\"wp-block-paragraph\"><em>Llocs emblem\u00e0tics d&#8217;Utiel, Catarroja, San Antonio de Benag\u00e9ber, Cortes de Pall\u00e1s, Gandia, Benifair\u00f3 de les Valls, Godella, Bocairent, Quatretonda i Val\u00e8ncia han sigut decorats amb peces ornamentals creades per floristes valencians<\/em><\/p>\n\n\n\n<p class=\"wp-block-paragraph\">Els ve\u00efns i estiuejants d&#8217;un total de 10 municipis valencians poden gaudir des de hui, i fins al diumenge, dels espectaculars muntatges florals que han dut a terme els floristes de la prov\u00edncia amb ajuda de la Diputaci\u00f3 de Val\u00e8ncia.<\/p>\n\n\n\n<p class=\"wp-block-paragraph\">Mitjan\u00e7ant la col\u00b7laboraci\u00f3 en la campanya \u2018Torna la Primavera\u2019, amb la qual es pret\u00e9n dinamitzar l&#8217;activitat interrompuda per la pand\u00e8mia i la suspensi\u00f3 de festejos populars, la corporaci\u00f3 provincial torna, per segon any consecutiu, a secundar i a donar visibilitat a un sector especialment afectat per la crisi sanit\u00e0ria.<\/p>\n\n\n\n<p class=\"wp-block-paragraph\">En esta ocasi\u00f3, s\u00f3n les localitats de Catarroja i Godella a L&#8217;Horta; Quatretonda i Bocairent a La Vall d&#8217;Albaida; Gandia a La Safor; Benifair\u00f3 de les Valls al Camp de Morvedre; Cortes de Pall\u00e1s a la Vall d&#8217;Ayora-Cofrentes; San Antonio de Benag\u00e9ber al Camp de T\u00faria; Utiel a la comarca Requena-Utiel; i Val\u00e8ncia les que exhibixen, entre els dies 20 i 22 d&#8217;agost, les peces ornamentals. Tots els espais triats destaquen per la seua bellesa, valor arquitect\u00f2nic o inter\u00e9s cultural i hist\u00f2ric.<\/p>\n\n\n\n<p class=\"wp-block-paragraph\">Tamb\u00e9 la fa\u00e7ana de la seu central de la Diputaci\u00f3 de Val\u00e8ncia, situada en la pla\u00e7a Manises del cap i casal, s&#8217;ha engalanat amb motiu de la iniciativa \u2018Racons florals per a tots\u2019, impulsada per l&#8217;Associaci\u00f3 Nacional de Floristes en col\u00b7laboraci\u00f3 amb els venedors de Mercaflor i altres actors del sector.<\/p>\n\n\n\n<p class=\"wp-block-paragraph\">Els 60.000 euros aportats per la Diputaci\u00f3 s&#8217;han destinat a l&#8217;adquisici\u00f3 de les flors i plantes procedents de productors i conreadors valencians, els materials necessaris per a l&#8217;elaboraci\u00f3 i la retribuci\u00f3 del treball de ferrers i fusters per al muntatge de cada instal\u00b7laci\u00f3. A m\u00e9s, l&#8217;ajuda de la instituci\u00f3 provincial tamb\u00e9 ha cobert les despeses b\u00e0siques dels floristes que participen en el projecte i que han comptat amb l&#8217;assessorament i seguiment de l&#8217;Associaci\u00f3 Nacional de Floristes, organitzadora de l&#8217;esdeveniment.<\/p>\n\n\n\n<p class=\"wp-block-paragraph\">D&#8217;esta manera, el president de la Diputaci\u00f3 de Val\u00e8ncia, Toni Gaspar, ha donat continu\u00eftat al conveni amb els floristes igual que ho ha fet amb altres col\u00b7lectius tradicionals colpejats per la pand\u00e8mia, cas dels pirot\u00e8cnics, els artistes fallers, el Gremi Artes\u00e0 de Sastres i Modistes, l&#8217;Associaci\u00f3 de Comer\u00e7os d&#8217;Indument\u00e0ria Valenciana (ASCIVA) i el Gremi de Mestres Abaniqueros, que participa per primera vegada en esta l\u00ednia d&#8217;ajudes. En total, m\u00e9s d&#8217;un mili\u00f3 d&#8217;euros en 2021 per a contribuir a la reactivaci\u00f3 d&#8217;estos sectors.&nbsp;<\/p>\n\n\n\n<figure class=\"wp-block-gallery columns-2 is-cropped wp-block-gallery-1 is-layout-flex wp-block-gallery-is-layout-flex\"><ul class=\"blocks-gallery-grid\"><li class=\"blocks-gallery-item\"><figure><img loading=\"lazy\" decoding=\"async\" width=\"1024\" height=\"666\" src=\"http:\/\/www.tucomarca.com\/wordpress\/segunda\/wp-content\/uploads\/2021\/08\/Torna-la-primavera-Diputacion-foto_Abulaila-5-1024x666.jpeg\" alt=\"\" data-id=\"139731\" data-full-url=\"https:\/\/www.tucomarca.com\/wordpress\/segunda\/wp-content\/uploads\/2021\/08\/Torna-la-primavera-Diputacion-foto_Abulaila-5.jpeg\" data-link=\"https:\/\/www.tucomarca.com\/wordpress\/segunda\/?attachment_id=139731\" class=\"wp-image-139731\" srcset=\"https:\/\/tucomarca.whitekongsoftware.com\/wp-content\/uploads\/2021\/08\/Torna-la-primavera-Diputacion-foto_Abulaila-5-1024x666.jpeg 1024w, https:\/\/tucomarca.whitekongsoftware.com\/wp-content\/uploads\/2021\/08\/Torna-la-primavera-Diputacion-foto_Abulaila-5-300x195.jpeg 300w, https:\/\/tucomarca.whitekongsoftware.com\/wp-content\/uploads\/2021\/08\/Torna-la-primavera-Diputacion-foto_Abulaila-5-768x499.jpeg 768w, https:\/\/tucomarca.whitekongsoftware.com\/wp-content\/uploads\/2021\/08\/Torna-la-primavera-Diputacion-foto_Abulaila-5.jpeg 1280w\" sizes=\"auto, (max-width: 1024px) 100vw, 1024px\" \/><\/figure><\/li><li class=\"blocks-gallery-item\"><figure><img loading=\"lazy\" decoding=\"async\" width=\"1024\" height=\"666\" src=\"http:\/\/www.tucomarca.com\/wordpress\/segunda\/wp-content\/uploads\/2021\/08\/Torna-la-primavera-en-Villa-Eugenia-Godella-foto_Abulaila-2-1024x666.jpeg\" alt=\"\" data-id=\"139733\" data-full-url=\"https:\/\/www.tucomarca.com\/wordpress\/segunda\/wp-content\/uploads\/2021\/08\/Torna-la-primavera-en-Villa-Eugenia-Godella-foto_Abulaila-2.jpeg\" data-link=\"https:\/\/www.tucomarca.com\/wordpress\/segunda\/?attachment_id=139733\" class=\"wp-image-139733\" srcset=\"https:\/\/tucomarca.whitekongsoftware.com\/wp-content\/uploads\/2021\/08\/Torna-la-primavera-en-Villa-Eugenia-Godella-foto_Abulaila-2-1024x666.jpeg 1024w, https:\/\/tucomarca.whitekongsoftware.com\/wp-content\/uploads\/2021\/08\/Torna-la-primavera-en-Villa-Eugenia-Godella-foto_Abulaila-2-300x195.jpeg 300w, https:\/\/tucomarca.whitekongsoftware.com\/wp-content\/uploads\/2021\/08\/Torna-la-primavera-en-Villa-Eugenia-Godella-foto_Abulaila-2-768x499.jpeg 768w, https:\/\/tucomarca.whitekongsoftware.com\/wp-content\/uploads\/2021\/08\/Torna-la-primavera-en-Villa-Eugenia-Godella-foto_Abulaila-2.jpeg 1280w\" sizes=\"auto, (max-width: 1024px) 100vw, 1024px\" \/><\/figure><\/li><li class=\"blocks-gallery-item\"><figure><img loading=\"lazy\" decoding=\"async\" width=\"1024\" height=\"666\" src=\"http:\/\/www.tucomarca.com\/wordpress\/segunda\/wp-content\/uploads\/2021\/08\/Torna-la-primavera-en-Villa-Eugenia-Godella-foto_Abulaila-3-1024x666.jpeg\" alt=\"\" data-id=\"139735\" data-full-url=\"https:\/\/www.tucomarca.com\/wordpress\/segunda\/wp-content\/uploads\/2021\/08\/Torna-la-primavera-en-Villa-Eugenia-Godella-foto_Abulaila-3.jpeg\" data-link=\"https:\/\/www.tucomarca.com\/wordpress\/segunda\/?attachment_id=139735\" class=\"wp-image-139735\" srcset=\"https:\/\/tucomarca.whitekongsoftware.com\/wp-content\/uploads\/2021\/08\/Torna-la-primavera-en-Villa-Eugenia-Godella-foto_Abulaila-3-1024x666.jpeg 1024w, https:\/\/tucomarca.whitekongsoftware.com\/wp-content\/uploads\/2021\/08\/Torna-la-primavera-en-Villa-Eugenia-Godella-foto_Abulaila-3-300x195.jpeg 300w, https:\/\/tucomarca.whitekongsoftware.com\/wp-content\/uploads\/2021\/08\/Torna-la-primavera-en-Villa-Eugenia-Godella-foto_Abulaila-3-768x499.jpeg 768w, https:\/\/tucomarca.whitekongsoftware.com\/wp-content\/uploads\/2021\/08\/Torna-la-primavera-en-Villa-Eugenia-Godella-foto_Abulaila-3.jpeg 1280w\" sizes=\"auto, (max-width: 1024px) 100vw, 1024px\" \/><\/figure><\/li><li class=\"blocks-gallery-item\"><figure><img loading=\"lazy\" decoding=\"async\" width=\"1024\" height=\"666\" src=\"http:\/\/www.tucomarca.com\/wordpress\/segunda\/wp-content\/uploads\/2021\/08\/Torna-la-primavera-en-Villa-Eugenia-Godella-foto_Abulaila-1-1-1024x666.jpeg\" alt=\"\" data-id=\"139737\" data-full-url=\"https:\/\/www.tucomarca.com\/wordpress\/segunda\/wp-content\/uploads\/2021\/08\/Torna-la-primavera-en-Villa-Eugenia-Godella-foto_Abulaila-1-1.jpeg\" data-link=\"https:\/\/www.tucomarca.com\/wordpress\/segunda\/?attachment_id=139737\" class=\"wp-image-139737\" srcset=\"https:\/\/tucomarca.whitekongsoftware.com\/wp-content\/uploads\/2021\/08\/Torna-la-primavera-en-Villa-Eugenia-Godella-foto_Abulaila-1-1-1024x666.jpeg 1024w, https:\/\/tucomarca.whitekongsoftware.com\/wp-content\/uploads\/2021\/08\/Torna-la-primavera-en-Villa-Eugenia-Godella-foto_Abulaila-1-1-300x195.jpeg 300w, https:\/\/tucomarca.whitekongsoftware.com\/wp-content\/uploads\/2021\/08\/Torna-la-primavera-en-Villa-Eugenia-Godella-foto_Abulaila-1-1-768x499.jpeg 768w, https:\/\/tucomarca.whitekongsoftware.com\/wp-content\/uploads\/2021\/08\/Torna-la-primavera-en-Villa-Eugenia-Godella-foto_Abulaila-1-1.jpeg 1280w\" sizes=\"auto, (max-width: 1024px) 100vw, 1024px\" \/><\/figure><\/li><\/ul><\/figure>\n","protected":false},"excerpt":{"rendered":"<div class=\"mh-excerpt\">Llocs emblem\u00e0tics d&#8217;Utiel, Catarroja, San Antonio de Benag\u00e9ber, Cortes de Pall\u00e1s, Gandia, Benifair\u00f3 de les Valls, Godella, Bocairent, Quatretonda i Val\u00e8ncia han sigut decorats amb peces ornamentals creades per floristes valencians Els ve\u00efns i estiuejants <a class=\"mh-excerpt-more\" href=\"https:\/\/tucomarca.whitekongsoftware.com\/ca\/utiel-san-antonio-de-benageber-i-cortes-de-pallas-llueixen-fins-al-diumenge-els-muntatges-florals-impulsats-per-la-diputacio\/\" title=\"Utiel, San Antonio de Benag\u00e9ber  i Cortes de Pall\u00e0s llueixen fins al diumenge els muntatges florals impulsats per la Diputaci\u00f3\">[+] <\/a><\/div>\n","protected":false},"author":12,"featured_media":139730,"comment_status":"open","ping_status":"open","sticky":false,"template":"","format":"standard","meta":{"footnotes":""},"categories":[10951,10892,10953,10894,10904,11007,10909,10934,10896,11059],"tags":[11216,10899,11230,10910,11147,11174],"class_list":["post-139740","post","type-post","status-publish","format-standard","has-post-thumbnail","category-ayora-cofrentes-ca","category-camp-de-turia-ca","category-cortes-de-pallas-ca","category-la-comarca-ca","category-sin-categorizar-ca","category-ocio-y-cultura-ca","category-requena-utiel-ca","category-san-antonio-de-benageber-ca","category-seccion-ca","category-utiel-ca","tag-ayora-cofrentes-ca","tag-camp-de-turia-ca","tag-cortes-de-pallas-ca","tag-requena-utiel-ca","tag-san-antoni-de-benageber","tag-utiel-ca"],"_links":{"self":[{"href":"https:\/\/tucomarca.whitekongsoftware.com\/ca\/wp-json\/wp\/v2\/posts\/139740","targetHints":{"allow":["GET"]}}],"collection":[{"href":"https:\/\/tucomarca.whitekongsoftware.com\/ca\/wp-json\/wp\/v2\/posts"}],"about":[{"href":"https:\/\/tucomarca.whitekongsoftware.com\/ca\/wp-json\/wp\/v2\/types\/post"}],"author":[{"embeddable":true,"href":"https:\/\/tucomarca.whitekongsoftware.com\/ca\/wp-json\/wp\/v2\/users\/12"}],"replies":[{"embeddable":true,"href":"https:\/\/tucomarca.whitekongsoftware.com\/ca\/wp-json\/wp\/v2\/comments?post=139740"}],"version-history":[{"count":0,"href":"https:\/\/tucomarca.whitekongsoftware.com\/ca\/wp-json\/wp\/v2\/posts\/139740\/revisions"}],"wp:featuredmedia":[{"embeddable":true,"href":"https:\/\/tucomarca.whitekongsoftware.com\/ca\/wp-json\/wp\/v2\/media\/139730"}],"wp:attachment":[{"href":"https:\/\/tucomarca.whitekongsoftware.com\/ca\/wp-json\/wp\/v2\/media?parent=139740"}],"wp:term":[{"taxonomy":"category","embeddable":true,"href":"https:\/\/tucomarca.whitekongsoftware.com\/ca\/wp-json\/wp\/v2\/categories?post=139740"},{"taxonomy":"post_tag","embeddable":true,"href":"https:\/\/tucomarca.whitekongsoftware.com\/ca\/wp-json\/wp\/v2\/tags?post=139740"}],"curies":[{"name":"wp","href":"https:\/\/api.w.org\/{rel}","templated":true}]}}