{"id":139690,"date":"2021-08-19T12:00:00","date_gmt":"2021-08-19T11:00:00","guid":{"rendered":"http:\/\/www.tucomarca.com\/wordpress\/segunda\/?p=139690"},"modified":"2021-08-20T09:00:09","modified_gmt":"2021-08-20T08:00:09","slug":"la-unio-denuncia-que-els-primers-preus-que-sofereixen-ja-per-al-raim-de-cava-son-ruinosos-per-als-productors","status":"publish","type":"post","link":"https:\/\/tucomarca.whitekongsoftware.com\/ca\/la-unio-denuncia-que-els-primers-preus-que-sofereixen-ja-per-al-raim-de-cava-son-ruinosos-per-als-productors\/","title":{"rendered":"La Uni\u00f3 denuncia que els primers preus que s&#8217;ofereixen ja per al ra\u00efm de cava s\u00f3n ru\u00efnosos per als productors"},"content":{"rendered":"\n<h4 class=\"wp-block-heading\">L&#8217;organitzaci\u00f3 no consentir\u00e0 cap contracte per davall dels costos de producci\u00f3 i en cas contrari traslladar\u00e0 la queixa a la AICA<\/h4>\n\n\n\n<h4 class=\"wp-block-heading\">\u00c9s el preludi d&#8217;una campanya que no s&#8217;inicia b\u00e9 per als llauradors malgrat el descens de collita i de la qualitat del ra\u00efm<\/h4>\n\n\n\n<p class=\"wp-block-paragraph\">La campanya de la imminent verema no comen\u00e7a b\u00e9 per als productors de la Comunitat Valenciana ja que els primers preus que ofereixen cooperatives i cellers pel ra\u00efm de cava tant en les varietats m\u00e9s primerenques com en les altres s\u00f3n molt baixos, segons LA UNI\u00d3 de Llauradors<\/p>\n\n\n\n<p class=\"wp-block-paragraph\">En un context de descens de collita a causa dels atacs del fong del m\u00edldiu i de les adversitats climatol\u00f2giques com la pedra, en la zona productora del cava de Requena s&#8217;espera al voltant d&#8217;un 30% menys de producci\u00f3 respecte a una campanya normal.<\/p>\n\n\n\n<p class=\"wp-block-paragraph\">LA UNI\u00d3 denuncia que els compradors volen pagar unes cotitzacions molt semblants a les de la passada campanya, bastant ru\u00efnoses per cert, quan la situaci\u00f3 no \u00e9s la mateixa perqu\u00e8 hi ha molta menys collita i a m\u00e9s la qualitat del ra\u00efm \u00e9s d&#8217;una gran qualitat i amb una alta graduaci\u00f3 per l&#8217;abs\u00e8ncia de pluges al llarg dels \u00faltims mesos.<\/p>\n\n\n\n<p class=\"wp-block-paragraph\">Tenint en compte la disminuci\u00f3 de producci\u00f3 de ra\u00efm tamb\u00e9 a Castella-la Manxa i Extremadura a causa de la sequera, i la p\u00e8rdua de producci\u00f3 tant a It\u00e0lia com a Fran\u00e7a per les gelades que van patir aquesta primavera, \u201cel l\u00f2gic seria pensar que a l&#8217;haver una menor oferta el preu seria superior al de l&#8217;any passat\u201d, assenyalen des de LA UNI\u00d3, per\u00f2 \u201cels primers contractes de compravenda no ho reflecteixen, sin\u00f3 tot el contrari\u201d.<\/p>\n\n\n\n<p class=\"wp-block-paragraph\">Els preus oferits pels cellers se situen aix\u00ed molt per davall dels costos de producci\u00f3, que \u00e9s el referent que exigeix la Llei de Millora de la Cadena Aliment\u00e0ria com a preu m\u00ednim al qual es pot signar un contracte.<\/p>\n\n\n\n<p class=\"wp-block-paragraph\">Per aix\u00f2, des de LA UNI\u00d3 s\u2019anuncia que es denunciar\u00e0 davant l&#8217;Ag\u00e8ncia d&#8217;Informaci\u00f3 i Control Alimentari (AICA) qualsevol contracte de compravenda de ra\u00efm per a vinificaci\u00f3 que estiga per davall dels costos de producci\u00f3 del ra\u00efm en la Comunitat Valenciana. Les p\u00e8rdues que es poden produir en aquest sector, entre la baixada de producci\u00f3 i els preus ru\u00efnosos que estan oferint els cellers, poden ser molt elevades. \u201cAnem a exigir de manera contundent i a vetlar des de la nostra organitzaci\u00f3 perqu\u00e8 no es pague cap quilo de ra\u00efm per davall del cost de producci\u00f3\u201d, assenyala Luis Javier Navarro, sotssecretari general de LA UNI\u00d3 de Llauradors. Informa, <strong>Luis Ib\u00e1\u00f1ez<\/strong>.<\/p>\n","protected":false},"excerpt":{"rendered":"<div class=\"mh-excerpt\">L&#8217;organitzaci\u00f3 no consentir\u00e0 cap contracte per davall dels costos de producci\u00f3 i en cas contrari traslladar\u00e0 la queixa a la AICA \u00c9s el preludi d&#8217;una campanya que no s&#8217;inicia b\u00e9 per als llauradors malgrat el <a class=\"mh-excerpt-more\" href=\"https:\/\/tucomarca.whitekongsoftware.com\/ca\/la-unio-denuncia-que-els-primers-preus-que-sofereixen-ja-per-al-raim-de-cava-son-ruinosos-per-als-productors\/\" title=\"La Uni\u00f3 denuncia que els primers preus que s&#8217;ofereixen ja per al ra\u00efm de cava s\u00f3n ru\u00efnosos per als productors\">[+] <\/a><\/div>\n","protected":false},"author":12,"featured_media":139689,"comment_status":"open","ping_status":"open","sticky":false,"template":"","format":"standard","meta":{"footnotes":""},"categories":[10890,10905,11006,11046,10948,10894,10904,10912,10902,10947,10909,10896],"tags":[15321,11927,12873],"class_list":["post-139690","post","type-post","status-publish","format-standard","has-post-thumbnail","category-ademus","category-agricultura-la-comarca-ca","category-canal-vinos","category-los-serranos-ca","category-infraestructuras-ca","category-la-comarca-ca","category-sin-categorizar-ca","category-la-hoya-ca","category-la-ribera-ca","category-politica","category-requena-utiel-ca","category-seccion-ca","tag-aica-ca","tag-la-unio-de-llauradors-ca","tag-sequia-ca"],"_links":{"self":[{"href":"https:\/\/tucomarca.whitekongsoftware.com\/ca\/wp-json\/wp\/v2\/posts\/139690","targetHints":{"allow":["GET"]}}],"collection":[{"href":"https:\/\/tucomarca.whitekongsoftware.com\/ca\/wp-json\/wp\/v2\/posts"}],"about":[{"href":"https:\/\/tucomarca.whitekongsoftware.com\/ca\/wp-json\/wp\/v2\/types\/post"}],"author":[{"embeddable":true,"href":"https:\/\/tucomarca.whitekongsoftware.com\/ca\/wp-json\/wp\/v2\/users\/12"}],"replies":[{"embeddable":true,"href":"https:\/\/tucomarca.whitekongsoftware.com\/ca\/wp-json\/wp\/v2\/comments?post=139690"}],"version-history":[{"count":0,"href":"https:\/\/tucomarca.whitekongsoftware.com\/ca\/wp-json\/wp\/v2\/posts\/139690\/revisions"}],"wp:featuredmedia":[{"embeddable":true,"href":"https:\/\/tucomarca.whitekongsoftware.com\/ca\/wp-json\/wp\/v2\/media\/139689"}],"wp:attachment":[{"href":"https:\/\/tucomarca.whitekongsoftware.com\/ca\/wp-json\/wp\/v2\/media?parent=139690"}],"wp:term":[{"taxonomy":"category","embeddable":true,"href":"https:\/\/tucomarca.whitekongsoftware.com\/ca\/wp-json\/wp\/v2\/categories?post=139690"},{"taxonomy":"post_tag","embeddable":true,"href":"https:\/\/tucomarca.whitekongsoftware.com\/ca\/wp-json\/wp\/v2\/tags?post=139690"}],"curies":[{"name":"wp","href":"https:\/\/api.w.org\/{rel}","templated":true}]}}