{"id":139504,"date":"2021-08-16T20:46:00","date_gmt":"2021-08-16T19:46:00","guid":{"rendered":"http:\/\/www.tucomarca.com\/wordpress\/segunda\/?p=139504"},"modified":"2021-08-17T00:26:31","modified_gmt":"2021-08-16T23:26:31","slug":"requena-tindra-una-produccio-de-raim-per-a-caves-de-gran-qualitat-pero-un-30-inferior-que-la-de-2020","status":"publish","type":"post","link":"https:\/\/tucomarca.whitekongsoftware.com\/ca\/requena-tindra-una-produccio-de-raim-per-a-caves-de-gran-qualitat-pero-un-30-inferior-que-la-de-2020\/","title":{"rendered":"Requena tindr\u00e0 una producci\u00f3 de ra\u00efm per a caves de gran qualitat; per\u00f2 un 30% inferior que la de 2020"},"content":{"rendered":"\n<p class=\"wp-block-paragraph\">La verema de les varietats de ra\u00efm per a caves de maduraci\u00f3 m\u00e9s primerenca com \u00e9s el cas de la Pinot Noir i la Chardonnay, est\u00e0 previst que s&#8217;inicie a la fi d&#8217;aquest mes en el municipi de Requena, l&#8217;\u00fanic de la Comunitat Valenciana integrat en la Denominaci\u00f3 d&#8217;Origen Cava.<br>La recol\u00b7lecci\u00f3 de la varietat de ra\u00efm Macabeu, que ocupa m\u00e9s del 70% de la superf\u00edcie de vinya autoritzada per a la producci\u00f3 de la beguda espumosa, est\u00e0 previst que comence a principis de setembre.<br>A causa del m\u00edldiu, les gelades i la calamarsa, els viticultors esperen recol\u00b7lectar un 30% menys de ra\u00efm que en una campanya normal.<br>Segons coincideixen a afirmar viticultors del municipi requenense, la sanitat i qualitat del ra\u00efm ser\u00e0 molt bona aquest any degut a l&#8217;escassa pluviometria dels \u00faltims mesos.<br>Quant als preus que les empreses elaboradores de cava pagaran pel ra\u00efm, des del sector productor confirmen que encara no hi ha res concret. No obstant aix\u00f2, hi ha productors que asseguren que els compradors &#8220;pretenen pagar preus similars als que van regir en la passada campanya, que van ser considerats com a ru\u00efnosos\u201d. Informa,<strong> Luis Ib\u00e1\u00f1ez<\/strong><\/p>\n\n\n\n<p class=\"wp-block-paragraph\"><\/p>\n","protected":false},"excerpt":{"rendered":"<div class=\"mh-excerpt\">La verema de les varietats de ra\u00efm per a caves de maduraci\u00f3 m\u00e9s primerenca com \u00e9s el cas de la Pinot Noir i la Chardonnay, est\u00e0 previst que s&#8217;inicie a la fi d&#8217;aquest mes en <a class=\"mh-excerpt-more\" href=\"https:\/\/tucomarca.whitekongsoftware.com\/ca\/requena-tindra-una-produccio-de-raim-per-a-caves-de-gran-qualitat-pero-un-30-inferior-que-la-de-2020\/\" title=\"Requena tindr\u00e0 una producci\u00f3 de ra\u00efm per a caves de gran qualitat; per\u00f2 un 30% inferior que la de 2020\">[+] <\/a><\/div>\n","protected":false},"author":12,"featured_media":131413,"comment_status":"open","ping_status":"open","sticky":false,"template":"","format":"standard","meta":{"footnotes":""},"categories":[10905,11006,10894,10908,10909,10896],"tags":[13148,11099,11459,15297],"class_list":["post-139504","post","type-post","status-publish","format-standard","has-post-thumbnail","category-agricultura-la-comarca-ca","category-canal-vinos","category-la-comarca-ca","category-requena-ca","category-requena-utiel-ca","category-seccion-ca","tag-cava-de-requena-ca","tag-requena-ca","tag-utiel-requena-ca","tag-uvas-ca"],"_links":{"self":[{"href":"https:\/\/tucomarca.whitekongsoftware.com\/ca\/wp-json\/wp\/v2\/posts\/139504","targetHints":{"allow":["GET"]}}],"collection":[{"href":"https:\/\/tucomarca.whitekongsoftware.com\/ca\/wp-json\/wp\/v2\/posts"}],"about":[{"href":"https:\/\/tucomarca.whitekongsoftware.com\/ca\/wp-json\/wp\/v2\/types\/post"}],"author":[{"embeddable":true,"href":"https:\/\/tucomarca.whitekongsoftware.com\/ca\/wp-json\/wp\/v2\/users\/12"}],"replies":[{"embeddable":true,"href":"https:\/\/tucomarca.whitekongsoftware.com\/ca\/wp-json\/wp\/v2\/comments?post=139504"}],"version-history":[{"count":0,"href":"https:\/\/tucomarca.whitekongsoftware.com\/ca\/wp-json\/wp\/v2\/posts\/139504\/revisions"}],"wp:featuredmedia":[{"embeddable":true,"href":"https:\/\/tucomarca.whitekongsoftware.com\/ca\/wp-json\/wp\/v2\/media\/131413"}],"wp:attachment":[{"href":"https:\/\/tucomarca.whitekongsoftware.com\/ca\/wp-json\/wp\/v2\/media?parent=139504"}],"wp:term":[{"taxonomy":"category","embeddable":true,"href":"https:\/\/tucomarca.whitekongsoftware.com\/ca\/wp-json\/wp\/v2\/categories?post=139504"},{"taxonomy":"post_tag","embeddable":true,"href":"https:\/\/tucomarca.whitekongsoftware.com\/ca\/wp-json\/wp\/v2\/tags?post=139504"}],"curies":[{"name":"wp","href":"https:\/\/api.w.org\/{rel}","templated":true}]}}