{"id":139483,"date":"2021-08-13T19:00:00","date_gmt":"2021-08-13T18:00:00","guid":{"rendered":"http:\/\/www.tucomarca.com\/wordpress\/segunda\/?p=139483"},"modified":"2021-08-13T21:28:46","modified_gmt":"2021-08-13T20:28:46","slug":"sanitat-registra-1-439-nous-casos-de-coronavirus-i-2-427-altes-en-la-comunitat-valenciana","status":"publish","type":"post","link":"https:\/\/tucomarca.whitekongsoftware.com\/ca\/sanitat-registra-1-439-nous-casos-de-coronavirus-i-2-427-altes-en-la-comunitat-valenciana\/","title":{"rendered":"Sanitat registra 1.439 nous casos de coronavirus i 2.427 altes en la Comunitat Valenciana"},"content":{"rendered":"\n<h4 class=\"wp-block-heading\">Nous contagis: 135 registrats a la prov\u00edncia de Castell\u00f3, 657 en la d&#8217;Alacant i 647 en la de Val\u00e8ncia<\/h4>\n\n\n\n<h4 class=\"wp-block-heading\">Un total de 3.054.625 persones ja ha rebut la pauta completa<\/h4>\n\n\n\n<p class=\"wp-block-paragraph\">Un total de 3.651.318 han rebut ja una dosi de la vacuna contra el coronavirus en la Comunitat Valenciana. A m\u00e9s, en aquests moments compten amb la pauta completa d&#8217;immunitzaci\u00f3 (dues dosis per a Pfizer, Moderna i AstraZeneca; la monodosis de Janssen i una dosi de qualsevol vacuna en les persones amb antecedents d&#8217;haver passat la COVID) 3.054.625 persones, de les quals 360.449 han sigut vacunades a la prov\u00edncia de Castell\u00f3, 1.091.277 en la d&#8217;Alacant i 1.602.899 en la de Val\u00e8ncia.<\/p>\n\n\n\n<p class=\"wp-block-paragraph\">D&#8217;altra banda, des de l&#8217;\u00faltima actualitzaci\u00f3, la Conselleria de Sanitat Universal i Salut P\u00fablica ha notificat 1.439 casos nous de coronavirus confirmats per prova PCR o a trav\u00e9s de test d&#8217;ant\u00edgens, que situen la xifra total de positius en 486.334 persones. Per prov\u00edncies, 135 s&#8217;han registrat en la de Castell\u00f3 (50.320 en total); 657 en la d&#8217;Alacant (175.310 en total) i 647 en la de Val\u00e8ncia (260.700 en total). El total de casos no assignats es mant\u00e9 en 4.<\/p>\n\n\n\n<p class=\"wp-block-paragraph\">A m\u00e9s, s&#8217;han registrat 2.427 altes a pacients amb coronavirus. D&#8217;aquesta manera, el nombre de persones que han superat la malaltia des que va comen\u00e7ar la pand\u00e8mia en la Comunitat Valenciana ascendeix a 470.521 persones. Per prov\u00edncies, les altes es distribueixen aix\u00ed: 48.862 a Castell\u00f3, 167.577 a Alacant i 254.024 a Val\u00e8ncia. El total d&#8217;altes no assignades es mant\u00e9 en 58.<\/p>\n\n\n\n<p class=\"wp-block-paragraph\">Els hospitals valencians tenen, actualment, 573 persones ingressades, 95 d&#8217;elles en l&#8217;UCI: 82 a la prov\u00edncia de Castell\u00f3, 15 en UCI; 191 a la prov\u00edncia d&#8217;Alacant, 28 d&#8217;elles en l&#8217;UCI; i 300 a la prov\u00edncia de Val\u00e8ncia, 52 d&#8217;elles en UCI.<\/p>\n\n\n\n<p class=\"wp-block-paragraph\">A m\u00e9s, s&#8217;han registrat 6 defuncions (cinc en els \u00faltims 7 dies i un altre de juliol de 2021), per la qual cosa el total de decessos des de l&#8217;inici de la pand\u00e8mia se situa en 7.566: 818 a la prov\u00edncia de Castell\u00f3, 2.876 en la d&#8217;Alacant i 3.872 en la de Val\u00e8ncia.<\/p>\n\n\n\n<p class=\"wp-block-paragraph\">D&#8217;acord amb les dades registrades, en aquests moments hi ha 19.702 casos actius, la qual cosa suposa un 3,96% del total de positius.<\/p>\n\n\n\n<p class=\"wp-block-paragraph\">Dels brots registrats, quatre tenen 10 o m\u00e9s casos associats i s\u00f3n d&#8217;origen social:<\/p>\n\n\n\n<ul class=\"wp-block-list\"><li>Senyera: 11 casos. Origen social<\/li><li>Benet\u00fasser: 10 casos. Origen social<\/li><li>L&#8217;Alf\u00e0s del Pi: 13 casos. Origen laboral<\/li><\/ul>\n","protected":false},"excerpt":{"rendered":"<div class=\"mh-excerpt\">Nous contagis: 135 registrats a la prov\u00edncia de Castell\u00f3, 657 en la d&#8217;Alacant i 647 en la de Val\u00e8ncia Un total de 3.054.625 persones ja ha rebut la pauta completa Un total de 3.651.318 han <a class=\"mh-excerpt-more\" href=\"https:\/\/tucomarca.whitekongsoftware.com\/ca\/sanitat-registra-1-439-nous-casos-de-coronavirus-i-2-427-altes-en-la-comunitat-valenciana\/\" title=\"Sanitat registra 1.439 nous casos de coronavirus i 2.427 altes en la Comunitat Valenciana\">[+] <\/a><\/div>\n","protected":false},"author":12,"featured_media":139216,"comment_status":"open","ping_status":"open","sticky":false,"template":"","format":"standard","meta":{"footnotes":""},"categories":[11010,12202,10898,10948,10894,10904,10947,10896,10897],"tags":[12165,11939,11940,13477,13963],"class_list":["post-139483","post","type-post","status-publish","format-standard","has-post-thumbnail","category-canal-salud","category-covid-19-ca","category-ventana-ca","category-infraestructuras-ca","category-la-comarca-ca","category-sin-categorizar-ca","category-politica","category-seccion-ca","category-sucesos-la-comarca-ca","tag-conselleria-de-sanitat-ca","tag-coronavirus-ca","tag-covid-19-ca","tag-datos-de-contagios-ca","tag-vacunacion-ca"],"_links":{"self":[{"href":"https:\/\/tucomarca.whitekongsoftware.com\/ca\/wp-json\/wp\/v2\/posts\/139483","targetHints":{"allow":["GET"]}}],"collection":[{"href":"https:\/\/tucomarca.whitekongsoftware.com\/ca\/wp-json\/wp\/v2\/posts"}],"about":[{"href":"https:\/\/tucomarca.whitekongsoftware.com\/ca\/wp-json\/wp\/v2\/types\/post"}],"author":[{"embeddable":true,"href":"https:\/\/tucomarca.whitekongsoftware.com\/ca\/wp-json\/wp\/v2\/users\/12"}],"replies":[{"embeddable":true,"href":"https:\/\/tucomarca.whitekongsoftware.com\/ca\/wp-json\/wp\/v2\/comments?post=139483"}],"version-history":[{"count":0,"href":"https:\/\/tucomarca.whitekongsoftware.com\/ca\/wp-json\/wp\/v2\/posts\/139483\/revisions"}],"wp:featuredmedia":[{"embeddable":true,"href":"https:\/\/tucomarca.whitekongsoftware.com\/ca\/wp-json\/wp\/v2\/media\/139216"}],"wp:attachment":[{"href":"https:\/\/tucomarca.whitekongsoftware.com\/ca\/wp-json\/wp\/v2\/media?parent=139483"}],"wp:term":[{"taxonomy":"category","embeddable":true,"href":"https:\/\/tucomarca.whitekongsoftware.com\/ca\/wp-json\/wp\/v2\/categories?post=139483"},{"taxonomy":"post_tag","embeddable":true,"href":"https:\/\/tucomarca.whitekongsoftware.com\/ca\/wp-json\/wp\/v2\/tags?post=139483"}],"curies":[{"name":"wp","href":"https:\/\/api.w.org\/{rel}","templated":true}]}}