{"id":139429,"date":"2021-08-13T10:30:00","date_gmt":"2021-08-13T09:30:00","guid":{"rendered":"http:\/\/www.tucomarca.com\/wordpress\/segunda\/?p=139429"},"modified":"2021-08-13T13:25:17","modified_gmt":"2021-08-13T12:25:17","slug":"cap-de-setmana-de-concerts-a-ma-a-lauditori-de-sant-lluis-a-carrec-de-les-dues-societats-musicals-de-bunyol-a-benefici-de-la-aecc","status":"publish","type":"post","link":"https:\/\/tucomarca.whitekongsoftware.com\/ca\/cap-de-setmana-de-concerts-a-ma-a-lauditori-de-sant-lluis-a-carrec-de-les-dues-societats-musicals-de-bunyol-a-benefici-de-la-aecc\/","title":{"rendered":"Cap de setmana de concerts A-M\u00e0 a l&#8217;Auditori de Sant Llu\u00eds a c\u00e0rrec de les dues societats musicals de Bunyol a benefici de la AECC"},"content":{"rendered":"\n<h4 class=\"wp-block-heading\">Hui divendres i dem\u00e0 dissabte a les 22.30h a l&#8217;Auditori de Sant Llu\u00eds de Bu\u00f1ol se celebren dos grans concerts d&#8217;excel\u00b7lent qualitat musical a c\u00e0rrec de les dues bandes simf\u00f2niques de les societats musicals bunyolenses. Hui \u00e9s el torn de l&#8217;Art\u00edstica i dem\u00e0 de l&#8217;Harm\u00f2nica.&nbsp;<\/h4>\n\n\n\n<figure class=\"wp-block-image size-large\"><img loading=\"lazy\" decoding=\"async\" width=\"960\" height=\"960\" src=\"http:\/\/www.tucomarca.com\/wordpress\/segunda\/wp-content\/uploads\/2021\/08\/LITRO.jpg\" alt=\"\" class=\"wp-image-139446\" srcset=\"https:\/\/tucomarca.whitekongsoftware.com\/wp-content\/uploads\/2021\/08\/LITRO.jpg 960w, https:\/\/tucomarca.whitekongsoftware.com\/wp-content\/uploads\/2021\/08\/LITRO-300x300.jpg 300w, https:\/\/tucomarca.whitekongsoftware.com\/wp-content\/uploads\/2021\/08\/LITRO-290x290.jpg 290w, https:\/\/tucomarca.whitekongsoftware.com\/wp-content\/uploads\/2021\/08\/LITRO-768x768.jpg 768w\" sizes=\"auto, (max-width: 960px) 100vw, 960px\" \/><\/figure>\n\n\n\n<p class=\"wp-block-paragraph\">Juan Luis Pall\u00e1s, regidor de Cultura a l&#8217;Ajuntament de Bu\u00f1ol, s&#8217;ha mostrat molt satisfet per l&#8217;immillorable treball d&#8217;excel\u00b7lent qualitat que es posar\u00e0 en escena sobre l&#8217;escenari de l&#8217;Auditori de Sant Llu\u00eds aquesta nit i dem\u00e0 a la nit.&nbsp;<\/p>\n\n\n\n<p class=\"wp-block-paragraph\">\u201cTotes dues societats musicals han realitzat des del comen\u00e7ament de la pand\u00e8mia un esfor\u00e7 ingent per mantindre l&#8217;escola de m\u00fasica oberta, oferir concerts i assajos segurs i ara \u00e9s moment que tots els bu\u00f1olenses puguem comprovar amb excel\u00b7lents programes aqueix esfor\u00e7 i que Bu\u00f1ol \u00e9s cultura, Bu\u00f1ol \u00e9s m\u00fasica, i que compta amb les dues millors bandes simf\u00f2niques del m\u00f3n\u201d, recordava Pall\u00e1s.<\/p>\n\n\n\n<p class=\"wp-block-paragraph\">A m\u00e9s, aquests concerts reflecteixen al 100% la idiosincr\u00e0sia de tot un poble unit per la m\u00fasica, i per la solidaritat, \u201cja que encara que l&#8217;entrada \u00e9s gratu\u00efta en entrar tindran guardioles de l&#8217;Associaci\u00f3 Espanyola contra el C\u00e0ncer per a poder fer el seu donatiu que anir\u00e0 \u00edntegrament a la investigaci\u00f3 d&#8217;aquesta malaltia\u201d, recordava l&#8217;edil del ram.<\/p>\n\n\n\n<p class=\"wp-block-paragraph\">Enguany la AECC de Bu\u00f1ol no ha pogut realitzar acaptes ni els seus actes multitudinaris seguits per tota la poblaci\u00f3 com el Run C\u00e0ncer o el sopar solidari. Aix\u00ed que s&#8217;espera que amb l&#8217;assist\u00e8ncia de tots els aficionats a la bona m\u00fasica puguen rebre molts donatius.&nbsp;<\/p>\n\n\n\n<p class=\"wp-block-paragraph\">L&#8217;aforament de l&#8217;Auditori de Sant Llu\u00eds est\u00e0 limitat al 50% de la seua capacitat, s&#8217;exigeix m\u00e0scara obligat\u00f2ria i asseure&#8217;s solament amb els convivents, a m\u00e9s de la presa de temperatura i registre de nom i tel\u00e8fon a l&#8217;entrada al recinte. Bu\u00f1ol va ser pioner en la realitzaci\u00f3 de concerts a l&#8217;aire lliure el passat estiu i continua bolcant-se amb la cultura segura.<\/p>\n\n\n\n<figure class=\"wp-block-gallery columns-2 is-cropped wp-block-gallery-1 is-layout-flex wp-block-gallery-is-layout-flex\"><ul class=\"blocks-gallery-grid\"><li class=\"blocks-gallery-item\"><figure><img loading=\"lazy\" decoding=\"async\" width=\"721\" height=\"1024\" src=\"http:\/\/www.tucomarca.com\/wordpress\/segunda\/wp-content\/uploads\/2021\/08\/BunolACTUA14agosto2-1-721x1024.jpg\" alt=\"\" data-id=\"139455\" data-full-url=\"http:\/\/www.tucomarca.com\/wordpress\/segunda\/wp-content\/uploads\/2021\/08\/BunolACTUA14agosto2-1.jpg\" data-link=\"http:\/\/www.tucomarca.com\/wordpress\/segunda\/ca\/cap-de-setmana-de-concerts-a-ma-a-lauditori-de-sant-lluis-a-carrec-de-les-dues-societats-musicals-de-bunyol-a-benefici-de-la-aecc\/bunolactua14agosto2-1-2\/\" class=\"wp-image-139455\" srcset=\"https:\/\/tucomarca.whitekongsoftware.com\/wp-content\/uploads\/2021\/08\/BunolACTUA14agosto2-1-721x1024.jpg 721w, https:\/\/tucomarca.whitekongsoftware.com\/wp-content\/uploads\/2021\/08\/BunolACTUA14agosto2-1-211x300.jpg 211w, https:\/\/tucomarca.whitekongsoftware.com\/wp-content\/uploads\/2021\/08\/BunolACTUA14agosto2-1-768x1090.jpg 768w, https:\/\/tucomarca.whitekongsoftware.com\/wp-content\/uploads\/2021\/08\/BunolACTUA14agosto2-1.jpg 787w\" sizes=\"auto, (max-width: 721px) 100vw, 721px\" \/><\/figure><\/li><li class=\"blocks-gallery-item\"><figure><img loading=\"lazy\" decoding=\"async\" width=\"642\" height=\"984\" src=\"http:\/\/www.tucomarca.com\/wordpress\/segunda\/wp-content\/uploads\/2021\/08\/BunolACTUA14agosto1-1.jpg\" alt=\"\" data-id=\"139453\" data-full-url=\"http:\/\/www.tucomarca.com\/wordpress\/segunda\/wp-content\/uploads\/2021\/08\/BunolACTUA14agosto1-1.jpg\" data-link=\"http:\/\/www.tucomarca.com\/wordpress\/segunda\/ca\/cap-de-setmana-de-concerts-a-ma-a-lauditori-de-sant-lluis-a-carrec-de-les-dues-societats-musicals-de-bunyol-a-benefici-de-la-aecc\/bunolactua14agosto1-1-2\/\" class=\"wp-image-139453\" srcset=\"https:\/\/tucomarca.whitekongsoftware.com\/wp-content\/uploads\/2021\/08\/BunolACTUA14agosto1-1.jpg 642w, https:\/\/tucomarca.whitekongsoftware.com\/wp-content\/uploads\/2021\/08\/BunolACTUA14agosto1-1-196x300.jpg 196w\" sizes=\"auto, (max-width: 642px) 100vw, 642px\" \/><\/figure><\/li><\/ul><\/figure>\n\n\n\n<p class=\"wp-block-paragraph\">La setmana que ve es tancar\u00e0 aquest cicle d&#8217;estiu 2021-&#8220;Cultura a-M\u00e0&#8221;, amb un concert de M\u00fasica Barroca, a c\u00e0rrec del Grup de Metalls Bu\u00f1ol. El Concert ser\u00e0 a l&#8217;Esgl\u00e9sia de Sant Pere Apostol a les 20 hores. L&#8217;aforament \u00e9s limitat a 150 espectadors.<br>L&#8217;entrada \u00e9s gratu\u00efta, per\u00f2 cal presentar-la abans d&#8217;entrar en el moment de fer el registre d&#8217;assistents.<br>Les entrades fins a fi d&#8217;exist\u00e8ncies, poden retirar-se a la Biblioteca Municipal. a partir del dilluns 16 d&#8217;agost de 10 a 14 hores.<\/p>\n","protected":false},"excerpt":{"rendered":"<div class=\"mh-excerpt\">Hui divendres i dem\u00e0 dissabte a les 22.30h a l&#8217;Auditori de Sant Llu\u00eds de Bu\u00f1ol se celebren dos grans concerts d&#8217;excel\u00b7lent qualitat musical a c\u00e0rrec de les dues bandes simf\u00f2niques de les societats musicals bunyolenses. <a class=\"mh-excerpt-more\" href=\"https:\/\/tucomarca.whitekongsoftware.com\/ca\/cap-de-setmana-de-concerts-a-ma-a-lauditori-de-sant-lluis-a-carrec-de-les-dues-societats-musicals-de-bunyol-a-benefici-de-la-aecc\/\" title=\"Cap de setmana de concerts A-M\u00e0 a l&#8217;Auditori de Sant Llu\u00eds a c\u00e0rrec de les dues societats musicals de Bunyol a benefici de la AECC\">[+] <\/a><\/div>\n","protected":false},"author":12,"featured_media":139448,"comment_status":"open","ping_status":"open","sticky":false,"template":"","format":"standard","meta":{"footnotes":""},"categories":[10911,11005,10894,10912,11004,11007,10896],"tags":[11425,10913,11209,15006,10914,11154],"class_list":["post-139429","post","type-post","status-publish","format-standard","has-post-thumbnail","category-bunol-ca","category-canal-musica","category-la-comarca-ca","category-la-hoya-ca","category-la-semana-en-imagenes-ca","category-ocio-y-cultura-ca","category-seccion-ca","tag-aecc-bunol-ca","tag-bunol-ca","tag-cim-la-armonica-de-bunol-ca","tag-cultura-a-mano-ca","tag-la-hoya-de-bunol-chiva-ca","tag-sm-la-artistica-de-bunol-ca"],"_links":{"self":[{"href":"https:\/\/tucomarca.whitekongsoftware.com\/ca\/wp-json\/wp\/v2\/posts\/139429","targetHints":{"allow":["GET"]}}],"collection":[{"href":"https:\/\/tucomarca.whitekongsoftware.com\/ca\/wp-json\/wp\/v2\/posts"}],"about":[{"href":"https:\/\/tucomarca.whitekongsoftware.com\/ca\/wp-json\/wp\/v2\/types\/post"}],"author":[{"embeddable":true,"href":"https:\/\/tucomarca.whitekongsoftware.com\/ca\/wp-json\/wp\/v2\/users\/12"}],"replies":[{"embeddable":true,"href":"https:\/\/tucomarca.whitekongsoftware.com\/ca\/wp-json\/wp\/v2\/comments?post=139429"}],"version-history":[{"count":0,"href":"https:\/\/tucomarca.whitekongsoftware.com\/ca\/wp-json\/wp\/v2\/posts\/139429\/revisions"}],"wp:featuredmedia":[{"embeddable":true,"href":"https:\/\/tucomarca.whitekongsoftware.com\/ca\/wp-json\/wp\/v2\/media\/139448"}],"wp:attachment":[{"href":"https:\/\/tucomarca.whitekongsoftware.com\/ca\/wp-json\/wp\/v2\/media?parent=139429"}],"wp:term":[{"taxonomy":"category","embeddable":true,"href":"https:\/\/tucomarca.whitekongsoftware.com\/ca\/wp-json\/wp\/v2\/categories?post=139429"},{"taxonomy":"post_tag","embeddable":true,"href":"https:\/\/tucomarca.whitekongsoftware.com\/ca\/wp-json\/wp\/v2\/tags?post=139429"}],"curies":[{"name":"wp","href":"https:\/\/api.w.org\/{rel}","templated":true}]}}