{"id":139345,"date":"2021-08-12T10:15:00","date_gmt":"2021-08-12T09:15:00","guid":{"rendered":"http:\/\/www.tucomarca.com\/wordpress\/segunda\/?p=139345"},"modified":"2021-08-12T20:29:05","modified_gmt":"2021-08-12T19:29:05","slug":"riba-roja-deixara-lentrada-lliure-a-la-piscina-municipal-davant-lonada-de-calor-daquests-dies-i-mobilitza-els-seus-efectius-davant-el-risc-dincendi","status":"publish","type":"post","link":"https:\/\/tucomarca.whitekongsoftware.com\/ca\/riba-roja-deixara-lentrada-lliure-a-la-piscina-municipal-davant-lonada-de-calor-daquests-dies-i-mobilitza-els-seus-efectius-davant-el-risc-dincendi\/","title":{"rendered":"Riba-roja deixar\u00e0 l&#8217;entrada lliure a la piscina municipal davant l&#8217;onada de calor d&#8217;aquests dies i mobilitza els seus efectius davant el risc d&#8217;incendi"},"content":{"rendered":"\n<p class=\"wp-block-paragraph\">L&#8217;alcalde de Riba-roja de T\u00faria, Robert Raga, s&#8217;ha reunit aquest dijous 12 d&#8217;agost amb la prefectura de la Policia Local, Protecci\u00f3 Civil i la Gu\u00e0rdia Civil per a tractar l&#8217;onada de calor que ha posat en zona de risc tota la Comunitat Valenciana i zones d&#8217;alt risc d&#8217;incendi.<br>&nbsp;<br>Raga ha demanat refor\u00e7ar la vigil\u00e0ncia de la zona del Parc Natural del T\u00faria, la Vallesa, El Flare, Els Rodanes, les urbanitzacions i els disseminats per a previndre qualsevol tipus d&#8217;incendi. A m\u00e9s, la Generalitat Valenciana ha decisi\u00f3 limitar l&#8217;acc\u00e9s al propi parc natural per a evitar qualsevol tipus de situaci\u00f3 de risc.&nbsp;<br>&nbsp;<br>\u201cEs tracta d&#8217;una labor molt important per part dels cossos i seguretat en la prevenci\u00f3 davant les altes temperatures que s&#8217;esperen per als pr\u00f2xims dies, per aix\u00f2, mantindrem una vigil\u00e0ncia especial al parc natural, per a protegir aquest patrimoni natural i tamb\u00e9 per a evitar un risc per a les persones, tenint en compte la ubicaci\u00f3 de nuclis habitats en aquesta zona\u201d, ha afirmat l&#8217;alcalde.&nbsp;<br>&nbsp;<br>Raga ha informat a m\u00e9s que, a causa de les altes temperatures, l&#8217;acc\u00e9s a la piscina municipal ser\u00e0 gratu\u00eft a partir d&#8217;aquest pr\u00f2xim divendres fins al diumenge, fins a completar aforament i amb les mesures de seguretat necess\u00e0ries per la situaci\u00f3 sanit\u00e0ria.<br>&nbsp;<br>\u201c\u00c9s una mesura que ja hem pres en anteriors ocasions i que permet que els nostres ve\u00efns i ve\u00efnes puguen accedir a un punt d&#8217;aigua vigilat, per a evitar aix\u00ed m\u00e9s aglomeracions al parc natural i qualsevol risc d&#8217;incendi o de colp de calor\u201d ha afegit Raga alhora que ha recalcat la import\u00e0ncia d&#8217;hidratar-se i seguir els consells del centre d&#8217;emerg\u00e8ncies.<\/p>\n","protected":false},"excerpt":{"rendered":"<div class=\"mh-excerpt\">L&#8217;alcalde de Riba-roja de T\u00faria, Robert Raga, s&#8217;ha reunit aquest dijous 12 d&#8217;agost amb la prefectura de la Policia Local, Protecci\u00f3 Civil i la Gu\u00e0rdia Civil per a tractar l&#8217;onada de calor que ha posat <a class=\"mh-excerpt-more\" href=\"https:\/\/tucomarca.whitekongsoftware.com\/ca\/riba-roja-deixara-lentrada-lliure-a-la-piscina-municipal-davant-lonada-de-calor-daquests-dies-i-mobilitza-els-seus-efectius-davant-el-risc-dincendi\/\" title=\"Riba-roja deixar\u00e0 l&#8217;entrada lliure a la piscina municipal davant l&#8217;onada de calor d&#8217;aquests dies i mobilitza els seus efectius davant el risc d&#8217;incendi\">[+] <\/a><\/div>\n","protected":false},"author":12,"featured_media":139343,"comment_status":"open","ping_status":"open","sticky":false,"template":"","format":"standard","meta":{"footnotes":""},"categories":[10892,10948,10894,10904,10903,10906,10896],"tags":[10899,11102],"class_list":["post-139345","post","type-post","status-publish","format-standard","has-post-thumbnail","category-camp-de-turia-ca","category-infraestructuras-ca","category-la-comarca-ca","category-sin-categorizar-ca","category-medio-ambiente-la-comarca-ca","category-riba-roja-ca","category-seccion-ca","tag-camp-de-turia-ca","tag-riba-roja-2-ca"],"_links":{"self":[{"href":"https:\/\/tucomarca.whitekongsoftware.com\/ca\/wp-json\/wp\/v2\/posts\/139345","targetHints":{"allow":["GET"]}}],"collection":[{"href":"https:\/\/tucomarca.whitekongsoftware.com\/ca\/wp-json\/wp\/v2\/posts"}],"about":[{"href":"https:\/\/tucomarca.whitekongsoftware.com\/ca\/wp-json\/wp\/v2\/types\/post"}],"author":[{"embeddable":true,"href":"https:\/\/tucomarca.whitekongsoftware.com\/ca\/wp-json\/wp\/v2\/users\/12"}],"replies":[{"embeddable":true,"href":"https:\/\/tucomarca.whitekongsoftware.com\/ca\/wp-json\/wp\/v2\/comments?post=139345"}],"version-history":[{"count":0,"href":"https:\/\/tucomarca.whitekongsoftware.com\/ca\/wp-json\/wp\/v2\/posts\/139345\/revisions"}],"wp:featuredmedia":[{"embeddable":true,"href":"https:\/\/tucomarca.whitekongsoftware.com\/ca\/wp-json\/wp\/v2\/media\/139343"}],"wp:attachment":[{"href":"https:\/\/tucomarca.whitekongsoftware.com\/ca\/wp-json\/wp\/v2\/media?parent=139345"}],"wp:term":[{"taxonomy":"category","embeddable":true,"href":"https:\/\/tucomarca.whitekongsoftware.com\/ca\/wp-json\/wp\/v2\/categories?post=139345"},{"taxonomy":"post_tag","embeddable":true,"href":"https:\/\/tucomarca.whitekongsoftware.com\/ca\/wp-json\/wp\/v2\/tags?post=139345"}],"curies":[{"name":"wp","href":"https:\/\/api.w.org\/{rel}","templated":true}]}}