{"id":139207,"date":"2021-08-10T18:05:00","date_gmt":"2021-08-10T17:05:00","guid":{"rendered":"http:\/\/www.tucomarca.com\/wordpress\/segunda\/?p=139207"},"modified":"2021-08-10T21:27:47","modified_gmt":"2021-08-10T20:27:47","slug":"oltra-destaca-durant-la-seua-visita-a-millares-la-contribucio-al-be-comu-dels-joves-que-dediquen-el-seu-temps-a-la-collectivitat-en-els-camps-de-voluntariat","status":"publish","type":"post","link":"https:\/\/tucomarca.whitekongsoftware.com\/ca\/oltra-destaca-durant-la-seua-visita-a-millares-la-contribucio-al-be-comu-dels-joves-que-dediquen-el-seu-temps-a-la-collectivitat-en-els-camps-de-voluntariat\/","title":{"rendered":"Oltra destaca durant la seua visita a Millares la contribuci\u00f3 &#8220;al b\u00e9 com\u00fa&#8221; dels joves que dediquen el seu temps a la col\u00b7lectivitat en els camps de voluntariat"},"content":{"rendered":"\n<h4 class=\"wp-block-heading\">La vicepresidenta ha visitat el camp de voluntariat juvenil d&#8217;Arqueologia El Castillet de Millares organitzat per l&#8217;IVAJ<\/h4>\n\n\n\n<h4 class=\"wp-block-heading\">Amb la col\u00b7laboraci\u00f3 de l&#8217;Ajuntament de Millares, 15 joves de 18 a 30 anys realitzen el seu voluntariat en la fortalesa isl\u00e0mica<\/h4>\n\n\n\n<p class=\"wp-block-paragraph\">La vicepresidenta i consellera d&#8217;Igualtat i Pol\u00edtiques Inclusives, M\u00f3nica Oltra, ha destacat &#8220;la contribuci\u00f3 al b\u00e9 com\u00fa&#8221; de les persones joves que dediquen el seu temps lliure i de vacances a la col\u00b7lectivitat en els camps de voluntariat juvenil organitzats per l&#8217;Institut Valenci\u00e0 de la Joventut (IVAJ).<\/p>\n\n\n\n<p class=\"wp-block-paragraph\">La vicepresidenta ha visitat el camp d&#8217;arqueologia El Castillet de Millares on 15 joves de 18 a 30 anys estan realitzant labors d&#8217;excavaci\u00f3 en la fortalesa isl\u00e0mica que va ser catalogada B\u00e9 d&#8217;Inter\u00e9s Cultural en 2002.<\/p>\n\n\n\n<p class=\"wp-block-paragraph\">En la seua visita al camp, Oltra ha assenyalat que aquests i aquestes joves &#8220;s\u00f3n gent que suma amb el seu treball, malgrat l&#8217;estigmatitzaci\u00f3 a la qual se&#8217;ls ha sotm\u00e9s en les \u00faltimes setmanes&#8221;, \u00e9s la joventut que contribueix &#8220;de manera volunt\u00e0ria i desinteressada&#8221; a la recuperaci\u00f3 del patrimoni hist\u00f2ric valenci\u00e0.<\/p>\n\n\n\n<p class=\"wp-block-paragraph\">La vicepresidenta ha assenyalat que el treball que estan realitzant &#8220;posa en valor municipis de l&#8217;interior de la Comunitat Valenciana&#8221;, amb l&#8217;impacte en l&#8217;economia local que genera, i &#8220;d\u00f3na a con\u00e9ixer&#8221; poblacions com Millares, l&#8217;art rupestre de les quals pertany a l&#8217;Arc Mediterrani de la Pen\u00ednsula Ib\u00e8rica, declarat Patrimoni Mundial per la Unesco en 1998.<\/p>\n\n\n\n<p class=\"wp-block-paragraph\">Per part seua, l&#8217;alcalde de Millares, Ricardo P\u00e9rez, ha incidisc en qu\u00e8 &#8220;aquest camp de voluntariat juvenil est\u00e0 permetent actuar, durant aquesta primera quinzena d&#8217;agost, en un dels nostres elements patrimonials m\u00e9s significatius, com \u00e9s El Castillet, que consisteix en una excavaci\u00f3 arqueol\u00f2gica extra murs&#8221;.<\/p>\n\n\n\n<p class=\"wp-block-paragraph\">P\u00e9rez recalca que &#8220;aquesta \u00e9s una experi\u00e8ncia \u00fanica per als i les joves que estan participant, que no sols els enriquir\u00e0 ajudant a posar en valor aquesta fortalesa medieval, sin\u00f3 que els donar\u00e0 l&#8217;oportunitat de con\u00e9ixer el nostre meravell\u00f3s poble&#8221;.<\/p>\n\n\n\n<p class=\"wp-block-paragraph\">&#8220;A m\u00e9s, estan allotjats en l&#8217;alberg municipal, obert des de fa uns mesos i que, sens dubte, \u00e9s ideal no sols per les seues infraestructures i servei d&#8217;allotjament sin\u00f3 tamb\u00e9 per la seua proximitat al lloc de treball&#8221; finalitza l&#8217;alcalde.<\/p>\n\n\n\n<p class=\"wp-block-paragraph\">&#8216;Viu la solidaritat&#8217;<\/p>\n\n\n\n<p class=\"wp-block-paragraph\">Dins del programa &#8216;Viu la solidaritat&#8217;, l&#8217;IVAJ ha organitzat els Camps de Voluntariat Juvenil per a l&#8217;any 2021 que s&#8217;estan duent a terme des del 27 de juny i que finalitzen el pr\u00f2xim 15 d&#8217;agost.<\/p>\n\n\n\n<p class=\"wp-block-paragraph\">S&#8217;han organitzat un total de huit projectes: dos socials, dos de treball amb la inf\u00e0ncia, tres d&#8217;arqueologia i un mediambiental que s&#8217;han desenvolupat a Manises, Viver, X\u00e0tiva, Millares i en les instal\u00b7lacions juvenils de l&#8217;IVAJ en Alcossebre i a Teulada-Moraira.<\/p>\n\n\n\n<p class=\"wp-block-paragraph\">La vicepresidenta ha explicat que l&#8217;objectiu d&#8217;aquests projectes de voluntariat \u00e9s fomentar entre les persones joves &#8220;valors de conviv\u00e8ncia, toler\u00e0ncia, participaci\u00f3, solidaritat i aprenentatge intercultural&#8221;, al mateix temps que participen en un projecte col\u00b7lectiu de naturalesa social, arqueol\u00f2gica o mediambiental.<\/p>\n\n\n\n<p class=\"wp-block-paragraph\">A m\u00e9s dels treballs que duen a terme en els camps, el grup de voluntariat realitza excursions, visites culturals i xarrades, din\u00e0miques de grup, activitats esportives, jocs, aix\u00ed com rutes i trobades liter\u00e0ries.<\/p>\n\n\n\n<p class=\"wp-block-paragraph\">Les activitats estan adaptades a les caracter\u00edstiques de l&#8217;entorn i de les persones participants i s\u00f3n coordinades per un equip format per professionals.<\/p>\n\n\n\n<figure class=\"wp-block-image size-large\"><img loading=\"lazy\" decoding=\"async\" width=\"787\" height=\"590\" src=\"http:\/\/www.tucomarca.com\/wordpress\/segunda\/wp-content\/uploads\/2021\/08\/MillaresOltra1.jpg\" alt=\"\" class=\"wp-image-139195\" srcset=\"https:\/\/tucomarca.whitekongsoftware.com\/wp-content\/uploads\/2021\/08\/MillaresOltra1.jpg 787w, https:\/\/tucomarca.whitekongsoftware.com\/wp-content\/uploads\/2021\/08\/MillaresOltra1-300x225.jpg 300w, https:\/\/tucomarca.whitekongsoftware.com\/wp-content\/uploads\/2021\/08\/MillaresOltra1-768x576.jpg 768w, https:\/\/tucomarca.whitekongsoftware.com\/wp-content\/uploads\/2021\/08\/MillaresOltra1-678x509.jpg 678w, https:\/\/tucomarca.whitekongsoftware.com\/wp-content\/uploads\/2021\/08\/MillaresOltra1-326x245.jpg 326w, https:\/\/tucomarca.whitekongsoftware.com\/wp-content\/uploads\/2021\/08\/MillaresOltra1-80x60.jpg 80w\" sizes=\"auto, (max-width: 787px) 100vw, 787px\" \/><\/figure>\n\n\n\n<figure class=\"wp-block-gallery columns-1 is-cropped wp-block-gallery-1 is-layout-flex wp-block-gallery-is-layout-flex\"><ul class=\"blocks-gallery-grid\"><li class=\"blocks-gallery-item\"><figure><img loading=\"lazy\" decoding=\"async\" width=\"787\" height=\"558\" src=\"http:\/\/www.tucomarca.com\/wordpress\/segunda\/wp-content\/uploads\/2021\/08\/MillaresOltra5.jpg\" alt=\"\" data-id=\"139203\" data-full-url=\"http:\/\/www.tucomarca.com\/wordpress\/segunda\/wp-content\/uploads\/2021\/08\/MillaresOltra5.jpg\" data-link=\"http:\/\/www.tucomarca.com\/wordpress\/segunda\/?attachment_id=139203\" class=\"wp-image-139203\" srcset=\"https:\/\/tucomarca.whitekongsoftware.com\/wp-content\/uploads\/2021\/08\/MillaresOltra5.jpg 787w, https:\/\/tucomarca.whitekongsoftware.com\/wp-content\/uploads\/2021\/08\/MillaresOltra5-300x213.jpg 300w, https:\/\/tucomarca.whitekongsoftware.com\/wp-content\/uploads\/2021\/08\/MillaresOltra5-768x545.jpg 768w\" sizes=\"auto, (max-width: 787px) 100vw, 787px\" \/><\/figure><\/li><li class=\"blocks-gallery-item\"><figure><img loading=\"lazy\" decoding=\"async\" width=\"787\" height=\"590\" src=\"http:\/\/www.tucomarca.com\/wordpress\/segunda\/wp-content\/uploads\/2021\/08\/MillaresOltra3.jpg\" alt=\"\" data-id=\"139199\" data-full-url=\"http:\/\/www.tucomarca.com\/wordpress\/segunda\/wp-content\/uploads\/2021\/08\/MillaresOltra3.jpg\" data-link=\"http:\/\/www.tucomarca.com\/wordpress\/segunda\/?attachment_id=139199\" class=\"wp-image-139199\" srcset=\"https:\/\/tucomarca.whitekongsoftware.com\/wp-content\/uploads\/2021\/08\/MillaresOltra3.jpg 787w, https:\/\/tucomarca.whitekongsoftware.com\/wp-content\/uploads\/2021\/08\/MillaresOltra3-300x225.jpg 300w, https:\/\/tucomarca.whitekongsoftware.com\/wp-content\/uploads\/2021\/08\/MillaresOltra3-768x576.jpg 768w, https:\/\/tucomarca.whitekongsoftware.com\/wp-content\/uploads\/2021\/08\/MillaresOltra3-678x509.jpg 678w, https:\/\/tucomarca.whitekongsoftware.com\/wp-content\/uploads\/2021\/08\/MillaresOltra3-326x245.jpg 326w, https:\/\/tucomarca.whitekongsoftware.com\/wp-content\/uploads\/2021\/08\/MillaresOltra3-80x60.jpg 80w\" sizes=\"auto, (max-width: 787px) 100vw, 787px\" \/><\/figure><\/li><li class=\"blocks-gallery-item\"><figure><img loading=\"lazy\" decoding=\"async\" width=\"787\" height=\"584\" src=\"http:\/\/www.tucomarca.com\/wordpress\/segunda\/wp-content\/uploads\/2021\/08\/MillaresOltra2.jpg\" alt=\"\" data-id=\"139197\" data-full-url=\"http:\/\/www.tucomarca.com\/wordpress\/segunda\/wp-content\/uploads\/2021\/08\/MillaresOltra2.jpg\" data-link=\"http:\/\/www.tucomarca.com\/wordpress\/segunda\/?attachment_id=139197\" class=\"wp-image-139197\" srcset=\"https:\/\/tucomarca.whitekongsoftware.com\/wp-content\/uploads\/2021\/08\/MillaresOltra2.jpg 787w, https:\/\/tucomarca.whitekongsoftware.com\/wp-content\/uploads\/2021\/08\/MillaresOltra2-300x223.jpg 300w, https:\/\/tucomarca.whitekongsoftware.com\/wp-content\/uploads\/2021\/08\/MillaresOltra2-768x570.jpg 768w, https:\/\/tucomarca.whitekongsoftware.com\/wp-content\/uploads\/2021\/08\/MillaresOltra2-80x60.jpg 80w\" sizes=\"auto, (max-width: 787px) 100vw, 787px\" \/><\/figure><\/li><\/ul><\/figure>\n","protected":false},"excerpt":{"rendered":"<div class=\"mh-excerpt\">La vicepresidenta ha visitat el camp de voluntariat juvenil d&#8217;Arqueologia El Castillet de Millares organitzat per l&#8217;IVAJ Amb la col\u00b7laboraci\u00f3 de l&#8217;Ajuntament de Millares, 15 joves de 18 a 30 anys realitzen el seu voluntariat <a class=\"mh-excerpt-more\" href=\"https:\/\/tucomarca.whitekongsoftware.com\/ca\/oltra-destaca-durant-la-seua-visita-a-millares-la-contribucio-al-be-comu-dels-joves-que-dediquen-el-seu-temps-a-la-collectivitat-en-els-camps-de-voluntariat\/\" title=\"Oltra destaca durant la seua visita a Millares la contribuci\u00f3 &#8220;al b\u00e9 com\u00fa&#8221; dels joves que dediquen el seu temps a la col\u00b7lectivitat en els camps de voluntariat\">[+] <\/a><\/div>\n","protected":false},"author":12,"featured_media":139202,"comment_status":"open","ping_status":"open","sticky":false,"template":"","format":"gallery","meta":{"footnotes":""},"categories":[10898,10948,10963,10894,10903,10970,11007,10947,10896],"tags":[12014,14860,14535,11726,13368],"class_list":["post-139207","post","type-post","status-publish","format-gallery","has-post-thumbnail","category-ventana-ca","category-infraestructuras-ca","category-la-canal-de-navarres-ca","category-la-comarca-ca","category-medio-ambiente-la-comarca-ca","category-millares-ca","category-ocio-y-cultura-ca","category-politica","category-seccion-ca","tag-ayuntamiento-de-millares-ca","tag-conselleria-de-igualdad-y-politicas-inclusivas-ca","tag-el-castillet-de-millares-ca","tag-ivaj-ca","tag-monica-oltra-ca","post_format-post-format-gallery"],"_links":{"self":[{"href":"https:\/\/tucomarca.whitekongsoftware.com\/ca\/wp-json\/wp\/v2\/posts\/139207","targetHints":{"allow":["GET"]}}],"collection":[{"href":"https:\/\/tucomarca.whitekongsoftware.com\/ca\/wp-json\/wp\/v2\/posts"}],"about":[{"href":"https:\/\/tucomarca.whitekongsoftware.com\/ca\/wp-json\/wp\/v2\/types\/post"}],"author":[{"embeddable":true,"href":"https:\/\/tucomarca.whitekongsoftware.com\/ca\/wp-json\/wp\/v2\/users\/12"}],"replies":[{"embeddable":true,"href":"https:\/\/tucomarca.whitekongsoftware.com\/ca\/wp-json\/wp\/v2\/comments?post=139207"}],"version-history":[{"count":0,"href":"https:\/\/tucomarca.whitekongsoftware.com\/ca\/wp-json\/wp\/v2\/posts\/139207\/revisions"}],"wp:featuredmedia":[{"embeddable":true,"href":"https:\/\/tucomarca.whitekongsoftware.com\/ca\/wp-json\/wp\/v2\/media\/139202"}],"wp:attachment":[{"href":"https:\/\/tucomarca.whitekongsoftware.com\/ca\/wp-json\/wp\/v2\/media?parent=139207"}],"wp:term":[{"taxonomy":"category","embeddable":true,"href":"https:\/\/tucomarca.whitekongsoftware.com\/ca\/wp-json\/wp\/v2\/categories?post=139207"},{"taxonomy":"post_tag","embeddable":true,"href":"https:\/\/tucomarca.whitekongsoftware.com\/ca\/wp-json\/wp\/v2\/tags?post=139207"}],"curies":[{"name":"wp","href":"https:\/\/api.w.org\/{rel}","templated":true}]}}