{"id":139146,"date":"2021-08-09T12:00:00","date_gmt":"2021-08-09T11:00:00","guid":{"rendered":"http:\/\/www.tucomarca.com\/wordpress\/segunda\/?p=139146"},"modified":"2021-08-09T21:10:32","modified_gmt":"2021-08-09T20:10:32","slug":"cortes-de-pallas-utiel-i-san-antonio-de-benageber-acolliran-a-lagost-muntatges-florals-impulsats-per-la-diputacio","status":"publish","type":"post","link":"https:\/\/tucomarca.whitekongsoftware.com\/ca\/cortes-de-pallas-utiel-i-san-antonio-de-benageber-acolliran-a-lagost-muntatges-florals-impulsats-per-la-diputacio\/","title":{"rendered":"Cortes de Pall\u00e1s, Utiel i San Antonio de Benag\u00e9ber acolliran a l&#8217;agost muntatges florals impulsats per la Diputaci\u00f3"},"content":{"rendered":"\n<h4 class=\"wp-block-heading\">La corporaci\u00f3 provincial col\u00b7labora per segon any consecutiu en la campanya \u2018Torna la Primavera\u2019 organitzada per l&#8217;Associaci\u00f3 Nacional de Floristes amb l&#8217;objectiu de reactivar el sector<\/h4>\n\n\n\n<h4 class=\"wp-block-heading\">Utiel, Catarroja, San Antonio de Benag\u00e9ber, Cortes de Pall\u00e1s, Gandia, Benifair\u00f3 de les Valls, Godella, Bocairent, Quatretonda i Val\u00e8ncia s\u00f3n les poblacions que exhibiran els muntatges els dies 20, 21 i 22<\/h4>\n\n\n\n<p class=\"wp-block-paragraph\"><strong>9\/agost\/2021.<\/strong> La Diputaci\u00f3 de Val\u00e8ncia col\u00b7laborar\u00e0 per segon any consecutiu en l&#8217;organitzaci\u00f3 de la campanya \u2018Torna la Primavera\u2019, amb la qual el sector florista pret\u00e9n dinamitzar l&#8217;activitat interrompuda per la pand\u00e8mia i la suspensi\u00f3 de festejos populars. Entre el 20 i el 22 d&#8217;agost, una desena de municipis valencians es convertir\u00e0 en escenari dels muntatges florals impulsats per la corporaci\u00f3 provincial per a contribuir a la reactivaci\u00f3 d&#8217;este col\u00b7lectiu tradicional.<\/p>\n\n\n\n<p class=\"wp-block-paragraph\">En esta ocasi\u00f3, Catarroja i Godella a L&#8217;Horta; Quatretonda i Bocairent a La Vall d&#8217;Albaida; Gandia a La Safor; Benifair\u00f3 de les Valls al Camp de Morvedre; Cortes de Pall\u00e1s a la Vall d&#8217;Ayora-Cofrentes; San Antonio de Benag\u00e9ber al Camp de T\u00faria; Utiel a la comarca Requena-Utiel; i Val\u00e8ncia acolliran les peces ornamentals creades pels floristes amb l&#8217;objectiu de donar visibilitat al treball que desenvolupa un dels sectors afectats per la crisi econ\u00f2mica a conseq\u00fc\u00e8ncia de la Covid.<\/p>\n\n\n\n<p class=\"wp-block-paragraph\">Els 60.000 euros aportats per la Diputaci\u00f3 s&#8217;invertiran en l&#8217;adquisici\u00f3 de les flors i plantes procedents de productors i conreadors valencians, els materials necessaris per a l&#8217;elaboraci\u00f3 i el treball de ferrers i fusters per al muntatge de cada instal\u00b7laci\u00f3. A m\u00e9s, tamb\u00e9 cobrir\u00e0 les despeses b\u00e0siques dels floristes que participen en el projecte i que comptaran amb l&#8217;assessorament i seguiment de l&#8217;Associaci\u00f3 Nacional de Floristes, organitzadora de l&#8217;esdeveniment<\/p>\n\n\n\n<p class=\"wp-block-paragraph\">Els espais triats en set comarques valencianes i la capital de la prov\u00edncia seran d&#8217;especial rellev\u00e0ncia per la seua bellesa, valor arquitect\u00f2nic o inter\u00e9s cultural i hist\u00f2ric. Els deu municipis que participen enguany en la iniciativa \u2018Racons florals per a tots\u2019, impulsada per l&#8217;Associaci\u00f3 Nacional de Floristes en col\u00b7laboraci\u00f3 amb els venedors de Mercaflor, altres actors del sector i la pr\u00f2pia Diputaci\u00f3, mantindran l&#8217;ess\u00e8ncia d&#8217;un projecte que a m\u00e9s de contribuir a la dinamitzaci\u00f3 econ\u00f2mica va simbolitzar en origen la recuperaci\u00f3 de la primavera robada pel confinament.<\/p>\n\n\n\n<p class=\"wp-block-paragraph\">El president de la Diputaci\u00f3, Toni Gaspar, ha donat continu\u00eftat al conveni amb els floristes igual que ho ha fet amb altres sectors tradicionals colpejats per la pand\u00e8mia, cas dels pirot\u00e8cnics, els artistes fallers, el Gremi Artes\u00e0 de Sastres i Modistes, l&#8217;Associaci\u00f3 de Comer\u00e7os d&#8217;Indument\u00e0ria Valenciana (ASCIVA) i el Gremi de Mestres Palmiters, que participa per primera vegada en esta l\u00ednia d&#8217;ajudes. En total, m\u00e9s d&#8217;un mili\u00f3 d&#8217;euros en 2021 per a contribuir a la reactivaci\u00f3 d&#8217;estos sectors.<\/p>\n\n\n\n<p class=\"wp-block-paragraph\"><\/p>\n","protected":false},"excerpt":{"rendered":"<div class=\"mh-excerpt\">La corporaci\u00f3 provincial col\u00b7labora per segon any consecutiu en la campanya \u2018Torna la Primavera\u2019 organitzada per l&#8217;Associaci\u00f3 Nacional de Floristes amb l&#8217;objectiu de reactivar el sector Utiel, Catarroja, San Antonio de Benag\u00e9ber, Cortes de Pall\u00e1s, <a class=\"mh-excerpt-more\" href=\"https:\/\/tucomarca.whitekongsoftware.com\/ca\/cortes-de-pallas-utiel-i-san-antonio-de-benageber-acolliran-a-lagost-muntatges-florals-impulsats-per-la-diputacio\/\" title=\"Cortes de Pall\u00e1s, Utiel i San Antonio de Benag\u00e9ber acolliran a l&#8217;agost muntatges florals impulsats per la Diputaci\u00f3\">[+] <\/a><\/div>\n","protected":false},"author":12,"featured_media":139145,"comment_status":"open","ping_status":"open","sticky":false,"template":"","format":"standard","meta":{"footnotes":""},"categories":[11019,10951,10892,10953,10948,10894,10904,10947,10909,10934,10896,11059],"tags":[10899,11230,11246,11147,15273,11174,11459,11440],"class_list":["post-139146","post","type-post","status-publish","format-standard","has-post-thumbnail","category-agenda-ca","category-ayora-cofrentes-ca","category-camp-de-turia-ca","category-cortes-de-pallas-ca","category-infraestructuras-ca","category-la-comarca-ca","category-sin-categorizar-ca","category-politica","category-requena-utiel-ca","category-san-antonio-de-benageber-ca","category-seccion-ca","category-utiel-ca","tag-camp-de-turia-ca","tag-cortes-de-pallas-ca","tag-diputacio-de-valencia-ca","tag-san-antoni-de-benageber","tag-torna-la-primavera-ca","tag-utiel-ca","tag-utiel-requena-ca","tag-valle-de-ayora-cofrentes-ca"],"_links":{"self":[{"href":"https:\/\/tucomarca.whitekongsoftware.com\/ca\/wp-json\/wp\/v2\/posts\/139146","targetHints":{"allow":["GET"]}}],"collection":[{"href":"https:\/\/tucomarca.whitekongsoftware.com\/ca\/wp-json\/wp\/v2\/posts"}],"about":[{"href":"https:\/\/tucomarca.whitekongsoftware.com\/ca\/wp-json\/wp\/v2\/types\/post"}],"author":[{"embeddable":true,"href":"https:\/\/tucomarca.whitekongsoftware.com\/ca\/wp-json\/wp\/v2\/users\/12"}],"replies":[{"embeddable":true,"href":"https:\/\/tucomarca.whitekongsoftware.com\/ca\/wp-json\/wp\/v2\/comments?post=139146"}],"version-history":[{"count":0,"href":"https:\/\/tucomarca.whitekongsoftware.com\/ca\/wp-json\/wp\/v2\/posts\/139146\/revisions"}],"wp:featuredmedia":[{"embeddable":true,"href":"https:\/\/tucomarca.whitekongsoftware.com\/ca\/wp-json\/wp\/v2\/media\/139145"}],"wp:attachment":[{"href":"https:\/\/tucomarca.whitekongsoftware.com\/ca\/wp-json\/wp\/v2\/media?parent=139146"}],"wp:term":[{"taxonomy":"category","embeddable":true,"href":"https:\/\/tucomarca.whitekongsoftware.com\/ca\/wp-json\/wp\/v2\/categories?post=139146"},{"taxonomy":"post_tag","embeddable":true,"href":"https:\/\/tucomarca.whitekongsoftware.com\/ca\/wp-json\/wp\/v2\/tags?post=139146"}],"curies":[{"name":"wp","href":"https:\/\/api.w.org\/{rel}","templated":true}]}}