{"id":139118,"date":"2021-08-09T08:30:00","date_gmt":"2021-08-09T07:30:00","guid":{"rendered":"http:\/\/www.tucomarca.com\/wordpress\/segunda\/?p=139118"},"modified":"2021-08-09T21:02:08","modified_gmt":"2021-08-09T20:02:08","slug":"bunyol-contractara-cinc-professionals-per-al-seu-punt-de-trobada-familiar","status":"publish","type":"post","link":"https:\/\/tucomarca.whitekongsoftware.com\/ca\/bunyol-contractara-cinc-professionals-per-al-seu-punt-de-trobada-familiar\/","title":{"rendered":"Bunyol contractar\u00e0 cinc professionals per al seu Punt de Trobada Familiar"},"content":{"rendered":"\n<h4 class=\"wp-block-heading\">El Consistori bunyolense informa que es necessita un Treballador Social, un Educador Social, un t\u00e8cnic d&#8217;Integraci\u00f3 Social, un Auxiliar Administratiu i un t\u00e8cnic en Promoci\u00f3 d&#8217;Igualtat.&nbsp;<\/h4>\n\n\n\n<p class=\"wp-block-paragraph\">La regidoria de Benestar Social i Pol\u00edtiques Inclusives informa de la necessitat de contractaci\u00f3 de diversos perfils professionals per al Punt de Trobada Familiar que pr\u00f2ximament s&#8217;obrir\u00e0 a Bu\u00f1ol. En concret les figures professionals que es requereixen s\u00f3n:<\/p>\n\n\n\n<ul class=\"wp-block-list\"><li>1 Treballador\/a Social a mitja jornada<\/li><li>1 Educador\/a Social a mitja jornada<\/li><li>1 T\u00e8cnic d&#8217;Integraci\u00f3 Social a jornada completa<\/li><li>1 Auxiliar Administratiu a mitja jornada<\/li><li>1 T\u00e8cnic\/a en Promoci\u00f3 d&#8217;Igualtat<\/li><\/ul>\n\n\n\n<p class=\"wp-block-paragraph\">Les persones interessades hauran d&#8217;enviar curr\u00edculum a BUINSA a l&#8217;adre\u00e7a de correu: info@buinsa.com.<br>El termini de presentaci\u00f3 finalitza dilluns que ve 16 d&#8217;agost a les 14h. La selecci\u00f3 es dur\u00e0 a terme a trav\u00e9s de la fundaci\u00f3 Antonio Moreno, responsable de la gesti\u00f3 d&#8217;aquest servei dependent de la Direcci\u00f3 General d&#8217;Inf\u00e0ncia i Adolesc\u00e8ncia de la Conselleria d&#8217;Igualtat i Pol\u00edtiques Inclusives. La contractaci\u00f3 est\u00e0 prevista durant aquest mateix mes d&#8217;agost.<br>Les persones contractades seran situades en el Punt de Trobada Familiar d&#8217;Utiel de manera provisional fins que el de Bu\u00f1ol estiga en funcionament i que en aquests moments es troba en fase de licitaci\u00f3.<br>El punt de trobada familiar \u00e9s un servei espec\u00edfic que presta temporalment atenci\u00f3 professional especialitzada per a facilitar que els xiquets, les xiquetes i els adolescents puguen mantindre relacions amb els seus familiars o persones reunides durant els processos i les situacions de separaci\u00f3, divorci, protecci\u00f3 d&#8217;inf\u00e0ncia i adolesc\u00e8ncia o altres sup\u00f2sits d&#8217;interrupci\u00f3 de la conviv\u00e8ncia familiar.<br>La xarxa de punts de trobada familiar \u00e9s un recurs social, universal i espec\u00edfic per a la inf\u00e0ncia i l&#8217;adolesc\u00e8ncia, que atendr\u00e0 tant els casos derivats d&#8217;un \u00f2rgan judicial com els d&#8217;un \u00f2rgan administratiu.<br>L&#8217;edil bu\u00f1olense Carles Xerri ha explicat que \u00e9s una bona not\u00edcia que s&#8217;haja reestructurat el mapa dels PEF&#8217;s i que Bu\u00f1ol vaja a comptar amb un d&#8217;ells, ja que fins al moment moltes fam\u00edlies de la nostra comarca havien de despla\u00e7ar-se fins a Utiel per a rebre aquest servei amb la problem\u00e0tica de la llunyania respecte dels seus llocs de resid\u00e8ncia.<br>\u201cD&#8217;aquesta manera s&#8217;aposta per una millor atenci\u00f3 a la inf\u00e0ncia i adolesc\u00e8ncia aix\u00ed com a les seues fam\u00edlies\u201d, incidia el regidor Xerri.<\/p>\n","protected":false},"excerpt":{"rendered":"<div class=\"mh-excerpt\">El Consistori bunyolense informa que es necessita un Treballador Social, un Educador Social, un t\u00e8cnic d&#8217;Integraci\u00f3 Social, un Auxiliar Administratiu i un t\u00e8cnic en Promoci\u00f3 d&#8217;Igualtat.&nbsp; La regidoria de Benestar Social i Pol\u00edtiques Inclusives informa <a class=\"mh-excerpt-more\" href=\"https:\/\/tucomarca.whitekongsoftware.com\/ca\/bunyol-contractara-cinc-professionals-per-al-seu-punt-de-trobada-familiar\/\" title=\"Bunyol contractar\u00e0 cinc professionals per al seu Punt de Trobada Familiar\">[+] <\/a><\/div>\n","protected":false},"author":12,"featured_media":126023,"comment_status":"open","ping_status":"open","sticky":false,"template":"","format":"standard","meta":{"footnotes":""},"categories":[10911,10948,10894,10912,10947,10896],"tags":[15268,10913,10914,15269],"class_list":["post-139118","post","type-post","status-publish","format-standard","has-post-thumbnail","category-bunol-ca","category-infraestructuras-ca","category-la-comarca-ca","category-la-hoya-ca","category-politica","category-seccion-ca","tag-bienestar-social-y-politicas-inclusivas-ca","tag-bunol-ca","tag-la-hoya-de-bunol-chiva-ca","tag-punto-de-encuentro-familiar-ca"],"_links":{"self":[{"href":"https:\/\/tucomarca.whitekongsoftware.com\/ca\/wp-json\/wp\/v2\/posts\/139118","targetHints":{"allow":["GET"]}}],"collection":[{"href":"https:\/\/tucomarca.whitekongsoftware.com\/ca\/wp-json\/wp\/v2\/posts"}],"about":[{"href":"https:\/\/tucomarca.whitekongsoftware.com\/ca\/wp-json\/wp\/v2\/types\/post"}],"author":[{"embeddable":true,"href":"https:\/\/tucomarca.whitekongsoftware.com\/ca\/wp-json\/wp\/v2\/users\/12"}],"replies":[{"embeddable":true,"href":"https:\/\/tucomarca.whitekongsoftware.com\/ca\/wp-json\/wp\/v2\/comments?post=139118"}],"version-history":[{"count":0,"href":"https:\/\/tucomarca.whitekongsoftware.com\/ca\/wp-json\/wp\/v2\/posts\/139118\/revisions"}],"wp:featuredmedia":[{"embeddable":true,"href":"https:\/\/tucomarca.whitekongsoftware.com\/ca\/wp-json\/wp\/v2\/media\/126023"}],"wp:attachment":[{"href":"https:\/\/tucomarca.whitekongsoftware.com\/ca\/wp-json\/wp\/v2\/media?parent=139118"}],"wp:term":[{"taxonomy":"category","embeddable":true,"href":"https:\/\/tucomarca.whitekongsoftware.com\/ca\/wp-json\/wp\/v2\/categories?post=139118"},{"taxonomy":"post_tag","embeddable":true,"href":"https:\/\/tucomarca.whitekongsoftware.com\/ca\/wp-json\/wp\/v2\/tags?post=139118"}],"curies":[{"name":"wp","href":"https:\/\/api.w.org\/{rel}","templated":true}]}}