{"id":139113,"date":"2021-08-09T08:00:00","date_gmt":"2021-08-09T07:00:00","guid":{"rendered":"http:\/\/www.tucomarca.com\/wordpress\/segunda\/?p=139113"},"modified":"2021-08-09T20:59:31","modified_gmt":"2021-08-09T19:59:31","slug":"bunyol-participa-aquest-dimecres-en-rural-prix-del-programa-espanya-directe-en-la-1-drtve","status":"publish","type":"post","link":"https:\/\/tucomarca.whitekongsoftware.com\/ca\/bunyol-participa-aquest-dimecres-en-rural-prix-del-programa-espanya-directe-en-la-1-drtve\/","title":{"rendered":"Bunyol participa aquest dimecres en &#8220;Rural Prix&#8221; del programa Espanya Directe en La 1 d&#8217;RTVE"},"content":{"rendered":"\n<h4 class=\"wp-block-heading\">Els dos equips estan ja confirmats i el p\u00fablic que s&#8217;ha apuntat, ja ha cobert les 60 places disponibles.<\/h4>\n\n\n\n<p class=\"wp-block-paragraph\">Per raons de protocol anti covid es prega a la poblaci\u00f3 que com la places de p\u00fablic ja estan cobertes, que fa\u00e7a costat als concursants des de casa.<br>Aquest dimecres dia 11 d&#8217;agost, a les 17,30 hores el municipi de Bu\u00f1ol participa en directe en espai Rural Prix, que s&#8217;emet dins del programa Espanya Directe La 1 d&#8217;RTVE<br>El programa es far\u00e0 en directe des de la pla\u00e7a de la Ximenera del Molino Gal\u00e0. Els dos equips estan ja confirmats i el p\u00fablic que s&#8217;ha apuntat, ja ha cobert les 60 places disponibles. L&#8217;ajuntament posar\u00e0 tanques perqu\u00e8 nom\u00e9s puguen accedir les persones inscrites.<br>Per raons de protocol anti Covid es prega a la poblaci\u00f3 que com les places de p\u00fablic ja estan cobertes, que es fa\u00e7a costat als concursants des de casa.<\/p>\n\n\n\n<p class=\"wp-block-paragraph\"><\/p>\n","protected":false},"excerpt":{"rendered":"<div class=\"mh-excerpt\">Els dos equips estan ja confirmats i el p\u00fablic que s&#8217;ha apuntat, ja ha cobert les 60 places disponibles. Per raons de protocol anti covid es prega a la poblaci\u00f3 que com la places de <a class=\"mh-excerpt-more\" href=\"https:\/\/tucomarca.whitekongsoftware.com\/ca\/bunyol-participa-aquest-dimecres-en-rural-prix-del-programa-espanya-directe-en-la-1-drtve\/\" title=\"Bunyol participa aquest dimecres en &#8220;Rural Prix&#8221; del programa Espanya Directe en La 1 d&#8217;RTVE\">[+] <\/a><\/div>\n","protected":false},"author":12,"featured_media":139111,"comment_status":"open","ping_status":"open","sticky":false,"template":"","format":"standard","meta":{"footnotes":""},"categories":[10911,10894,10912,11007,10896],"tags":[10913,15265,10914],"class_list":["post-139113","post","type-post","status-publish","format-standard","has-post-thumbnail","category-bunol-ca","category-la-comarca-ca","category-la-hoya-ca","category-ocio-y-cultura-ca","category-seccion-ca","tag-bunol-ca","tag-grand-prix-ca","tag-la-hoya-de-bunol-chiva-ca"],"_links":{"self":[{"href":"https:\/\/tucomarca.whitekongsoftware.com\/ca\/wp-json\/wp\/v2\/posts\/139113","targetHints":{"allow":["GET"]}}],"collection":[{"href":"https:\/\/tucomarca.whitekongsoftware.com\/ca\/wp-json\/wp\/v2\/posts"}],"about":[{"href":"https:\/\/tucomarca.whitekongsoftware.com\/ca\/wp-json\/wp\/v2\/types\/post"}],"author":[{"embeddable":true,"href":"https:\/\/tucomarca.whitekongsoftware.com\/ca\/wp-json\/wp\/v2\/users\/12"}],"replies":[{"embeddable":true,"href":"https:\/\/tucomarca.whitekongsoftware.com\/ca\/wp-json\/wp\/v2\/comments?post=139113"}],"version-history":[{"count":0,"href":"https:\/\/tucomarca.whitekongsoftware.com\/ca\/wp-json\/wp\/v2\/posts\/139113\/revisions"}],"wp:featuredmedia":[{"embeddable":true,"href":"https:\/\/tucomarca.whitekongsoftware.com\/ca\/wp-json\/wp\/v2\/media\/139111"}],"wp:attachment":[{"href":"https:\/\/tucomarca.whitekongsoftware.com\/ca\/wp-json\/wp\/v2\/media?parent=139113"}],"wp:term":[{"taxonomy":"category","embeddable":true,"href":"https:\/\/tucomarca.whitekongsoftware.com\/ca\/wp-json\/wp\/v2\/categories?post=139113"},{"taxonomy":"post_tag","embeddable":true,"href":"https:\/\/tucomarca.whitekongsoftware.com\/ca\/wp-json\/wp\/v2\/tags?post=139113"}],"curies":[{"name":"wp","href":"https:\/\/api.w.org\/{rel}","templated":true}]}}