{"id":139095,"date":"2021-08-08T10:00:00","date_gmt":"2021-08-08T09:00:00","guid":{"rendered":"http:\/\/www.tucomarca.com\/wordpress\/segunda\/?p=139095"},"modified":"2021-08-09T20:48:04","modified_gmt":"2021-08-09T19:48:04","slug":"riba-roja-inicia-el-projecte-genesi-turia-que-preveu-talar-les-canyes-invasores-existents-en-80-hectarees-dextensio-i-crear-un-parc-botanic-amb-arbres-autoctons","status":"publish","type":"post","link":"https:\/\/tucomarca.whitekongsoftware.com\/ca\/riba-roja-inicia-el-projecte-genesi-turia-que-preveu-talar-les-canyes-invasores-existents-en-80-hectarees-dextensio-i-crear-un-parc-botanic-amb-arbres-autoctons\/","title":{"rendered":"Riba-roja inicia el projecte G\u00e8nesi T\u00faria que preveu talar les canyes invasores existents en 80 hect\u00e0rees d&#8217;extensi\u00f3 i crear un Parc Bot\u00e0nic amb arbres aut\u00f2ctons"},"content":{"rendered":"\n<h4 class=\"wp-block-heading\">El projecte suposa plantar 80.000 esp\u00e8cies mediterr\u00e0nies en la zona&nbsp;<\/h4>\n\n\n\n<figure class=\"wp-block-image size-large\"><img loading=\"lazy\" decoding=\"async\" width=\"1024\" height=\"576\" src=\"http:\/\/www.tucomarca.com\/wordpress\/segunda\/wp-content\/uploads\/2021\/08\/RibaGenesi1-1024x576.jpg\" alt=\"\" class=\"wp-image-139090\" srcset=\"https:\/\/tucomarca.whitekongsoftware.com\/wp-content\/uploads\/2021\/08\/RibaGenesi1-1024x576.jpg 1024w, https:\/\/tucomarca.whitekongsoftware.com\/wp-content\/uploads\/2021\/08\/RibaGenesi1-300x169.jpg 300w, https:\/\/tucomarca.whitekongsoftware.com\/wp-content\/uploads\/2021\/08\/RibaGenesi1-768x432.jpg 768w, https:\/\/tucomarca.whitekongsoftware.com\/wp-content\/uploads\/2021\/08\/RibaGenesi1-1536x864.jpg 1536w, https:\/\/tucomarca.whitekongsoftware.com\/wp-content\/uploads\/2021\/08\/RibaGenesi1-678x381.jpg 678w, https:\/\/tucomarca.whitekongsoftware.com\/wp-content\/uploads\/2021\/08\/RibaGenesi1.jpg 1599w\" sizes=\"auto, (max-width: 1024px) 100vw, 1024px\" \/><\/figure>\n\n\n\n<p class=\"wp-block-paragraph\">L&#8217;Ajuntament de Riba-roja de T\u00faria ha iniciat l&#8217;execuci\u00f3 del projecte \u201cG\u00e8nesi T\u00faria\u201d en el qual preveu la restauraci\u00f3 de 80 hect\u00e0rees de s\u00f2l situat en la ribera del riu amb l&#8217;eliminaci\u00f3 de la canya invasora que erradica les esp\u00e8cies aut\u00f2ctones. El projecte \u00e9s finan\u00e7at conjuntament per la Confederaci\u00f3 Hidrogr\u00e0fica del X\u00faquer (CHX) i la conselleria de Transici\u00f3 Ecol\u00f2gica, gr\u00e0cies als fons europeus Feder.&nbsp;<\/p>\n\n\n\n<p class=\"wp-block-paragraph\">La primera fase d&#8217;aquesta actuaci\u00f3 suposa l&#8217;eliminaci\u00f3 de les canyes existents en la ribera del riu que durant els \u00faltims anys han exhaurit les esp\u00e8cies arboris aut\u00f2ctones ja que es tracten de canyes invasores. L&#8217;actuaci\u00f3 dels operaris que treballa en el projecte se centra en l&#8217;eliminaci\u00f3 de les canyes i en la instal\u00b7laci\u00f3 d&#8217;un mantell geot\u00e8xtil damunt de les mateixes durant un any i mig perqu\u00e8, despr\u00e9s d&#8217;aquest per\u00edode de temps, no puguen tornar a reproduir-se.&nbsp;<\/p>\n\n\n\n<p class=\"wp-block-paragraph\">Es tracta d&#8217;un m\u00e8tode nou que consisteix no sols en el tall i eliminaci\u00f3 de les canyes de manera natural, sin\u00f3 que, al mateix temps, no tornen a rebrotar noves esp\u00e8cies invasores. Aquest mecanisme permet lluitar contra aquesta mena d&#8217;esp\u00e8cies que erradiquen els arbres d&#8217;origen mediterrani sense utilitzar cap mena de producte d&#8217;insecticides que estan prohibits per la Uni\u00f3 Europea. Les lones geot\u00e8xtils s\u00f3n un m\u00e8tode respectu\u00f3s amb el medi ambient.&nbsp;<\/p>\n\n\n\n<p class=\"wp-block-paragraph\">El projecte G\u00e8nesi T\u00faria \u00e9s una iniciativa que es va engendrar amb l&#8217;objectiu de recuperar les 80 hect\u00e0rees de les quals consta el parc fluvial amb un pressupost econ\u00f2mic total que aconsegueix els 5\u20196 milions d&#8217;euros, finan\u00e7ats conjuntament per la Confederaci\u00f3 Hidrogr\u00e0fica del X\u00faquer (CHX) i la Generalitat Valenciana, amb els fons europeus Feder.&nbsp;<br>La primera de les fases est\u00e0 enfocada en la restauraci\u00f3 i millora ambiental de la vegetaci\u00f3 de la ribera del riu T\u00faria, amb l&#8217;eliminaci\u00f3 adequada de les esp\u00e8cies que han colonitzat la zona d&#8217;actuaci\u00f3 i que impedeixen la seua visi\u00f3. A m\u00e9s, es restauraran les \u00e0rees forestals degradades i que tenen un valor patrimonial i ecol\u00f2gic notable. La part afectada \u00e9s propietat del Ministeri de Medi Ambient.&nbsp;<\/p>\n\n\n\n<p class=\"wp-block-paragraph\">La segona de les fases previstes en el projecte suposa la posada en valor del medi natural a trav\u00e9s d&#8217;una major difusi\u00f3 entre la ciutadania, especialment la fauna, la flora, el patrimoni cultural, l&#8217;horta del t\u00faria o l&#8217;educaci\u00f3 ambiental. En aquesta fase, la construcci\u00f3 de l&#8217;Edifici G\u00e8nesi ser\u00e0 un dels eixos fonamentals en la difusi\u00f3 del projecte i motor de dinamitzaci\u00f3 dels car\u00e0cters m\u00e9s rellevants del Parc Natural del T\u00faria en la localitat.&nbsp;<\/p>\n\n\n\n<p class=\"wp-block-paragraph\">La fase de previsi\u00f3 del reg de la repoblaci\u00f3 \u00e9s un altre dels punts importants amb unes infraestructures que permeten que la planta adquirisca el port necessari per al seu agarre i el seu creixement r\u00e0pid. D&#8217;aquesta manera, podr\u00e0 competir amb esp\u00e8cies invasores que lluiten per ocupar la seua especio en el medi natural. S&#8217;utilitzaran part de les infraestructures que s&#8217;estan creant amb el projecte Guardian, l&#8217;objectiu del qual \u00e9s apagar incendis en la zona de la Vallesa amb aig\u00fces residuals depurades.&nbsp;<\/p>\n\n\n\n<p class=\"wp-block-paragraph\">El projecte tindr\u00e0 una vig\u00e8ncia fixada d&#8217;uns 50 anys que finalitza amb la plantaci\u00f3 de les 80.000 esp\u00e8cies arb\u00f2ries en tota la ribera del T\u00faria que seran capa\u00e7os, al mateix temps, de reduir fins a 111.483 tones de di\u00f2xid de carboni (CO\u2082) i, per tant, millorar\u00e0 la qualitat de vida dels ve\u00efns i de tot l&#8217;ecosistema natural existent en la zona afectada durant aquest per\u00edode de temps.&nbsp;<\/p>\n\n\n\n<p class=\"wp-block-paragraph\">L&#8217;alcalde de Riba-roja de T\u00faria, Robert Raga, ha afirmat que aquest projecte \u201c\u00e9s molt ambici\u00f3s per a l&#8217;equip de govern ja que no sols es tracta de restaurar el parc fluvial que tanta hist\u00f2ria i beneficis ha suposat per a la nostra localitat, sin\u00f3 que, al mateix temps, l&#8217;integrarem en la vida social i econ\u00f2mica amb un parc bot\u00e0nic que servir\u00e0 com a eix dinamitzador del turisme\u201d.<\/p>\n","protected":false},"excerpt":{"rendered":"<div class=\"mh-excerpt\">El projecte suposa plantar 80.000 esp\u00e8cies mediterr\u00e0nies en la zona&nbsp; L&#8217;Ajuntament de Riba-roja de T\u00faria ha iniciat l&#8217;execuci\u00f3 del projecte \u201cG\u00e8nesi T\u00faria\u201d en el qual preveu la restauraci\u00f3 de 80 hect\u00e0rees de s\u00f2l situat en <a class=\"mh-excerpt-more\" href=\"https:\/\/tucomarca.whitekongsoftware.com\/ca\/riba-roja-inicia-el-projecte-genesi-turia-que-preveu-talar-les-canyes-invasores-existents-en-80-hectarees-dextensio-i-crear-un-parc-botanic-amb-arbres-autoctons\/\" title=\"Riba-roja inicia el projecte G\u00e8nesi T\u00faria que preveu talar les canyes invasores existents en 80 hect\u00e0rees d&#8217;extensi\u00f3 i crear un Parc Bot\u00e0nic amb arbres aut\u00f2ctons\">[+] <\/a><\/div>\n","protected":false},"author":12,"featured_media":139093,"comment_status":"open","ping_status":"open","sticky":false,"template":"","format":"standard","meta":{"footnotes":""},"categories":[10892,10948,10894,10903,10947,10906,10896],"tags":[10899,15262,15263,10907],"class_list":["post-139095","post","type-post","status-publish","format-standard","has-post-thumbnail","category-camp-de-turia-ca","category-infraestructuras-ca","category-la-comarca-ca","category-medio-ambiente-la-comarca-ca","category-politica","category-riba-roja-ca","category-seccion-ca","tag-camp-de-turia-ca","tag-genesis-turia-ca","tag-parque-botanico-ca","tag-riba-roja-del-turia-ca"],"_links":{"self":[{"href":"https:\/\/tucomarca.whitekongsoftware.com\/ca\/wp-json\/wp\/v2\/posts\/139095","targetHints":{"allow":["GET"]}}],"collection":[{"href":"https:\/\/tucomarca.whitekongsoftware.com\/ca\/wp-json\/wp\/v2\/posts"}],"about":[{"href":"https:\/\/tucomarca.whitekongsoftware.com\/ca\/wp-json\/wp\/v2\/types\/post"}],"author":[{"embeddable":true,"href":"https:\/\/tucomarca.whitekongsoftware.com\/ca\/wp-json\/wp\/v2\/users\/12"}],"replies":[{"embeddable":true,"href":"https:\/\/tucomarca.whitekongsoftware.com\/ca\/wp-json\/wp\/v2\/comments?post=139095"}],"version-history":[{"count":0,"href":"https:\/\/tucomarca.whitekongsoftware.com\/ca\/wp-json\/wp\/v2\/posts\/139095\/revisions"}],"wp:featuredmedia":[{"embeddable":true,"href":"https:\/\/tucomarca.whitekongsoftware.com\/ca\/wp-json\/wp\/v2\/media\/139093"}],"wp:attachment":[{"href":"https:\/\/tucomarca.whitekongsoftware.com\/ca\/wp-json\/wp\/v2\/media?parent=139095"}],"wp:term":[{"taxonomy":"category","embeddable":true,"href":"https:\/\/tucomarca.whitekongsoftware.com\/ca\/wp-json\/wp\/v2\/categories?post=139095"},{"taxonomy":"post_tag","embeddable":true,"href":"https:\/\/tucomarca.whitekongsoftware.com\/ca\/wp-json\/wp\/v2\/tags?post=139095"}],"curies":[{"name":"wp","href":"https:\/\/api.w.org\/{rel}","templated":true}]}}